{"id":25909,"date":"2010-09-27T10:38:06","date_gmt":"2010-09-27T07:38:06","guid":{"rendered":"http:\/\/www.korhanyilmaz.com\/?p=25909"},"modified":"2010-09-27T10:38:06","modified_gmt":"2010-09-27T07:38:06","slug":"uyutuldu-uyandirilamiyor","status":"publish","type":"post","link":"http:\/\/www.korhanyilmaz.com\/?p=25909","title":{"rendered":"Uyutuldu uyand\u0131r\u0131lam\u0131yor"},"content":{"rendered":"<p style=\"text-align: center;\"><a href=\"http:\/\/www.korhanyilmaz.com\/wp-content\/uploads\/2010\/09\/2061.jpg\"  class=\"lightview\"><img loading=\"lazy\" decoding=\"async\" class=\"aligncenter size-full wp-image-25910\" src=\"http:\/\/www.korhanyilmaz.com\/wp-content\/uploads\/2010\/09\/2061.jpg\" alt=\"\" width=\"411\" height=\"219\" \/><\/a><\/p>\n<p style=\"text-align: justify;\">Mersin&#8217;de 5 ya\u015f\u0131ndaki \u00e7ocuk, di\u015f tedavisi i\u00e7in g\u00f6t\u00fcr\u00fcld\u00fc\u011f\u00fc \u00f6zel bir hastanede, anestezi uyguland\u0131ktan sonra yap\u0131lan operasyon s\u0131ras\u0131nda ya\u015fanan sa\u011fl\u0131k sorunu nedeniyle bir daha uyand\u0131r\u0131lamad\u0131.<\/p>\n<p style=\"text-align: justify;\">12 g\u00fcnd\u00fcr uyutuldu\u011fu \u00fcniversite hastanesinde tedavisi s\u00fcren \u00e7ocu\u011fun ne zaman uyand\u0131r\u0131laca\u011f\u0131 hen\u00fcz netlik kazanmazken, h\u00fcz\u00fcnl\u00fc bir bekleyi\u015f i\u00e7ine giren aile, operasyonun yap\u0131ld\u0131\u011f\u0131 hastane ve doktorlar\u0131 su\u00e7lad\u0131.<!--more--><\/p>\n<p style=\"text-align: justify;\">MERS\u0130N &#8211; Mersin&#8217;de \u00f6zel bir \u015firkette \u00e7al\u0131\u015fan Bayram ve \u00dclker Sivas \u00e7ift\u00e7i, 5 ya\u015f\u0131ndaki ikinci \u00e7ocuklar\u0131 O\u011fuzhan&#8217;\u0131, di\u015f tedavisini yapt\u0131rabilmek i\u00e7in Akdeniz A\u011f\u0131z ve Di\u015f Sa\u011fl\u0131\u011f\u0131 Merkezi&#8217;ne g\u00f6t\u00fcrd\u00fc.<\/p>\n<p style=\"text-align: justify;\">Burada iddiaya g\u00f6re, 2 di\u015fi \u00e7ekilecek ve 6 di\u015fine de dolgu yap\u0131lacak olan \u00e7ocu\u011fun operasyonunun i\u011fne ile uyu\u015fturularak de\u011fil de anestezi uygulanarak yap\u0131lmas\u0131 gerekti\u011fi belirtildi.<\/p>\n<p style=\"text-align: justify;\"><strong>ANESTEZ\u0130 VER\u0130LD\u0130 B\u0130R DAHA UYANAMADI<\/strong><\/p>\n<p style=\"text-align: justify;\">Doktorlar\u0131n \u00f6nerisi \u00fczerine aile, \u00e7ocuklar\u0131n\u0131n tedavisinin, anestezi ile uyutulduktan sonra yap\u0131lmas\u0131na karar verdi. 13 Eyl\u00fcl g\u00fcn\u00fc yap\u0131lan operasyonda, anestezi ile uyutulduktan sonra di\u015f tedavisi ger\u00e7ekle\u015ftirilen \u00e7ocu\u011fun uyand\u0131r\u0131lmas\u0131 s\u0131ras\u0131nda sorun ya\u015fand\u0131. V\u00fccudunda kas\u0131lma meydana gelen ve oksijensiz kalan O\u011fuzhan, bir t\u00fcrl\u00fc uyand\u0131r\u0131lamazken, \u00e7ocuk hemen ba\u015fka bir \u00f6zel hastaneye kald\u0131r\u0131ld\u0131. Burada yap\u0131lan tetkiklerden de sonu\u00e7 al\u0131namay\u0131nca O\u011fuzhan Sivasl\u0131, ambulansla Mersin \u00dcniversitesi Ara\u015ft\u0131rma ve Uygulama Hastanesi&#8217;ne sevk edildi. Burada malign hipertermi (y\u00fcksek ate\u015f) te\u015fhisi konulan \u00e7ocuk, hemen tedavi alt\u0131na al\u0131nd\u0131. Ate\u015finin d\u00fc\u015fmemesi sonucu ME\u00dc Ara\u015ft\u0131rma ve Uygulama Hastanesi&#8217;nde uyutularak tedavisi s\u00fcren O\u011fuzhan&#8217;\u0131n, ne zaman uyand\u0131r\u0131laca\u011f\u0131 ise hen\u00fcz belli de\u011fil. Doktorlar bu tedavi s\u00fcrecinin 2-3 ay s\u00fcrebilece\u011fini belirtirken, aile, operasyonun yap\u0131ld\u0131\u011f\u0131 hastane ve doktorlar\u0131 su\u00e7lad\u0131.<\/p>\n<p style=\"text-align: justify;\">\u00c7ocuklar\u0131n\u0131n tedavisinin s\u00fcrd\u00fc\u011f\u00fc hastane \u00f6n\u00fcnde uzun ve endi\u015feli bir bekleyi\u015f i\u00e7ine giren baba Bayram Sivasl\u0131, di\u015f tedavisinin ger\u00e7ekle\u015ftirildi\u011fi hastane ile doktorlar hakk\u0131nda Sa\u011fl\u0131k Bakanl\u0131\u011f\u0131 ve \u0130l Sa\u011fl\u0131k M\u00fcd\u00fcrl\u00fc\u011f\u00fc&#8217;ne \u015fikayet dilek\u00e7esi verdi\u011fini s\u00f6yledi.<\/p>\n<p style=\"text-align: justify;\">\n<p style=\"text-align: justify;\">Ameliyat ba\u015flamadan \u00f6nce doldurdu\u011fu formda, o\u011flunun psikolojik (otizm) hastal\u0131\u011f\u0131 ge\u00e7irdi\u011fini belirtti\u011fini ifade eden Sivasl\u0131, &#8220;Ameliyat\u0131n yakla\u015f\u0131k bir saat s\u00fcrece\u011fi, uyand\u0131rma i\u015fleminden sonra da taburcu edilece\u011fi anlat\u0131ld\u0131.Ameliyat saat 17.00&#8217;de ba\u015flat\u0131ld\u0131. Saat 18.00 civar\u0131nda di\u015f doktorumuz ameliyat\u0131n ba\u015far\u0131l\u0131 ve sorunsuz \u015fekilde tamamland\u0131\u011f\u0131n\u0131, yar\u0131m saat i\u00e7erisinde uyand\u0131r\u0131laca\u011f\u0131 bilgisini vermesine ra\u011fmen, saat 19.00&#8217;da O\u011fuzhan&#8217;\u0131n uyand\u0131r\u0131lamad\u0131\u011f\u0131 bildirildi. Sedasyon i\u015flemini yapan Anestezi Doktoru F.Z. (Ferruh Zeydan) ile ameliyathanede sorunun ne oldu\u011fu y\u00f6n\u00fcnde g\u00f6r\u00fc\u015fmelerimizde, uyand\u0131rma esnas\u0131nda \u00e7ocu\u011fun v\u00fccudunda \u015fiddetli kas\u0131lmalar nedeniyle uyand\u0131r\u0131lamad\u0131\u011f\u0131n\u0131 anlatt\u0131. O esnada hastane doktor ve yetkililerinin, merak edilecek bir \u015fey olmad\u0131\u011f\u0131 y\u00f6n\u00fcnde telkinleriyle bekletildik.<\/p>\n<p style=\"text-align: justify;\">\u00c7ocukta kas\u0131lmalar\u0131n devam etmesi, ate\u015finin y\u00fckselmesi ve nefes al\u0131p vermekte zorlanmas\u0131 neticesinde, saat 19.50&#8217;deanestezi doktoru kuca\u011f\u0131na o\u011flum O\u011fuzhan&#8217;\u0131 da alarak ameliyathaneden hep birlikte \u00e7\u0131k\u0131p hastanenin kap\u0131s\u0131nda kime ait oldu\u011funu bilmedi\u011fimiz \u00f6zel bir ara\u00e7la ba\u015fka bir \u00f6zel hastaneye giri\u015f yapt\u0131k. Bu hastanenin \u00e7ocuk ve n\u00f6roloji doktorlar\u0131 taraf\u0131ndan, beyin tomografisi \u00e7ekilip bir tak\u0131m tahliller yap\u0131ld\u0131. Olu\u015fan vakaya te\u015fhis konulamad\u0131\u011f\u0131ndan Mersin \u00dcniversitesi Ara\u015ft\u0131rma ve Uygulama Hastanesi&#8217;ne sevk edildi. Burada \u00e7ocu\u011fuma &#8216;malign hipertermi&#8217; te\u015fhisi konuldu. O\u011flum o g\u00fcnden bu g\u00fcne, \u00e7ocuk yo\u011fun bak\u0131m\u0131nda uygulanan tedaviye cevap vermedi\u011finden bilinci kapal\u0131 olarak uyutulmaktad\u0131r&#8221; dedi.<\/p>\n<p style=\"text-align: justify;\">Bayram Sivasl\u0131, bu olayda ihmali, hatal\u0131 uygulamalar\u0131 ve mesleki yetersizli\u011fi oldu\u011funu \u00f6ne s\u00fcrd\u00fc\u011f\u00fc hastane yetkilileri ve anestezi uzman\u0131n\u0131n cezaland\u0131r\u0131lmas\u0131n\u0131 isteyerek, operasyonun ger\u00e7ekle\u015fti\u011fi hastanede, yap\u0131lamas\u0131 gereken baz\u0131 i\u015flemlerin yap\u0131lmad\u0131\u011f\u0131n\u0131 \u00f6ne s\u00fcrd\u00fc.<\/p>\n<p style=\"text-align: justify;\"><strong>TEDAV\u0130 S\u00dcREC\u0130 2-3 AY S\u00dcREB\u0130L\u0130R<\/strong><\/p>\n<p style=\"text-align: justify;\">\u00c7ocu\u011fun tedavisinin s\u00fcrd\u00fc\u011f\u00fc Mersin \u00dcniversitesi Ara\u015ft\u0131rma ve Uygulama Hastanesi Ba\u015fhekimi Erdal Doruk ise, O\u011fuzhan&#8217;\u0131n, g\u00f6rd\u00fc\u011f\u00fc bir medikal tedavi sonras\u0131 geli\u015fen bir tablo ile hastaneye geldi\u011fini belirterek, &#8220;Y\u00fcksek ate\u015f ve kas\u0131nt\u0131lar\u0131 vard\u0131. Hastan\u0131n halen yo\u011fun bak\u0131mda tedavisi devam ediyor. Tedavi gere\u011fi uyutuluyor. Durumunun ne olaca\u011f\u0131n\u0131 \u015fu an s\u00f6ylemek i\u00e7in erken. Bu s\u00fcre\u00e7 2-3 ay s\u00fcrebilir. Bundan sonras\u0131 g\u00f6zlem ve uzun s\u00fcreli tedaviye ba\u011fl\u0131 olarak ne geli\u015fece\u011fini g\u00f6rece\u011fiz. Y\u00fcksek ate\u015f ve kaslar\u0131n daha fazla kas\u0131lmas\u0131n\u0131 engellemek i\u00e7in uyutuluyor. Bu da tedavinin bir par\u00e7as\u0131. Uyand\u0131r\u0131ld\u0131\u011f\u0131nda kal\u0131c\u0131 bir hasar olup olmayaca\u011f\u0131 s\u00fcrece ba\u011fl\u0131&#8221; diye konu\u015ftu.<\/p>\n<p style=\"text-align: justify;\">\u00d6te yandan iddialarla ilgili g\u00f6r\u00fc\u015f al\u0131nmak istenen anestezi uzman\u0131na ise, t\u00fcm \u00e7abalara ra\u011fmen ula\u015f\u0131lamad\u0131. (\u0130HA)<\/p>\n<p style=\"text-align: justify;\"><span style=\"color: #888888;\">Kaynak : <a href=\"http:\/\/www.gazeteport.com.tr\/GUNCEL\/NEWS\/GP_770621\" target=\"_blank\">GAZETEPORT<\/a><\/span><\/p>\n","protected":false},"excerpt":{"rendered":"<p style=\"text-align: center;\">\n<p style=\"text-align: justify;\">Mersin&#8217;de 5 ya\u015f\u0131ndaki \u00e7ocuk, di\u015f tedavisi i\u00e7in g\u00f6t\u00fcr\u00fcld\u00fc\u011f\u00fc \u00f6zel bir hastanede, anestezi uyguland\u0131ktan sonra yap\u0131lan operasyon s\u0131ras\u0131nda ya\u015fanan sa\u011fl\u0131k sorunu nedeniyle bir daha uyand\u0131r\u0131lamad\u0131.<\/p>\n<p style=\"text-align: justify;\">12 g\u00fcnd\u00fcr uyutuldu\u011fu \u00fcniversite hastanesinde tedavisi s\u00fcren \u00e7ocu\u011fun ne zaman uyand\u0131r\u0131laca\u011f\u0131 hen\u00fcz netlik kazanmazken, h\u00fcz\u00fcnl\u00fc bir bekleyi\u015f i\u00e7ine giren aile, operasyonun yap\u0131ld\u0131\u011f\u0131 hastane ve <\/p>\n","protected":false},"author":1,"featured_media":0,"comment_status":"open","ping_status":"closed","sticky":false,"template":"","format":"standard","meta":{"footnotes":""},"categories":[105],"tags":[],"class_list":["post-25909","post","type-post","status-publish","format-standard","hentry","category-gundem","odd"],"_links":{"self":[{"href":"http:\/\/www.korhanyilmaz.com\/index.php?rest_route=\/wp\/v2\/posts\/25909","targetHints":{"allow":["GET"]}}],"collection":[{"href":"http:\/\/www.korhanyilmaz.com\/index.php?rest_route=\/wp\/v2\/posts"}],"about":[{"href":"http:\/\/www.korhanyilmaz.com\/index.php?rest_route=\/wp\/v2\/types\/post"}],"author":[{"embeddable":true,"href":"http:\/\/www.korhanyilmaz.com\/index.php?rest_route=\/wp\/v2\/users\/1"}],"replies":[{"embeddable":true,"href":"http:\/\/www.korhanyilmaz.com\/index.php?rest_route=%2Fwp%2Fv2%2Fcomments&post=25909"}],"version-history":[{"count":0,"href":"http:\/\/www.korhanyilmaz.com\/index.php?rest_route=\/wp\/v2\/posts\/25909\/revisions"}],"wp:attachment":[{"href":"http:\/\/www.korhanyilmaz.com\/index.php?rest_route=%2Fwp%2Fv2%2Fmedia&parent=25909"}],"wp:term":[{"taxonomy":"category","embeddable":true,"href":"http:\/\/www.korhanyilmaz.com\/index.php?rest_route=%2Fwp%2Fv2%2Fcategories&post=25909"},{"taxonomy":"post_tag","embeddable":true,"href":"http:\/\/www.korhanyilmaz.com\/index.php?rest_route=%2Fwp%2Fv2%2Ftags&post=25909"}],"curies":[{"name":"wp","href":"https:\/\/api.w.org\/{rel}","templated":true}]}}