{"id":25906,"date":"2010-09-27T12:32:17","date_gmt":"2010-09-27T09:32:17","guid":{"rendered":"http:\/\/www.korhanyilmaz.com\/?p=25906"},"modified":"2010-09-27T12:32:17","modified_gmt":"2010-09-27T09:32:17","slug":"erdogan-ile-kilicdaroglundan-surpriz-bulusma","status":"publish","type":"post","link":"http:\/\/www.korhanyilmaz.com\/?p=25906","title":{"rendered":"Erdo\u011fan ile K\u0131l\u0131\u00e7daro\u011flu&#8217;ndan s\u00fcrpriz bulu\u015fma"},"content":{"rendered":"<p style=\"text-align: center;\"><a href=\"http:\/\/www.korhanyilmaz.com\/wp-content\/uploads\/2010\/09\/2051.jpg\"  class=\"lightview\"><img loading=\"lazy\" decoding=\"async\" class=\"aligncenter size-full wp-image-25907\" src=\"http:\/\/www.korhanyilmaz.com\/wp-content\/uploads\/2010\/09\/2051.jpg\" alt=\"\" width=\"307\" height=\"236\" \/><\/a><\/p>\n<p style=\"text-align: justify;\">Ba\u015fbakan Recep Tayyip Erdo\u011fan ile CHP Genel Ba\u015fkan\u0131 Kemal K\u0131l\u0131\u00e7daro\u011flu, TESK&#8217;in ola\u011fan kongresi \u00f6ncesinde s\u00fcrpriz \u015fekilde k\u0131sa bir s\u00fcre g\u00f6r\u00fc\u015ft\u00fc. G\u00f6r\u00fc\u015fmede anayasa de\u011fi\u015fikli\u011fi ile t\u00fcrban konusunun g\u00fcndeme geldi\u011fi \u00f6\u011frenildi.<\/p>\n<p style=\"text-align: justify;\">Rixos Otel&#8217;de d\u00fczenlenen genel kurul \u00f6ncesinde Ba\u015fbakan Erdo\u011fan ve K\u0131l\u0131\u00e7daro\u011flu, otelde k\u0131sa bir s\u00fcre bir araya gelerek sohbet ettiler.<!--more--><\/p>\n<p style=\"text-align: justify;\">\u0130ki lider, daha sonra genel kurulun yap\u0131ld\u0131\u011f\u0131 salona birlikte ge\u00e7tiler.<\/p>\n<p style=\"text-align: justify;\">G\u00f6r\u00fc\u015fmede, Devlet Bakan\u0131 ve Ba\u015fbakan Yard\u0131mc\u0131s\u0131 Ali Babacan, Devlet Bakan\u0131 Zafer \u00c7a\u011flayan, Sanayi ve Ticaret Bakan\u0131 Nihat Erg\u00fcn&#8217;\u00fcn de bulundu\u011fu \u00f6\u011frenildi.<\/p>\n<p style=\"text-align: justify;\"><strong>Erdo\u011fan g\u00f6r\u00fc\u015fmeye ili\u015fkin bilgi verdi <\/strong><\/p>\n<p style=\"text-align: justify;\">G\u00f6r\u00fc\u015fmeye dair ilk konu\u015fan Ba\u015fbakan Erdo\u011fan oldu.<\/p>\n<p style=\"text-align: justify;\">Kongre salonunundan \u00e7\u0131k\u0131\u015f\u0131nda Erdo\u011fan, K\u0131l\u0131\u00e7daro\u011flu ile g\u00f6r\u00fc\u015fmesinde Anayasa de\u011fi\u015fikli\u011fi konusunun g\u00fcndeme gelip gelmedi\u011fi sorusu \u00fczerine, &#8220;Anayasayla ilgili olarak tabii ki g\u00f6r\u00fc\u015ft\u00fck de yani bug\u00fcn dedik meydanlarda bir \u015feyi konu\u015fuyorsun, s\u00f6yl\u00fcyorsun. Nedir? Bir ba\u015f\u00f6rt\u00fc meselesini devaml\u0131 dillendirdiniz, s\u00f6ylediniz. Ben de ne dedim? &#8216;Bug\u00fcnden tezi yok hemen ad\u0131m\u0131 atal\u0131m. Hemen ekipleri kural\u0131m, \u00e7al\u0131\u015fmaya ba\u015flayal\u0131m&#8221; dedi.<\/p>\n<p style=\"text-align: justify;\">Bir gazetecinin, &#8220;referandum sert ge\u00e7mi\u015fti yeni bir sayfa a\u00e7\u0131ld\u0131&#8221; s\u00f6zleri \u00fczerine, Erdo\u011fan, &#8220;b\u00f6yle bir \u015fey yok, s\u0131k\u0131nt\u0131 yok&#8221; diye konu\u015ftu.<\/p>\n<p style=\"text-align: justify;\">&#8220;Yeni Anayasa g\u00fcndeme geldi mi \u015feklindeki soru \u00fczerine, &#8220;Anayasayla ilgili olarak tabii ki g\u00f6r\u00fc\u015ft\u00fck de yani bug\u00fcn dedik meydanlarda bir \u015feyi konu\u015fuyorsun, s\u00f6yl\u00fcyorsun. Nedir? Bir ba\u015f\u00f6rt\u00fc meselesini devaml\u0131 dillendirdiniz, s\u00f6ylediniz. Ben de ne dedim? (Bug\u00fcnden tezi yok hemen ad\u0131m\u0131 atal\u0131m. Hemen ekipleri kural\u0131m, \u00e7al\u0131\u015fmaya ba\u015flayal\u0131m)&#8221; dedi.<\/p>\n<p style=\"text-align: justify;\"><strong>BBP&#8217;nin yorumu <\/strong><\/p>\n<p style=\"text-align: justify;\">BBP Genel Ba\u015fkan\u0131 Yal\u00e7\u0131n Top\u00e7u, Ba\u015fbakan Recep Tayyip Erdo\u011fan ile CHP Genel Ba\u015fkan\u0131 Kemal K\u0131l\u0131\u00e7daro\u011flu&#8217;nun g\u00f6r\u00fc\u015fmesi ile ilgili olarak &#8220;Bu noktaya gelmi\u015f olmalar\u0131 milletimiz ad\u0131na bizi ziyadesiyle mutlu etti&#8221; ifadesini kulland\u0131.<\/p>\n<p style=\"text-align: justify;\"><span style=\"color: #888888;\"><a href=\"http:\/\/www.cnnturk.com\/2010\/turkiye\/09\/27\/erdogan.ile.kilicdaroglundan.surpriz.bulusma\/590994.0\/index.html\" target=\"_blank\">CNN T\u00dcRK<\/a><\/span><\/p>\n","protected":false},"excerpt":{"rendered":"<p style=\"text-align: center;\">\n<p style=\"text-align: justify;\">Ba\u015fbakan Recep Tayyip Erdo\u011fan ile CHP Genel Ba\u015fkan\u0131 Kemal K\u0131l\u0131\u00e7daro\u011flu, TESK&#8217;in ola\u011fan kongresi \u00f6ncesinde s\u00fcrpriz \u015fekilde k\u0131sa bir s\u00fcre g\u00f6r\u00fc\u015ft\u00fc. G\u00f6r\u00fc\u015fmede anayasa de\u011fi\u015fikli\u011fi ile t\u00fcrban konusunun g\u00fcndeme geldi\u011fi \u00f6\u011frenildi.<\/p>\n<p style=\"text-align: justify;\">Rixos Otel&#8217;de d\u00fczenlenen genel kurul \u00f6ncesinde Ba\u015fbakan Erdo\u011fan ve K\u0131l\u0131\u00e7daro\u011flu, otelde k\u0131sa bir s\u00fcre bir araya gelerek sohbet ettiler.<\/p>\n","protected":false},"author":1,"featured_media":0,"comment_status":"open","ping_status":"closed","sticky":false,"template":"","format":"standard","meta":{"footnotes":""},"categories":[105],"tags":[],"class_list":["post-25906","post","type-post","status-publish","format-standard","hentry","category-gundem","odd"],"_links":{"self":[{"href":"http:\/\/www.korhanyilmaz.com\/index.php?rest_route=\/wp\/v2\/posts\/25906","targetHints":{"allow":["GET"]}}],"collection":[{"href":"http:\/\/www.korhanyilmaz.com\/index.php?rest_route=\/wp\/v2\/posts"}],"about":[{"href":"http:\/\/www.korhanyilmaz.com\/index.php?rest_route=\/wp\/v2\/types\/post"}],"author":[{"embeddable":true,"href":"http:\/\/www.korhanyilmaz.com\/index.php?rest_route=\/wp\/v2\/users\/1"}],"replies":[{"embeddable":true,"href":"http:\/\/www.korhanyilmaz.com\/index.php?rest_route=%2Fwp%2Fv2%2Fcomments&post=25906"}],"version-history":[{"count":0,"href":"http:\/\/www.korhanyilmaz.com\/index.php?rest_route=\/wp\/v2\/posts\/25906\/revisions"}],"wp:attachment":[{"href":"http:\/\/www.korhanyilmaz.com\/index.php?rest_route=%2Fwp%2Fv2%2Fmedia&parent=25906"}],"wp:term":[{"taxonomy":"category","embeddable":true,"href":"http:\/\/www.korhanyilmaz.com\/index.php?rest_route=%2Fwp%2Fv2%2Fcategories&post=25906"},{"taxonomy":"post_tag","embeddable":true,"href":"http:\/\/www.korhanyilmaz.com\/index.php?rest_route=%2Fwp%2Fv2%2Ftags&post=25906"}],"curies":[{"name":"wp","href":"https:\/\/api.w.org\/{rel}","templated":true}]}}