{"id":25893,"date":"2010-09-23T13:08:30","date_gmt":"2010-09-23T10:08:30","guid":{"rendered":"http:\/\/www.korhanyilmaz.com\/?p=25893"},"modified":"2010-09-23T13:08:30","modified_gmt":"2010-09-23T10:08:30","slug":"yeni-hsyk-icin-ilk-adim","status":"publish","type":"post","link":"http:\/\/www.korhanyilmaz.com\/?p=25893","title":{"rendered":"Yeni HSYK i\u00e7in ilk ad\u0131m"},"content":{"rendered":"<p style=\"text-align: center;\"><a href=\"http:\/\/www.korhanyilmaz.com\/wp-content\/uploads\/2010\/09\/201.jpg\"  class=\"lightview\"><img loading=\"lazy\" decoding=\"async\" class=\"aligncenter size-full wp-image-25894\" src=\"http:\/\/www.korhanyilmaz.com\/wp-content\/uploads\/2010\/09\/201.jpg\" alt=\"\" width=\"362\" height=\"192\" \/><\/a><\/p>\n<p style=\"text-align: justify;\">Adalet Bakan\u0131 Sadullah Ergin, HABERT\u00dcRK TV Ankara Temsilcisi \u00dcnsal \u00dcnl\u00fc&#8217;ye konu\u015ftu.<\/p>\n<p style=\"text-align: justify;\">12 Eyl\u00fcl&#8217;de yap\u0131lan referandumla kabul edilen Anayasa Paketi&#8217;nin en dikkat \u00e7ekici de\u011fi\u015fiklik maddesi Hakimler ve Savc\u0131lar Y\u00fcksek Kurulu&#8217;nun yeniden d\u00fczenlenmesiyle ilgili maddeydi. De\u011fi\u015fikli\u011fin kabul edilmesinin ard\u0131ndan g\u00f6zler, yasa de\u011fi\u015fikli\u011finin uygulanmas\u0131na zemin haz\u0131rlayacak olan kanun tasar\u0131s\u0131na \u00e7evrildi.<!--more--><\/p>\n<p style=\"text-align: justify;\">Adalet Bakan\u0131 Sadullah Ergin, HABERT\u00dcRK TV Ankara Temsilcisi \u00dcnsal \u00dcnl\u00fc&#8217;ye yapt\u0131\u011f\u0131 a\u00e7\u0131klama, &#8220;\u00c7al\u0131\u015fmay\u0131 art\u0131k arkada\u015flar\u0131m tamamlad\u0131 say\u0131l\u0131r. Pazartesi g\u00fcn\u00fc Bakanlar Kurulu&#8217;na sunar\u0131z&#8221; dedi. Tasar\u0131 ayn\u0131 zamanda Pazartesi g\u00fcn\u00fcnden itibaren bakanl\u0131\u011f\u0131n internet sitesinden de yay\u0131nlanacak. Bu yolla toplumun farkl\u0131 kesimlerinden g\u00f6r\u00fc\u015f al\u0131nmas\u0131 ve tasar\u0131n\u0131n tart\u0131\u015ft\u0131r\u0131lmas\u0131 bekleniyor.<\/p>\n<p style=\"text-align: justify;\"><span style=\"color: #888888;\">Kaynak : <a href=\"http:\/\/www.gazeteport.com.tr\/SIYASET\/NEWS\/GP_768696\" target=\"_blank\">GAZETEPORT<\/a><\/span><\/p>\n","protected":false},"excerpt":{"rendered":"<p style=\"text-align: center;\">\n<p style=\"text-align: justify;\">Adalet Bakan\u0131 Sadullah Ergin, HABERT\u00dcRK TV Ankara Temsilcisi \u00dcnsal \u00dcnl\u00fc&#8217;ye konu\u015ftu.<\/p>\n<p style=\"text-align: justify;\">12 Eyl\u00fcl&#8217;de yap\u0131lan referandumla kabul edilen Anayasa Paketi&#8217;nin en dikkat \u00e7ekici de\u011fi\u015fiklik maddesi Hakimler ve Savc\u0131lar Y\u00fcksek Kurulu&#8217;nun yeniden d\u00fczenlenmesiyle ilgili maddeydi. De\u011fi\u015fikli\u011fin kabul edilmesinin ard\u0131ndan g\u00f6zler, yasa de\u011fi\u015fikli\u011finin uygulanmas\u0131na zemin haz\u0131rlayacak olan kanun tasar\u0131s\u0131na \u00e7evrildi.<\/p>\n","protected":false},"author":1,"featured_media":0,"comment_status":"open","ping_status":"closed","sticky":false,"template":"","format":"standard","meta":{"footnotes":""},"categories":[105],"tags":[],"class_list":["post-25893","post","type-post","status-publish","format-standard","hentry","category-gundem","odd"],"_links":{"self":[{"href":"http:\/\/www.korhanyilmaz.com\/index.php?rest_route=\/wp\/v2\/posts\/25893","targetHints":{"allow":["GET"]}}],"collection":[{"href":"http:\/\/www.korhanyilmaz.com\/index.php?rest_route=\/wp\/v2\/posts"}],"about":[{"href":"http:\/\/www.korhanyilmaz.com\/index.php?rest_route=\/wp\/v2\/types\/post"}],"author":[{"embeddable":true,"href":"http:\/\/www.korhanyilmaz.com\/index.php?rest_route=\/wp\/v2\/users\/1"}],"replies":[{"embeddable":true,"href":"http:\/\/www.korhanyilmaz.com\/index.php?rest_route=%2Fwp%2Fv2%2Fcomments&post=25893"}],"version-history":[{"count":0,"href":"http:\/\/www.korhanyilmaz.com\/index.php?rest_route=\/wp\/v2\/posts\/25893\/revisions"}],"wp:attachment":[{"href":"http:\/\/www.korhanyilmaz.com\/index.php?rest_route=%2Fwp%2Fv2%2Fmedia&parent=25893"}],"wp:term":[{"taxonomy":"category","embeddable":true,"href":"http:\/\/www.korhanyilmaz.com\/index.php?rest_route=%2Fwp%2Fv2%2Fcategories&post=25893"},{"taxonomy":"post_tag","embeddable":true,"href":"http:\/\/www.korhanyilmaz.com\/index.php?rest_route=%2Fwp%2Fv2%2Ftags&post=25893"}],"curies":[{"name":"wp","href":"https:\/\/api.w.org\/{rel}","templated":true}]}}