{"id":25889,"date":"2010-09-23T12:49:33","date_gmt":"2010-09-23T09:49:33","guid":{"rendered":"http:\/\/www.korhanyilmaz.com\/?p=25889"},"modified":"2010-09-23T12:49:33","modified_gmt":"2010-09-23T09:49:33","slug":"anayasa-degisti-sira-mevzuata-geldi","status":"publish","type":"post","link":"http:\/\/www.korhanyilmaz.com\/?p=25889","title":{"rendered":"Anayasa de\u011fi\u015fti s\u0131ra mevzuata geldi"},"content":{"rendered":"<p style=\"text-align: justify;\"><a href=\"http:\/\/www.korhanyilmaz.com\/wp-content\/uploads\/2010\/09\/202.jpg\"  class=\"lightview\"><img loading=\"lazy\" decoding=\"async\" class=\"aligncenter size-full wp-image-25890\" src=\"http:\/\/www.korhanyilmaz.com\/wp-content\/uploads\/2010\/09\/202.jpg\" alt=\"\" width=\"259\" height=\"194\" \/><\/a><\/p>\n<p style=\"text-align: justify;\">Anayasan\u0131n baz\u0131 maddelerindeki de\u011fi\u015fikliklerin halk oylamas\u0131nda kabul edilmesinin ve halk oylamas\u0131 sonu\u00e7lar\u0131n\u0131n Resmi Gazete&#8217;de yay\u0131mlanmas\u0131n\u0131n ard\u0131ndan getirilen yenilikler baz\u0131 yasalarda de\u011fi\u015fiklik yap\u0131lmas\u0131 ve baz\u0131 yeni yasalar\u0131n \u00e7\u0131kar\u0131lmas\u0131yla hayata ge\u00e7irilecek.<!--more--><\/p>\n<p style=\"text-align: justify;\">ANKARA &#8211; Halk oylamas\u0131nda Anayasa&#8217;n\u0131n 24 maddesinde de\u011fi\u015fiklik \u00f6ng\u00f6ren kanunun kabul edilmesinin ard\u0131ndan, \u00f6nce bunlarla ba\u011flant\u0131l\u0131 mevzuat\u0131n g\u00f6zden ge\u00e7irilmesi i\u015flemi ba\u015flayacak ve anayasa de\u011fi\u015fikli\u011fi paralelinde, yirmiye yak\u0131n yasada de\u011fi\u015fiklik yap\u0131lmas\u0131, baz\u0131 konulara ili\u015fkin yeni yasalar\u0131n \u00e7\u0131kar\u0131lmas\u0131 s\u00f6z konusu olacak.<\/p>\n<p style=\"text-align: justify;\">Anayasada yap\u0131lan de\u011fi\u015fiklikle Anayasa Mahkemesi ile Hakimler ve Savc\u0131lar Y\u00fcksek Kurulu&#8217;nun (HSYK) \u00fcye yap\u0131s\u0131 ve i\u015fleyi\u015fi de\u011fi\u015ftirildi. Bu do\u011frultuda her iki kurumun kurulu\u015f ve g\u00f6revlerine ili\u015fkin yasalarda de\u011fi\u015fiklikler yap\u0131lacak.<\/p>\n<p style=\"text-align: justify;\">Anayasa Mahkemesi&#8217;ne ki\u015fisel ba\u015fvuru ile Meclis Ba\u015fkan\u0131, Genelkurmay Ba\u015fkan\u0131, kuvvet komutanlar\u0131 ile Jandarma Genel Komutan\u0131&#8217;n\u0131n da g\u00f6revleriyle ilgili su\u00e7lardan dolay\u0131 Y\u00fcce Divanda yarg\u0131lanmas\u0131na ili\u015fkin de\u011fi\u015fiklik de bu kapsamda g\u00fcndeme gelecek.<\/p>\n<p style=\"text-align: justify;\">Halen 11 as\u0131l 4 yedek \u00fcyeli Anayasa Mahkemesi, 17 as\u0131l \u00fcyeden olu\u015facak. Anayasa Mahkemesinin mevcut yedek \u00fcyeleri &#8221;as\u0131l \u00fcye&#8221; s\u0131fat\u0131n\u0131 kazand\u0131. Yeni yap\u0131da, TBMM 2 \u00fcyeyi, Say\u0131\u015ftay Genel Kurulunun her \u00fcyelik i\u00e7in g\u00f6sterece\u011fi 3&#8217;er; 1 \u00fcyeyi ise baro ba\u015fkanlar\u0131n\u0131n avukatlar aras\u0131ndan g\u00f6sterece\u011fi 3 aday aras\u0131ndan gizli oyla se\u00e7ecek.<\/p>\n<p style=\"text-align: justify;\">Cumhurba\u015fkan\u0131; 3 \u00fcyeyi Yarg\u0131tay, 2 \u00fcyeyi Dan\u0131\u015ftay, 1 \u00fcyeyi Askeri Yarg\u0131tay, 1 \u00fcyeyi Askeri Y\u00fcksek \u0130dare Mahkemesince her \u00fcyelik i\u00e7in g\u00f6sterilecek 3&#8217;er aday i\u00e7inden; en az ikisi hukuk\u00e7u olmak \u00fczere 3 \u00fcyeyi ise Y\u00d6K&#8217;\u00fcn, kendi \u00fcyesi olmayan y\u00fcksek \u00f6\u011fretim kurumlar\u0131 \u00f6\u011fretim \u00fcyeleri aras\u0131ndan g\u00f6sterece\u011fi 3&#8217;er aday i\u00e7inden se\u00e7ecek.<\/p>\n<p style=\"text-align: justify;\">Cumhurba\u015fkan\u0131, 4 \u00fcyeyi de \u00fcst kademe y\u00f6neticileri, serbest avukatlar, 1. s\u0131n\u0131f hakim ve savc\u0131lar ile en az 5 y\u0131l raport\u00f6rl\u00fck yapm\u0131\u015f Anayasa Mahkemesi raport\u00f6rleri aras\u0131ndan belirleyecek.<\/p>\n<p style=\"text-align: justify;\">Anayasa Mahkemesi iki b\u00f6l\u00fcm ve Genel Kurul halinde \u00e7al\u0131\u015facak. B\u00f6l\u00fcmler, ba\u015fkanvekilinin ba\u015fkanl\u0131\u011f\u0131nda 4 \u00fcyenin kat\u0131l\u0131m\u0131yla toplanacak. Genel Kurul ise mahkeme ba\u015fkan\u0131n\u0131n veya ba\u015fkan\u0131n belirleyece\u011fi ba\u015fkanvekilinin ba\u015fkanl\u0131\u011f\u0131nda en az 12 \u00fcye ile toplanacak. B\u00f6l\u00fcmler ve genel kurul, kararlar\u0131n\u0131 salt \u00e7o\u011funluk ile alacak.<\/p>\n<p style=\"text-align: justify;\">Siyasi partilere ili\u015fkin dava ve ba\u015fvurulara, iptal ve itiraz davalar\u0131 ile Y\u00fcce Divan s\u0131fat\u0131yla y\u00fcr\u00fct\u00fclecek yarg\u0131lamalara genel kurul bakacak.<\/p>\n<p style=\"text-align: justify;\">Anayasa Mahkemesi, Anayasa de\u011fi\u015fikli\u011finin iptali ile siyasi partilerin kapat\u0131lmas\u0131na ya da devlet yard\u0131m\u0131ndan yoksun b\u0131rak\u0131lmas\u0131na toplant\u0131ya kat\u0131lan \u00fcyelerin \u00fc\u00e7te ikisinin oyuyla karar verebilecek.<\/p>\n<p style=\"text-align: justify;\">\u015eekil bozuklu\u011funa dayal\u0131 iptal davalar\u0131 Anayasa Mahkemesince \u00f6ncelikle incelenip karara ba\u011flanacak.<\/p>\n<p style=\"text-align: justify;\">Anayasa Mahkemesi, Y\u00fcce Divan s\u0131fat\u0131yla bakt\u0131\u011f\u0131 davalar d\u0131\u015f\u0131nda kalan i\u015fleri dosya \u00fczerinden inceleyecek. Ancak, bireysel ba\u015fvurularda duru\u015fma yap\u0131lmas\u0131na karar verilebilecek. Mahkeme, gerekli g\u00f6rd\u00fc\u011f\u00fc hallerde s\u00f6zl\u00fc a\u00e7\u0131klamalar\u0131n\u0131 dinlemek \u00fczere ilgilileri ve konu \u00fczerinde bilgisi olanlar\u0131 \u00e7a\u011f\u0131rabilecek, siyasi partilerin kapat\u0131lmas\u0131na ili\u015fkin davalarda Yarg\u0131tay Cumhuriyet Ba\u015fsavc\u0131s\u0131ndan sonra kapat\u0131lmas\u0131 istenen siyasi partinin genel ba\u015fkanl\u0131\u011f\u0131n\u0131n veya tayin edece\u011fi bir vekilin savunmas\u0131n\u0131 dinleyecek.<\/p>\n<p style=\"text-align: justify;\">Anayasa Mahkemesi \u00fcyeleri aras\u0131ndan gizli oyla ve \u00fcye tam say\u0131s\u0131n\u0131n salt \u00e7o\u011funlu\u011fu ile 4 y\u0131l i\u00e7in bir ba\u015fkan ve iki ba\u015fkanvekili se\u00e7ilecek. G\u00f6rev s\u00fcresi bitenler yeniden se\u00e7ilebilecek.<\/p>\n<p style=\"text-align: justify;\">Anayasa Mahkemesi \u00fcyeleri 12 y\u0131l i\u00e7in se\u00e7ilecek. Bir ki\u015fi iki defa \u00fcyeli\u011fe se\u00e7ilemeyecek. 12 y\u0131ldan \u00f6nce ya\u015f s\u0131n\u0131r\u0131n\u0131 dolduran \u00fcye emekliye ayr\u0131lacak.<\/p>\n<p style=\"text-align: justify;\"><strong>B\u0130REYSEL BA\u015eVURU HAKKI<\/strong><\/p>\n<p style=\"text-align: justify;\">Anayasa&#8217;n\u0131n 148. maddesinde yap\u0131lan de\u011fi\u015fiklik ile &#8221;bireysel ba\u015fvurular\u0131 karara ba\u011flama&#8221; yetkisi de Anayasa Mahkemesi&#8217;nin g\u00f6revleri aras\u0131na eklendi.<\/p>\n<p style=\"text-align: justify;\">Anayasa&#8217;ya eklenen ge\u00e7ici 18. maddeyle &#8221;bireysel ba\u015fvuruya ili\u015fkin gerekli d\u00fczenlemelerin iki y\u0131l i\u00e7inde tamamlanaca\u011f\u0131 ve uygulama kanununun y\u00fcr\u00fcrl\u00fc\u011fe girdi\u011fi tarihten itibaren bireysel ba\u015fvurular\u0131n kabul edilece\u011fi&#8221; h\u00fckm\u00fc yer al\u0131yor.<\/p>\n<p style=\"text-align: justify;\">Bu h\u00fck\u00fcm uyar\u0131nca Mahkeme&#8217;nin &#8221;bireysel ba\u015fvurular\u0131&#8221; gerekli yasal d\u00fczenlemeler yap\u0131lmadan sonu\u00e7land\u0131rmas\u0131 m\u00fcmk\u00fcn de\u011fil. Mahkeme, gerekli yasal d\u00fczenlemeler yap\u0131ld\u0131ktan sonra bireysel ba\u015fvurular\u0131 sonu\u00e7land\u0131racak.<\/p>\n<p style=\"text-align: justify;\"><strong>Y\u00dcCE D\u0130VAN<\/strong><\/p>\n<p style=\"text-align: justify;\">Meclis Ba\u015fkan\u0131, Genelkurmay Ba\u015fkan\u0131, kuvvet komutanlar\u0131 ile Jandarma Genel Komutan\u0131 da g\u00f6revleriyle ilgili su\u00e7lardan dolay\u0131 Y\u00fcce Divan&#8217;da yarg\u0131lanacak. Y\u00fcce Divan kararlar\u0131na kar\u015f\u0131 yeniden inceleme ba\u015fvurusu yap\u0131labilecek. Genel Kurulun yeniden inceleme sonucu verdi\u011fi kararlar kesin olacak.<\/p>\n<p style=\"text-align: justify;\">Askeri Yarg\u0131tay ve Askeri Y\u00fcksek \u0130dare Mahkemesi \u00fcyeleri i\u00e7in &#8221;hakimlik teminat\u0131&#8221; ge\u00e7erli olacak.<\/p>\n<p style=\"text-align: justify;\"><strong>Y\u00dcKSEK ASKER\u0130 \u015eURA KARARLARI<\/strong><\/p>\n<p style=\"text-align: justify;\">Anayasan\u0131n, &#8221;Yarg\u0131 Yolu&#8221; ba\u015fl\u0131kl\u0131 125. maddesindeki de\u011fi\u015fiklikle, Y\u00fcksek Askeri \u015eura&#8217;n\u0131n terfi i\u015flemleri ile kadrosuzluk nedeniyle emekliye ay\u0131rma hari\u00e7, her t\u00fcrl\u00fc ili\u015fik kesme kararlar\u0131na kar\u015f\u0131 yarg\u0131 yolu a\u00e7\u0131ld\u0131. Bu \u00e7er\u00e7evede Y\u00fcksek Askeri \u015eura&#8217;n\u0131n Kurulu\u015f ve G\u00f6revleri Hakk\u0131nda Kanun&#8217;da bir de\u011fi\u015fiklik ile yarg\u0131ya ba\u015fvurunun \u015fekil ve usullerine ili\u015fkin bir d\u00fczenleme s\u00f6z konusu olacak.<\/p>\n<p style=\"text-align: justify;\">Anayasan\u0131n &#8221;Askeri Yarg\u0131&#8221; ba\u015fl\u0131kl\u0131 145. maddesinde yap\u0131lan de\u011fi\u015fiklikle de askeri yarg\u0131n\u0131n g\u00f6rev alan\u0131 yeniden belirlendi. Bu kapsamda askeri yarg\u0131ya ili\u015fkin mevzuat, ilgili ceza ve usul yasalar\u0131 ile ilgili askeri ceza ve usul yasalar\u0131nda d\u00fczenleme g\u00fcndeme gelecek.<\/p>\n<p style=\"text-align: justify;\">\u00d6te yandan, Anayasa&#8217;da yap\u0131lan bir ba\u015fka de\u011fi\u015fiklikle, yarg\u0131 yetkisinin idari eylem ve i\u015flemlerin hukuka uygunlu\u011funun denetimi ile s\u0131n\u0131rl\u0131 olmas\u0131, hi\u00e7bir surette yerindelik denetimi \u015feklinde kullan\u0131lamayaca\u011f\u0131 ilkesi getirildi. Bu konuda \u0130dari Yarg\u0131lama Usul Kanunu&#8217;nda yeni bir d\u00fczenleme gerekecek.<\/p>\n<p style=\"text-align: justify;\"><strong>ASKER\u0130 YARGI<\/strong><\/p>\n<p style=\"text-align: justify;\">Askeri yarg\u0131n\u0131n g\u00f6rev alan\u0131 yeniden belirlendi. Askeri yarg\u0131, askeri ve disiplin mahkemeleri taraf\u0131ndan y\u00fcr\u00fct\u00fclecek. Askeri mahkemeler, asker ki\u015filer taraf\u0131ndan i\u015flenen askeri su\u00e7lar ile bunlar\u0131n asker ki\u015filer aleyhine veya askerlik hizmet ve g\u00f6revleriyle ilgili olarak i\u015fledikleri su\u00e7lara ait davalara bakacak.<\/p>\n<p style=\"text-align: justify;\">Devletin g\u00fcvenli\u011fine, anayasal d\u00fczene ve d\u00fczenin i\u015fleyi\u015fine kar\u015f\u0131 su\u00e7lara ait davalar, her durumda adliye mahkemelerinde g\u00f6r\u00fclecek.<\/p>\n<p style=\"text-align: justify;\">Siviller, sava\u015f hali d\u0131\u015f\u0131nda askeri mahkemelerde yarg\u0131lanmayacak.<\/p>\n<p style=\"text-align: justify;\"><strong>HSYK&#8217;NIN YAPISI<\/strong><\/p>\n<p style=\"text-align: justify;\">Hakimler ve Savc\u0131lar Y\u00fcksek Kurulu (HSYK) yeniden yap\u0131land\u0131r\u0131ld\u0131. HSYK&#8217;n\u0131n halen 7 olan \u00fcye say\u0131s\u0131 22&#8217;e, 5 olan yedek \u00fcye say\u0131s\u0131 ise 12&#8217;a \u00e7\u0131kar\u0131ld\u0131. HSYK 3 daire halinde \u00e7al\u0131\u015facak.<\/p>\n<p style=\"text-align: justify;\">Adalet Bakan\u0131, HSYK Ba\u015fkanl\u0131\u011f\u0131 g\u00f6revini s\u00fcrd\u00fcrecek. Adalet Bakanl\u0131\u011f\u0131 M\u00fcste\u015far\u0131 da kurulda yer almaya devam edecek. Kurulun, 4 as\u0131l \u00fcyesi, y\u00fcksek \u00f6\u011fretim kurumlar\u0131n\u0131n hukuk dallar\u0131nda g\u00f6rev yapan \u00f6\u011fretim \u00fcyeleri ve avukatlar aras\u0131ndan Cumhurba\u015fkan\u0131nca; 3 as\u0131l ve 3 yedek \u00fcyesi, Yarg\u0131tay \u00fcyeleri aras\u0131ndan Yarg\u0131tay Genel Kurulunca; 2 as\u0131l ve 2 yedek \u00fcyesi, Dan\u0131\u015ftay \u00fcyeleri aras\u0131ndan Dan\u0131\u015ftay Genel Kurulunca; 1 as\u0131l ve 1 yedek \u00fcyesi, T\u00fcrkiye Adalet Akademisi Genel Kurulunca kendi \u00fcyeleri aras\u0131ndan; 7 as\u0131l ve 4 yedek \u00fcyesi, birinci s\u0131n\u0131f olup, birinci s\u0131n\u0131fa ayr\u0131lmay\u0131 gerektiren nitelikleri yitirmemi\u015f adli yarg\u0131 hakim ve savc\u0131lar\u0131 aras\u0131ndan adli yarg\u0131 hakim ve savc\u0131lar\u0131nca; 3 as\u0131l ve 2 yedek \u00fcyesi idari yarg\u0131 hakim ve savc\u0131lar\u0131 aras\u0131ndan idari yarg\u0131 hakim ve savc\u0131lar\u0131nca d\u00f6rt y\u0131l i\u00e7in se\u00e7ilecek. S\u00fcresi biten \u00fcyeler yeniden se\u00e7ilecek.<\/p>\n<p style=\"text-align: justify;\">Kurulun &#8221;meslekten \u00e7\u0131karma&#8221; cezas\u0131na ili\u015fkin kararlar\u0131na itiraz edilebilecek, ancak di\u011fer kararlar\u0131na kar\u015f\u0131 yarg\u0131 mercilerine ba\u015fvurulamayacak.<\/p>\n<p style=\"text-align: justify;\">HSYK&#8217;n\u0131n mevcut as\u0131l ve yedek \u00fcyelerinin g\u00f6revleri se\u00e7ildikleri s\u00fcrenin sonuna kadar devam edecek.<\/p>\n<p style=\"text-align: justify;\"><strong>\u00c7ALI\u015eMA HAYATINDA YEN\u0130 B\u0130R D\u00d6NEM BA\u015eLAYACAK<\/strong><\/p>\n<p style=\"text-align: justify;\">YSK taraf\u0131ndan halkoylamas\u0131na ili\u015fkin kesin sonu\u00e7lar\u0131 a\u00e7\u0131klamas\u0131n\u0131n ard\u0131ndan Anayasa&#8217;da yap\u0131lan de\u011fi\u015fiklikler y\u00fcr\u00fcrl\u00fc\u011fe girerken, \u015fimdi de g\u00f6zler yap\u0131lacak yasal d\u00fczenlemelere \u00e7evrildi. S\u00f6z konusu d\u00fczenlemelerin ard\u0131ndan \u00e7al\u0131\u015fma hayat\u0131nda da yeni bir d\u00f6nem ba\u015flayacak.<\/p>\n<p style=\"text-align: justify;\">Resmi Gazete&#8217;de yay\u0131mlanan anayasa de\u011fi\u015fiklikleriyle, Anayasa&#8217;n\u0131n &#8221;Sendika Kurma Hakk\u0131&#8221; ba\u015fl\u0131kl\u0131 51. maddesinin &#8221;Ayn\u0131 zamanda ve ayn\u0131 i\u015f kolunda birden fazla sendikaya \u00fcye olunamaz&#8221; \u015feklindeki d\u00f6rd\u00fcnc\u00fc f\u0131kras\u0131 y\u00fcr\u00fcrl\u00fckten kald\u0131r\u0131ld\u0131. Sendikalar Kanunu&#8217;nda yap\u0131lacak de\u011fi\u015fiklikle i\u015f\u00e7iler ayn\u0131 anda birden fazla sendikaya \u00fcye olabilecek.<\/p>\n<p style=\"text-align: justify;\">Anayasa&#8217;n\u0131n, ba\u015fl\u0131\u011f\u0131 &#8221;Toplu \u0130\u015f S\u00f6zle\u015fmesi ve Toplu S\u00f6zle\u015fme Hakk\u0131&#8221; \u015feklinde de\u011fi\u015ftirilen 53. maddesi ise memurlar ve kamu g\u00f6revlileri a\u00e7\u0131s\u0131ndan \u00f6nemli bir yenilik getiriyor.<\/p>\n<p style=\"text-align: justify;\">B\u00f6ylece memurlar ve di\u011fer kamu g\u00f6revlilerine, toplu s\u00f6zle\u015fme yapma hakk\u0131 tan\u0131n\u0131yor. Toplu s\u00f6zle\u015fme yap\u0131lmas\u0131 s\u0131ras\u0131nda uyu\u015fmazl\u0131k \u00e7\u0131kmas\u0131 halinde ise taraflar Kamu G\u00f6revlileri Hakem Kuruluna ba\u015fvurabilecek. Kamu G\u00f6revlileri Hakem Kurulu&#8217;nun kararlar\u0131 kesin ve toplu s\u00f6zle\u015fme h\u00fckm\u00fcnde olacak.<\/p>\n<p style=\"text-align: justify;\">Toplu s\u00f6zle\u015fme h\u00fck\u00fcmleri memur emeklilerine de yans\u0131t\u0131lacak.<\/p>\n<p style=\"text-align: justify;\">Toplu s\u00f6zle\u015fme hakk\u0131n\u0131n kapsam\u0131, istisnalar\u0131, toplu s\u00f6zle\u015fmeden yararlanacaklar, toplu s\u00f6zle\u015fmenin yap\u0131lma \u015fekli, usul\u00fc ve y\u00fcr\u00fcrl\u00fc\u011f\u00fc, toplu s\u00f6zle\u015fme h\u00fck\u00fcmlerinin emeklilere yans\u0131t\u0131lmas\u0131, Kamu G\u00f6revlileri Hakem Kurulunun te\u015fkili, \u00e7al\u0131\u015fma usul ve esaslar\u0131 ile di\u011fer hususlar Kamu G\u00f6revlileri Sendikalar\u0131 Kanunu&#8217;nda d\u00fczenlenecek.<\/p>\n<p style=\"text-align: justify;\"><strong>GREV YASAKLARI ANAYASA&#8217;DAN \u00c7IKTI<\/strong><\/p>\n<p style=\"text-align: justify;\">Anayasa&#8217;n\u0131n &#8221;Grev Hakk\u0131 ve Lokavt&#8221; ba\u015fl\u0131kl\u0131 54. maddesinde yap\u0131lan de\u011fi\u015fiklikle grev esnas\u0131nda greve kat\u0131lan i\u015f\u00e7ilerin ve sendikan\u0131n kas\u0131tl\u0131 veya kusurlu hareketleri sonucu, grev uygulanan i\u015fyerinde sebep olduklar\u0131 maddi zarardan sendika sorumlu tutulamayacak.<\/p>\n<p style=\"text-align: justify;\">Ayr\u0131ca Anayasa&#8217;daki siyasi ama\u00e7l\u0131 grev ve lokavt, dayan\u0131\u015fma grev ve lokavt\u0131, genel grev ve lokavt, i\u015fyeri i\u015fgali, i\u015fi yava\u015flatma, verim d\u00fc\u015f\u00fcrme ve di\u011fer direni\u015flere ili\u015fkin yasaklar\u0131 kald\u0131r\u0131lacak.<\/p>\n<p style=\"text-align: justify;\">Anayasa&#8217;n\u0131n 54. maddesindeki de\u011fi\u015fiklerin hayata ge\u00e7mesi i\u00e7in Sendikalar Kanunu ile Toplu \u0130\u015f S\u00f6zle\u015fmesi, Grev ve Lokavt Kanunu&#8217;nda d\u00fczenleme yap\u0131lmas\u0131 gerekiyor.<\/p>\n<p style=\"text-align: justify;\">Anayasan\u0131n, memurlar\u0131n disiplin kovu\u015fturmas\u0131 konusunda h\u00fck\u00fcmler getiren 129. maddesinde de\u011fi\u015fiklik yap\u0131larak, uyarma ve k\u0131nama cezalar\u0131 da yarg\u0131 denetimine a\u00e7\u0131l\u0131yor. Bu d\u00fczenlemede ilgili mevzuattaki de\u011fi\u015fiklikle y\u00fcr\u00fcrl\u00fc\u011fe girecek.<\/p>\n<p style=\"text-align: justify;\"><strong>YURTDI\u015eI \u00c7IKI\u015eLARI<\/strong><\/p>\n<p style=\"text-align: justify;\">Anayasa&#8217;n\u0131n 23. maddesinin 3. f\u0131kras\u0131nda yap\u0131lan de\u011fi\u015fiklikle de &#8221;vatanda\u015flar\u0131n yurt d\u0131\u015f\u0131na \u00e7\u0131k\u0131\u015flar\u0131 ancak su\u00e7 soru\u015fturmas\u0131 ve kovu\u015fturmas\u0131 sebebiyle hakim karar\u0131 ba\u011fl\u0131 olarak&#8221; s\u0131n\u0131rland\u0131r\u0131labilecek. (A.A)<\/p>\n<p style=\"text-align: justify;\"><span style=\"color: #888888;\">Kaynak : <a href=\"http:\/\/www.gazeteport.com.tr\/GUNCEL\/NEWS\/GP_768677\" target=\"_blank\">GAZETEPORT<\/a><\/span><\/p>\n","protected":false},"excerpt":{"rendered":"<p style=\"text-align: justify;\">\n<p style=\"text-align: justify;\">Anayasan\u0131n baz\u0131 maddelerindeki de\u011fi\u015fikliklerin halk oylamas\u0131nda kabul edilmesinin ve halk oylamas\u0131 sonu\u00e7lar\u0131n\u0131n Resmi Gazete&#8217;de yay\u0131mlanmas\u0131n\u0131n ard\u0131ndan getirilen yenilikler baz\u0131 yasalarda de\u011fi\u015fiklik yap\u0131lmas\u0131 ve baz\u0131 yeni yasalar\u0131n \u00e7\u0131kar\u0131lmas\u0131yla hayata ge\u00e7irilecek.<\/p>\n","protected":false},"author":1,"featured_media":0,"comment_status":"open","ping_status":"closed","sticky":false,"template":"","format":"standard","meta":{"footnotes":""},"categories":[105],"tags":[],"class_list":["post-25889","post","type-post","status-publish","format-standard","hentry","category-gundem","odd"],"_links":{"self":[{"href":"http:\/\/www.korhanyilmaz.com\/index.php?rest_route=\/wp\/v2\/posts\/25889","targetHints":{"allow":["GET"]}}],"collection":[{"href":"http:\/\/www.korhanyilmaz.com\/index.php?rest_route=\/wp\/v2\/posts"}],"about":[{"href":"http:\/\/www.korhanyilmaz.com\/index.php?rest_route=\/wp\/v2\/types\/post"}],"author":[{"embeddable":true,"href":"http:\/\/www.korhanyilmaz.com\/index.php?rest_route=\/wp\/v2\/users\/1"}],"replies":[{"embeddable":true,"href":"http:\/\/www.korhanyilmaz.com\/index.php?rest_route=%2Fwp%2Fv2%2Fcomments&post=25889"}],"version-history":[{"count":0,"href":"http:\/\/www.korhanyilmaz.com\/index.php?rest_route=\/wp\/v2\/posts\/25889\/revisions"}],"wp:attachment":[{"href":"http:\/\/www.korhanyilmaz.com\/index.php?rest_route=%2Fwp%2Fv2%2Fmedia&parent=25889"}],"wp:term":[{"taxonomy":"category","embeddable":true,"href":"http:\/\/www.korhanyilmaz.com\/index.php?rest_route=%2Fwp%2Fv2%2Fcategories&post=25889"},{"taxonomy":"post_tag","embeddable":true,"href":"http:\/\/www.korhanyilmaz.com\/index.php?rest_route=%2Fwp%2Fv2%2Ftags&post=25889"}],"curies":[{"name":"wp","href":"https:\/\/api.w.org\/{rel}","templated":true}]}}