{"id":25885,"date":"2010-09-23T19:11:38","date_gmt":"2010-09-23T16:11:38","guid":{"rendered":"http:\/\/www.korhanyilmaz.com\/?p=25885"},"modified":"2010-09-23T19:11:38","modified_gmt":"2010-09-23T16:11:38","slug":"demirtas-diyalog-surmeli","status":"publish","type":"post","link":"http:\/\/www.korhanyilmaz.com\/?p=25885","title":{"rendered":"Demirta\u015f: &#8220;Diyalog s\u00fcrmeli&#8221;"},"content":{"rendered":"<p style=\"text-align: center;\"><a href=\"http:\/\/www.korhanyilmaz.com\/wp-content\/uploads\/2010\/09\/200.jpg\"  class=\"lightview\"><img loading=\"lazy\" decoding=\"async\" class=\"aligncenter size-full wp-image-25886\" src=\"http:\/\/www.korhanyilmaz.com\/wp-content\/uploads\/2010\/09\/200.jpg\" alt=\"\" width=\"307\" height=\"236\" \/><\/a><\/p>\n<p style=\"text-align: justify;\">H\u00fck\u00fcmet ile BDP uzun s\u00fcredir yap\u0131lmas\u0131 planlanan g\u00f6r\u00fc\u015fme i\u00e7in bir araya geldi. G\u00f6r\u00fc\u015fmenin ard\u0131ndan, BDP Genel Ba\u015fkan\u0131 Selahattin Demirta\u015f, &#8220;G\u00f6r\u00fc\u015fme diyalo\u011fun olabilece\u011fini g\u00f6sterir. Ancak tek bir g\u00f6r\u00fc\u015fmeyle b\u00fct\u00fcn sorunlar \u00e7\u00f6z\u00fclmez. G\u00f6r\u00fc\u015fmeler m\u00fczakere s\u00fcrecine d\u00f6n\u00fc\u015fmeli&#8221; dedi. Ba\u015fbakan Yard\u0131mc\u0131s\u0131 Cemil \u00c7i\u00e7ek de yeni bir sayfa a\u00e7t\u0131klar\u0131n\u0131 s\u00f6yledi.<!--more--><\/p>\n<p style=\"text-align: justify;\">G\u00f6r\u00fc\u015fmeye, H\u00fck\u00fcmet kanad\u0131ndan Devlet Bakan\u0131 ve Ba\u015fbakan Yard\u0131mc\u0131s\u0131 Cemil \u00c7i\u00e7ek, Adalet Bakan\u0131 Sadulah Ergin, BDP taraf\u0131ndan ise Genel Ba\u015fkan Selahattin Demirta\u015f, Genel Ba\u015fkan Yard\u0131mc\u0131s\u0131 G\u00fcltan K\u0131\u015fanak ve BDP \u015e\u0131rnak Milletvekili Hasip Kaplan kat\u0131ld\u0131.<\/p>\n<p style=\"text-align: justify;\">TBMM&#8217;deki Ba\u015fbakanl\u0131k makam\u0131nda saat 14.05&#8217;de ba\u015flayan g\u00f6r\u00fc\u015fme, yakla\u015f\u0131k 2 saat s\u00fcrd\u00fc. Adalet Bakan\u0131 Ergin, BDP heyetini kap\u0131da kar\u015f\u0131layarak tokala\u015ft\u0131.<\/p>\n<p style=\"text-align: justify;\">Demirta\u015f, kritik g\u00f6r\u00fc\u015fme sonras\u0131 gazetecilere a\u00e7\u0131klamalarda bulundu.<\/p>\n<p style=\"text-align: justify;\">BDP lideri &#8220;\u015e\u00fcphesiz biz Meclis&#8217;te grubu bulunan bir parti olarak, g\u00f6r\u00fc\u015f al\u0131\u015fveri\u015fi s\u00fcrecini \u00e7ok \u00f6nemsiyoruz. G\u00f6r\u00fc\u015fme her\u015feyden \u00f6nce sorunlar\u0131m\u0131z\u0131n tart\u0131\u015f\u0131larak \u00e7\u00f6z\u00fclebilmesi i\u00e7in, diyalog s\u00fcrecinin ba\u015flamas\u0131 i\u00e7in vesile olur umar\u0131m&#8221; dedi.<\/p>\n<p style=\"text-align: justify;\">&#8220;H\u00fck\u00fcmet ile BDP aras\u0131nda uzla\u015fma olmas\u0131 sorunlar\u0131n \u00e7\u00f6z\u00fcm\u00fc anlam\u0131na gelmez. Bu g\u00f6r\u00fc\u015fme diyalo\u011fun olabilece\u011fini g\u00f6stermesi a\u00e7\u0131s\u0131ndan \u00f6nemli&#8221; diyen Demirta\u015f, &#8220;Yeni Anayasa s\u00fcrecinin ba\u015flamas\u0131 gerekir. Toplumsal bar\u0131\u015fa hizmet edecektir. Yeni Anayasa s\u00fcrecini destekliyoruz. Hangi yol ve y\u00f6ntemlerle haz\u0131rlanaca\u011f\u0131 konusunda da BDP olarak fikirlerimizi aktard\u0131k&#8221; \u015feklinde konu\u015ftu.<\/p>\n<p style=\"text-align: justify;\">Demirta\u015f, &#8220;Partiler aras\u0131nda diyalog s\u00fcrmezse, tek g\u00f6r\u00fc\u015fmelerden de \u00e7\u00f6z\u00fcm \u00e7\u0131kmaz. Bar\u0131\u015fa ve demokrasiye katk\u0131 sunmaya haz\u0131r\u0131z. H\u00fck\u00fcmetin de siyasi cesaret g\u00f6steren bir tutum g\u00f6stermesini temenni ediyoruz&#8221; ifadelerini kulland\u0131.<\/p>\n<p style=\"text-align: justify;\">\u00dclkenin hi\u00e7bir kentine, hi\u00e7bir cenazenin gitmemesi i\u00e7in \u00e7aba sarfetmek durumunda olan siyasi akt\u00f6rler olduklar\u0131n\u0131 dile getiren Demirta\u015f, &#8220;Bunun da sa\u011flanabilmesi, \u00e7at\u0131\u015fmas\u0131zl\u0131k ortam\u0131yla m\u00fcmk\u00fcnd\u00fcr. Elbette ki siyasi partiler, bu konuda \u00fczerine d\u00fc\u015fen rol\u00fc yerine getirebilmelidir. Bu konuda BDP olarak uzuns\u00fcreden beri \u00e7aba sarfediyoruz. Akan kan\u0131n, g\u00f6zya\u015f\u0131n\u0131n durabilmesi i\u00e7in \u00e7aba sarfetmeye devam edece\u011fiz&#8221; dedi.<\/p>\n<p style=\"text-align: justify;\">Demirta\u015f, &#8220;Meydanlarda dile getirdi\u011finiz demokratik \u00f6zerklik konusunu g\u00f6r\u00fc\u015fmede dile getirdiniz mi?&#8221; sorusunu yan\u0131tlarken, partilerinin program\u0131nda olan b\u00fct\u00fcn konular\u0131, yeni Anayasaya aktarma konusunda politika \u00fcreteceklerini kaydetti.<\/p>\n<p style=\"text-align: justify;\">Demokratik \u00f6zerklik ve ana dilde e\u011fitimin, partisinin resmi politikas\u0131 ve talebi oldu\u011funu ifade eden Demirta\u015f, her a\u015famada bunu dile getireceklerini, ancak bu konular\u0131n g\u00f6r\u00fc\u015fmenin \u00f6zel g\u00fcndemi olmad\u0131\u011f\u0131n\u0131 s\u00f6yledi.<\/p>\n<p style=\"text-align: justify;\">G\u00f6r\u00fc\u015fmelerin devam edip etmeyece\u011finin sorulmas\u0131 \u00fczerine ise Demirta\u015f, &#8220;Umut ediyorum ki olur&#8221; dedi.<\/p>\n<p style=\"text-align: justify;\">BDP Genel Ba\u015fkan\u0131 Demirta\u015f, &#8220;G\u00f6r\u00fc\u015fmede, \u0130mral\u0131&#8217;n\u0131n muhatap al\u0131nmas\u0131 y\u00f6n\u00fcnde bir s\u00f6yleminiz oldu mu?&#8221; sorusuna, &#8220;Baz\u0131 g\u00f6r\u00fc\u015fmelerin s\u00fcrd\u00fc\u011f\u00fc biliniyor. O konuda s\u00f6yleyecek yeni bir \u015fey yok&#8221; yan\u0131t\u0131n\u0131 verdi.<\/p>\n<p style=\"text-align: justify;\"><strong>&#8220;Yeni bir Anayasa isteyenlerin bu kadar g\u00fc\u00e7l\u00fc oldu\u011fu bir ortam&#8230;&#8221; <\/strong><\/p>\n<p style=\"text-align: justify;\">&#8220;K\u00fcrt sorununun \u00e7\u00f6z\u00fcm\u00fc i\u00e7in olumlu bir hava hissediyor musunuz?&#8221; sorusunu da yan\u0131tlayan Demirta\u015f, &#8220;Yeni bir Anayasa isteyenlerin bu kadar g\u00fc\u00e7l\u00fc oldu\u011fu bir ortam \u015f\u00fcphesizki olumlu bir ortamd\u0131r. Mesele, bu olumlu ortamlar\u0131 ve f\u0131rsatlar\u0131 ne kadar de\u011ferlendirebilece\u011fimizdir. Yoksa \u00e7\u00f6z\u00fcm her zaman m\u00fcmk\u00fcnd\u00fcr. Fakat f\u0131rsatlar ne kadar kullan\u0131labilir, do\u011frusu bu konuyu izlemek istiyoruz. \u0130zlemekle de yetinmeyece\u011fiz bunun m\u00fccadelesini s\u00fcrd\u00fcrece\u011fiz&#8221; diye konu\u015ftu.<\/p>\n<p style=\"text-align: justify;\">Selahattin Demirta\u015f, &#8220;G\u00f6r\u00fc\u015fmeden pozitif mi ayr\u0131lm\u0131\u015f oluyorsunuz?&#8221; sorusuna, &#8220;Bu g\u00f6r\u00fc\u015fmeye bu kadar tarihi bir anlam y\u00fcklemek do\u011fru de\u011fil, sonu\u00e7ta iki siyasi parti biraraya gelip T\u00fcrkiye&#8217;nin meselelerine ili\u015fkin g\u00f6r\u00fc\u015f al\u0131\u015f veri\u015finde bulundular. Bunlar ola\u011fan g\u00f6r\u00fc\u015fmeler olmal\u0131d\u0131r ve s\u00fcrmelidir. Bir g\u00f6r\u00fc\u015fmeyle ne \u00e7\u00f6z\u00fcm ne de \u00e7\u00f6z\u00fcms\u00fczl\u00fck \u00e7\u0131kar&#8221; yan\u0131t\u0131n\u0131 verdi.<\/p>\n<p style=\"text-align: justify;\">Ba\u015fka bir soru \u00fczerine, Ba\u015fbakan Recep Tayyip Erdo\u011fan&#8217;dan g\u00f6r\u00fc\u015fme talepleri olmayaca\u011f\u0131n\u0131 s\u00f6yleyen Demirta\u015f, g\u00f6r\u00fc\u015fmede, Demokratik Toplum Kongresinin taleplerini ilettiklerini belirtti.<\/p>\n<p style=\"text-align: justify;\"><strong>\u00c7i\u00e7ek: &#8220;Yeni bir sayfa a\u00e7t\u0131k&#8221;<\/strong><\/p>\n<p style=\"text-align: justify;\">Ba\u015fbakan Yard\u0131mc\u0131s\u0131 Cemil \u00c7i\u00e7ek de, g\u00f6r\u00fc\u015fme sonras\u0131 bas\u0131n mensuplar\u0131na a\u00e7\u0131klama yapt\u0131.<\/p>\n<p style=\"text-align: justify;\">\u00c7i\u00e7ek, BDP Genel Ba\u015fkan\u0131 Sehalattin Demirta\u015f ile g\u00f6r\u00fc\u015fmesini, &#8220;ola\u011fan, olmas\u0131 gereken, ge\u00e7mi\u015fte de zaman zaman yap\u0131lm\u0131\u015f bir g\u00f6r\u00fc\u015fme&#8221; olarak nitelendirdi ve &#8220;Bu diyalo\u011fun devam etmesinde fayda g\u00f6r\u00fcyoruz. Umut ediyoruz ki yeni sayfa a\u00e7\u0131lm\u0131\u015f olur&#8221; dedi.<\/p>\n<p style=\"text-align: justify;\">\u00c7i\u00e7ek, g\u00f6r\u00fc\u015fmelere \u00e7ok fazla \u00f6zel bir anlam y\u00fcklemenin do\u011fru olmad\u0131\u011f\u0131n\u0131 belirterek, &#8220;G\u00f6r\u00fc\u015fmeden hemencecik her \u015feyin \u00e7\u00f6z\u00fcld\u00fc\u011f\u00fc, \u00e7\u00f6z\u00fclece\u011fi veya \u00e7\u00f6z\u00fclemeyece\u011fi gibi olumlu, olumsuz anlam y\u00fcklemeyi, bundan sonraki de\u011ferlendirmeleri bunun \u00fczerinde yapmay\u0131 do\u011fru bulmuyoruz. Neticede ola\u011fan, olmas\u0131 gereken, ge\u00e7mi\u015fte de zaman zaman yap\u0131lm\u0131\u015f olan bir g\u00f6r\u00fc\u015fmedir&#8221; diye konu\u015ftu.<\/p>\n<p style=\"text-align: justify;\">Bu g\u00f6r\u00fc\u015fmelerin sadece kendileriyle de\u011fil t\u00fcm partilerle, t\u00fcm partilerin de kendileriyle bu g\u00f6r\u00fc\u015fmeleri yapmas\u0131n\u0131n milletin de \u00f6zlemi, arzusu oldu\u011funu vurgulayan \u00c7i\u00e7ek, s\u00f6zlerini \u015f\u00f6yle s\u00fcrd\u00fcrd\u00fc:<\/p>\n<p style=\"text-align: justify;\">&#8220;\u00c7\u00fcnk\u00fc konu\u015ftu\u011fumuz konular, sorunlar T\u00fcrkiye&#8217;nin sorunu, konular\u0131d\u0131r. Bir partinin, iktidar\u0131n sorunu de\u011fil. \u0130ktidarda ba\u015fka bir parti de olsa, onlar da bu sorunlarla kar\u015f\u0131 kar\u015f\u0131ya kalacakt\u0131r. Dolay\u0131s\u0131yla bu diyalo\u011fun devam etmesinde, \u015fahsen fayda g\u00f6r\u00fcyoruz. Umut ediyoruz ki yeni sayfa bu manada a\u00e7\u0131lm\u0131\u015f olur. Maalesef bu g\u00f6r\u00fc\u015fmeler gizli g\u00f6r\u00fc\u015fme olarak takdim edildi. Bu hi\u00e7 do\u011fru de\u011fil. Gizli g\u00f6r\u00fc\u015fme olsa, bu kadar bas\u0131n mensubu burada nas\u0131l toplanacakt\u0131? Gizli bir g\u00f6r\u00fc\u015fme olsa, bu Meclis \u00e7at\u0131s\u0131 alt\u0131nda niye yap\u0131ls\u0131n, herkesin rahatl\u0131kla girip \u00e7\u0131kt\u0131\u011f\u0131 bir yerde? Gizli bir g\u00f6r\u00fc\u015fme yan\u0131 yok.&#8221;<\/p>\n<p style=\"text-align: justify;\"><strong>Yeni anayasa \u00e7al\u0131\u015fmalar\u0131 <\/strong><\/p>\n<p style=\"text-align: justify;\">\u00c7i\u00e7ek, halk oylamas\u0131yla beraber yeni bir sayfa a\u00e7\u0131lmas\u0131 gerekti\u011fini belirtti. \u00c7i\u00e7ek, vatanda\u015f\u0131n y\u00fcksek standartta bir demokrasiden yana tav\u0131r koydu\u011funu ifade ederek, referandumdan \u00e7\u0131kan y\u00fczde 58 oran\u0131ndaki &#8220;evet&#8221;in birinci mesaj\u0131n\u0131n bu oldu\u011funu kaydetti.<\/p>\n<p style=\"text-align: justify;\">Milletin, toplumun, temel tercih olarak demokrasiyi se\u00e7ti\u011fini dile getiren \u00c7i\u00e7ek, &#8220;Demokrasiyi tercih etti\u011fimize g\u00f6re, bu mevsimlik, ge\u00e7ici de\u011fil, bir temel tercih. Kaliteli bir demokrasi, y\u00fcksek standartta bir demokrasi&#8230; Bunun yolu \u00e7a\u011fda\u015f normlara, anlay\u0131\u015flara uygun yeni bir anayasadan ge\u00e7iyor&#8221; dedi.<\/p>\n<p style=\"text-align: justify;\">\u00c7i\u00e7ek, bunu 2007 se\u00e7imlerine giderken de sonras\u0131nda da s\u00f6ylediklerini an\u0131msatarak, s\u00f6zlerini \u015f\u00f6yle s\u00fcrd\u00fcrd\u00fc: &#8220;Ama maalesef hepinizin bildi\u011fi ve halk oylamas\u0131 s\u00fcresince de uzun uzun anlatt\u0131\u011f\u0131m\u0131z sebeplerden dolay\u0131 bunu ger\u00e7ekle\u015ftirmek m\u00fcmk\u00fcn olmad\u0131. \u015eimdi b\u00f6yle bir ortam\u0131n var oldu\u011funu d\u00fc\u015f\u00fcn\u00fcyoruz. Bunun i\u00e7in de yeni bir anayasa m\u00fczakeresine, seviyeli bir tart\u0131\u015fmaya, konuyu sapt\u0131rmadan kendi ba\u011flam\u0131nda tutarak yeni bir anayasa \u00e7al\u0131\u015fmas\u0131na, tart\u0131\u015fmas\u0131na ihtiya\u00e7 var. \u00c7\u00fcnk\u00fc biz biliyoruz ki bir \u00e7ok sorun bug\u00fcnk\u00fc anayasadan kaynaklan\u0131yor. Toplumdaki bir k\u0131s\u0131m gerginliklerin ya da bir k\u0131s\u0131m sorunlar\u0131n \u00e7\u00f6z\u00fclememesinin temelinde anayasan\u0131n felsefesi, anayasan\u0131n \u00f6ncelikleri yat\u0131yor.<\/p>\n<p style=\"text-align: justify;\">\u0130\u015fte 12 Eyl\u00fcl&#8217;de yap\u0131lan halk oylamas\u0131, siyaset kurumuna da konuya ilgi duyanlara da bir mesajd\u0131r. Toplum diyor ki &#8216;bize yeni bir anayasa yap\u0131n&#8217;. Bunun i\u00e7in de bug\u00fcnden \u00e7a\u011fr\u0131da bulunuyoruz. \u00d6ncelikle, konuya ilgi duyan hemen herkes, en ba\u015fta siyasi partiler, sivil toplum \u00f6rg\u00fctleri ve meslek kurulu\u015flar\u0131 dahil, her defas\u0131nda esas\u0131n \u00f6n\u00fcne ge\u00e7en ve en \u00f6nemli konular\u0131n ger\u00e7ekle\u015fmesinin \u00f6n\u00fcndeki en b\u00fcy\u00fck engel g\u00f6z\u00fcken &#8216;y\u00f6ntem&#8217; konusunu tart\u0131\u015f\u0131lmam\u0131z gerekiyor.&#8221;<\/p>\n<p style=\"text-align: justify;\"><strong>&#8220;Kan, g\u00f6zya\u015f\u0131 d\u00f6k\u00fclmeden \u00e7\u00f6zme imkan\u0131 var&#8221; <\/strong><\/p>\n<p style=\"text-align: justify;\">Cemil \u00c7i\u00e7ek, &#8220;Bir taslak haz\u0131rlayal\u0131m, toplumun \u00f6n\u00fcne sunal\u0131m&#8221; dediklerinde, &#8220;Siz anayasay\u0131 kendinize g\u00f6re mi haz\u0131rl\u0131yorsunuz&#8221; \u015feklinde tepki g\u00f6sterildi\u011fini an\u0131msatt\u0131.<\/p>\n<p style=\"text-align: justify;\">Mecliste uzla\u015fma komisyonu kurulmas\u0131 \u00f6nerilerine, baz\u0131lar\u0131n\u0131n olumlu cevap vermediklerine i\u015faret eden \u00c7i\u00e7ek, \u015funlar\u0131 kaydetti:  &#8220;Halk oylamas\u0131na sunulan \u015fekliyle bir y\u00f6ntem denemeye \u00e7al\u0131\u015ft\u0131k, &#8216;bize dan\u0131\u015f\u0131lmad\u0131, bizimle konu\u015fulmad\u0131, uzla\u015fma olmad\u0131&#8230;&#8217; 2 aydan uzun bir s\u00fcre bunu tart\u0131\u015ft\u0131k. \u015eimdi o zaman millet 12 Eyl\u00fcl ile beraber b\u00f6yle bir mesaj verdi\u011fine g\u00f6re kim bu konuyla ilgili fikir s\u00f6yleyecekse evvela nas\u0131l bir y\u00f6ntemle bu yeni anayasan\u0131n yap\u0131lmas\u0131n\u0131 istiyorsa bunu a\u00e7\u0131kl\u0131\u011fa kavu\u015fturmal\u0131. \u0130kinci olarak da i\u00e7eri\u011fiyle ilgili bu \u00e7al\u0131\u015fmalar\u0131 \u015fimdi ba\u015flatal\u0131m. Herkes kendi y\u00f6n\u00fcnden ba\u015flas\u0131n. \u0130cap ediyorsa bir araya gelip ba\u015flatal\u0131m.<\/p>\n<p style=\"text-align: justify;\">\u00c7\u00fcnk\u00fc her defas\u0131nda bu anayasa de\u011fi\u015fikli\u011fi veya \u00f6nemli konular oldu\u011funda klasik bir mazeret g\u00fcndeme geliyor; &#8216;aceleye getiriliyor, \u015fimdi s\u0131ras\u0131 de\u011fil, daha sonra&#8217;&#8230; Niye bunlar\u0131 yeteri kadar tart\u0131\u015fm\u0131yoruz. \u015eimdi \u00f6n\u00fcm\u00fczde yeteri kadar zaman da var f\u0131rsat da var. Dolay\u0131s\u0131yla bug\u00fcnk\u00fc g\u00f6r\u00fc\u015fmede, bu anayasa konusu, bu \u00e7er\u00e7evede g\u00fcndeme gelmi\u015ftir. Hem y\u00f6ntem hem de i\u00e7erik itibariyle.&#8221;<\/p>\n<p style=\"text-align: justify;\">Konu\u015ftuklar\u0131 ikinci konu hakk\u0131nda da bilgi veren \u00c7i\u00e7ek, \u00fclkede herkesin y\u00fcre\u011fini yakan, yeteri kadar kan ve g\u00f6zya\u015f\u0131 d\u00f6k\u00fcld\u00fc\u011f\u00fcn\u00fc dile getirdi. \u00c7i\u00e7ek, bu i\u015flerin bitmesi gerekti\u011fine i\u015faret ederek, art\u0131k cebir, \u015fiddet ve ter\u00f6r\u00fc bir sorun \u00e7\u00f6zme y\u00f6ntemi olarak g\u00fcndemlerinden kesinlikle \u00e7\u0131karmalar\u0131 gerekti\u011fini vurgulad\u0131.<\/p>\n<p style=\"text-align: justify;\">Cemil \u00c7i\u00e7ek, demokrasi ve hukuk \u00e7er\u00e7evesinde zaten her konuyu tart\u0131\u015ft\u0131klar\u0131n\u0131, tart\u0131\u015fabileceklerini kaydederek, &#8220;B\u00f6ylece bu \u00fclkenin ne sorunu varsa demokrasi, hukuk kanallar\u0131ndan giderek \u00e7\u00f6z\u00fcme kavu\u015fturabiliriz veya \u00e7\u00f6z\u00fcm yolunda \u00f6nemli bir mecraya bu sorunlar\u0131 y\u00f6nlendirmi\u015f olabiliriz. Biz inan\u0131yoruz ki bu \u00fclkenin \u00e7\u00f6z\u00fclemeyecek sorunu yok ve bunu da kan, g\u00f6zya\u015f\u0131 d\u00f6k\u00fclmeden \u00e7\u00f6zme imkan\u0131 vard\u0131r. Yeter ki bu noktada demokrasiyi ve hukuku \u00e7\u00f6z\u00fcm noktas\u0131nda bir \u00f6nemli imkan, atmosfer olarak g\u00f6relim&#8221; diye konu\u015ftu.<\/p>\n<p style=\"text-align: justify;\"><strong>&#8220;Herkesle konu\u015fmaya var\u0131z&#8221; <\/strong><\/p>\n<p style=\"text-align: justify;\">Vatanda\u015f\u0131n, diyalog yoluyla sorunlar\u0131n \u00e7\u00f6z\u00fclmesini istedi\u011fini belirten \u00c7i\u00e7ek, halk oylamas\u0131 s\u00fcrecinde gittikleri her yerde vatanda\u015flar\u0131n, &#8220;Niye oturup bir araya gelmiyorsunuz, niye bu i\u015fleri konu\u015fmuyorsunuz?&#8221; dedi\u011fini anlatt\u0131.<\/p>\n<p style=\"text-align: justify;\">&#8220;Biz konu\u015fmaya ba\u015flad\u0131k. Biz \u00fclkenin her sorununu herkesle konu\u015fmaya var\u0131z. Herkesle konu\u015faca\u011f\u0131z, tart\u0131\u015faca\u011f\u0131z ve sorunlar\u0131 demokrasi, hukuk i\u00e7inde kalarak \u00e7\u00f6zmeye gayret edece\u011fiz. Bu manada bu g\u00fcnk\u00fc g\u00f6r\u00fc\u015fme \u015fahsi kanaatim itibariyle faydal\u0131 bir g\u00f6r\u00fc\u015fme olmu\u015ftur&#8221; diyen \u00c7i\u00e7ek, \u015f\u00f6yle devam etti:<\/p>\n<p style=\"text-align: justify;\">&#8220;(G\u00f6r\u00fc\u015ft\u00fcler de ne oldu) gibi ne k\u00fc\u00e7\u00fcmsenecek ne de abart\u0131lacak bir zemine oturtmadan, g\u00f6r\u00fc\u015f\u00fclm\u00fc\u015f olmas\u0131n\u0131n bile \u00f6nemli oldu\u011fu kanaatini ta\u015f\u0131yoruz. Bundan sonra da \u00fcmit ediyoruz ki f\u0131rsat bulduk\u00e7a sadece BDP ile de\u011fil, Meclisteki her partiyle her konuyu konu\u015fma noktas\u0131nda yeni bir sayfay\u0131 ba\u015flatm\u0131\u015f oluruz. Biz g\u00f6r\u00fc\u015ft\u00fc\u011f\u00fcm\u00fcz gibi partilerimiz de birbirleriyle g\u00f6r\u00fc\u015febilirler ve g\u00f6r\u00fc\u015fmeliler ki bu \u00e7at\u0131, TBMM sorunlar\u0131n \u00e7\u00f6z\u00fclece\u011fi tek adres olsun. \u0130nanc\u0131m\u0131z bu. Bu \u00e7at\u0131n\u0131n d\u0131\u015f\u0131nda da \u00e7\u00f6z\u00fcm aranacak ba\u015fka bir yer yoktur, olamaz, olmamal\u0131d\u0131r.&#8221;<\/p>\n<p style=\"text-align: justify;\"><strong>STK&#8217;lardan g\u00f6r\u00fc\u015fmeye destek <\/strong><\/p>\n<p style=\"text-align: justify;\">Bu arada, Malatya &#8216;da bir araya gelen 81 sivil toplum \u00f6rg\u00fct\u00fc temsilcileri, H\u00fck\u00fcmet ile BDP&#8217;nin g\u00f6r\u00fc\u015fmelerini desteklediklerini duyurdu.<\/p>\n<p style=\"text-align: justify;\">Malatya Gazeteciler Cemiyeti&#8217;nde Mazlumder ve \u0130nsan Haklar\u0131 Derne\u011fi temsilcileri \u00f6nc\u00fcl\u00fc\u011f\u00fcnde d\u00fczenlenen bas\u0131n toplant\u0131s\u0131nda &#8220;eylemsizlik&#8221; s\u00fcrecinin k\u0131r\u0131lgan oldu\u011funa dikkat \u00e7ekildi.<\/p>\n<p style=\"text-align: justify;\">81 sivil toplum kurulu\u015funu temsilen konu\u015fan Mazlumder Malatya \u015eube Ba\u015fkan\u0131 Kadir Y\u0131lmaz, eylemsizlik s\u00fcrecinin kal\u0131c\u0131 bar\u0131\u015fa evrilmesini istediklerini dile getirdi.<\/p>\n<p style=\"text-align: justify;\"><a href=\"http:\/\/www.cnnturk.com\/2010\/turkiye\/09\/23\/demirtas.diyalog.surmeli\/590628.0\/index.html\" target=\"_blank\"><span style=\"color: #888888;\">CNN T\u00dcRK<\/span><\/a><\/p>\n","protected":false},"excerpt":{"rendered":"<p style=\"text-align: center;\">\n<p style=\"text-align: justify;\">H\u00fck\u00fcmet ile BDP uzun s\u00fcredir yap\u0131lmas\u0131 planlanan g\u00f6r\u00fc\u015fme i\u00e7in bir araya geldi. G\u00f6r\u00fc\u015fmenin ard\u0131ndan, BDP Genel Ba\u015fkan\u0131 Selahattin Demirta\u015f, &#8220;G\u00f6r\u00fc\u015fme diyalo\u011fun olabilece\u011fini g\u00f6sterir. Ancak tek bir g\u00f6r\u00fc\u015fmeyle b\u00fct\u00fcn sorunlar \u00e7\u00f6z\u00fclmez. G\u00f6r\u00fc\u015fmeler m\u00fczakere s\u00fcrecine d\u00f6n\u00fc\u015fmeli&#8221; dedi. Ba\u015fbakan Yard\u0131mc\u0131s\u0131 Cemil \u00c7i\u00e7ek de yeni bir sayfa a\u00e7t\u0131klar\u0131n\u0131 s\u00f6yledi.<\/p>\n","protected":false},"author":1,"featured_media":0,"comment_status":"open","ping_status":"closed","sticky":false,"template":"","format":"standard","meta":{"footnotes":""},"categories":[105],"tags":[],"class_list":["post-25885","post","type-post","status-publish","format-standard","hentry","category-gundem","odd"],"_links":{"self":[{"href":"http:\/\/www.korhanyilmaz.com\/index.php?rest_route=\/wp\/v2\/posts\/25885","targetHints":{"allow":["GET"]}}],"collection":[{"href":"http:\/\/www.korhanyilmaz.com\/index.php?rest_route=\/wp\/v2\/posts"}],"about":[{"href":"http:\/\/www.korhanyilmaz.com\/index.php?rest_route=\/wp\/v2\/types\/post"}],"author":[{"embeddable":true,"href":"http:\/\/www.korhanyilmaz.com\/index.php?rest_route=\/wp\/v2\/users\/1"}],"replies":[{"embeddable":true,"href":"http:\/\/www.korhanyilmaz.com\/index.php?rest_route=%2Fwp%2Fv2%2Fcomments&post=25885"}],"version-history":[{"count":0,"href":"http:\/\/www.korhanyilmaz.com\/index.php?rest_route=\/wp\/v2\/posts\/25885\/revisions"}],"wp:attachment":[{"href":"http:\/\/www.korhanyilmaz.com\/index.php?rest_route=%2Fwp%2Fv2%2Fmedia&parent=25885"}],"wp:term":[{"taxonomy":"category","embeddable":true,"href":"http:\/\/www.korhanyilmaz.com\/index.php?rest_route=%2Fwp%2Fv2%2Fcategories&post=25885"},{"taxonomy":"post_tag","embeddable":true,"href":"http:\/\/www.korhanyilmaz.com\/index.php?rest_route=%2Fwp%2Fv2%2Ftags&post=25885"}],"curies":[{"name":"wp","href":"https:\/\/api.w.org\/{rel}","templated":true}]}}