{"id":25874,"date":"2010-09-22T23:11:55","date_gmt":"2010-09-22T20:11:55","guid":{"rendered":"http:\/\/www.korhanyilmaz.com\/?p=25874"},"modified":"2010-09-22T23:11:55","modified_gmt":"2010-09-22T20:11:55","slug":"sanat-galerisine-icki-baskini","status":"publish","type":"post","link":"http:\/\/www.korhanyilmaz.com\/?p=25874","title":{"rendered":"Sanat galerisine &#8220;i\u00e7ki bask\u0131n\u0131&#8221;"},"content":{"rendered":"<p style=\"text-align: justify;\"><a href=\"http:\/\/www.korhanyilmaz.com\/wp-content\/uploads\/2010\/09\/218.jpg\"  class=\"lightview\"><img loading=\"lazy\" decoding=\"async\" class=\"size-full wp-image-25875 aligncenter\" src=\"http:\/\/www.korhanyilmaz.com\/wp-content\/uploads\/2010\/09\/218.jpg\" alt=\"\" width=\"289\" height=\"194\" \/><\/a><\/p>\n<p style=\"text-align: justify;\">\u0130stanbul Tophane&#8217;de bir sanat galerisi 20 ki\u015filik grubun sald\u0131r\u0131s\u0131na u\u011frad\u0131. \u0130ddiaya g\u00f6re, davette i\u00e7ki i\u00e7ildi\u011fini gerek\u00e7e g\u00f6steren sald\u0131rganlar galerinin camlar\u0131n\u0131 k\u0131rd\u0131, davetlilere sald\u0131rd\u0131. Olayda 5 ki\u015fi yaraland\u0131. Ayn\u0131 caddede 2 galeriye daha zarar verildi. Olayla ilgili g\u00f6zalt\u0131na al\u0131nan 7 ki\u015fi daha sonra serbest b\u0131rak\u0131ld\u0131.<!--more--><\/p>\n<p style=\"text-align: justify;\">Olay, Tophane Firuza\u011fa Mahallesi Bo\u011fazkesen Caddesi Kadirler Yoku\u015fu&#8217;nda saat 21.00 s\u0131ralar\u0131nda meydana geldi.<\/p>\n<p style=\"text-align: justify;\">\u0130ddialara g\u00f6re, Kadirler Yoku\u015fu 69 numarada bulunan bir sanat galerisi ile Bo\u011fazkesen Caddesi \u00fczerinde bulunan iki sanat galerisinde daha sergi a\u00e7\u0131l\u0131\u015f\u0131 ger\u00e7ekle\u015ftirildi.<\/p>\n<p style=\"text-align: justify;\">A\u00e7\u0131l\u0131\u015f s\u0131ras\u0131nda alkol alan davetlilerle mahalle sakinleri aras\u0131nda tart\u0131\u015fma ba\u015flad\u0131.<\/p>\n<p style=\"text-align: justify;\">Tart\u0131\u015fman\u0131n b\u00fcy\u00fcmesi \u00fczerine toplanan yakla\u015f\u0131k 20 ki\u015filik grup, Galeri Non Sanat galerisindeki davetlilere sald\u0131rd\u0131.<\/p>\n<p style=\"text-align: justify;\">Sald\u0131r\u0131da, galerinin camlar\u0131 k\u0131r\u0131ld\u0131. Davetliler, galerinin kepengini indirerek kendilerini i\u00e7eri kapatt\u0131. Baz\u0131 davetliler ise \u00e7evredeki i\u015f yerlerine s\u0131\u011f\u0131nd\u0131.<\/p>\n<p style=\"text-align: justify;\">Olay nedeniyle b\u00f6lgeye \u00e7ok say\u0131da polis ekibi sevk edildi. Sald\u0131r\u0131 s\u0131ras\u0131nda yaralanan 5 davetli, \u00e7evre hastanelere kald\u0131r\u0131larak tedavi alt\u0131na al\u0131nd\u0131. Bu ki\u015filer yap\u0131lan m\u00fcdahalenin ard\u0131ndan taburcu edildi.<\/p>\n<p style=\"text-align: justify;\">Olayda, 3 ayr\u0131 galeride maddi hasar meydana geldi. Polis ekipleri, olay yerinde inceleme yapt\u0131.<\/p>\n<p style=\"text-align: justify;\">G\u00f6zalt\u0131ndaki 7 ki\u015finin de Taksim Polis Merkezindeki i\u015flemleri tamamland\u0131. Taksim E\u011fitim ve Ara\u015ft\u0131rma Hastanesinde sa\u011fl\u0131k kontrol\u00fcnden ge\u00e7irilen bu ki\u015filer, daha sonra Beyo\u011flu Adliyesine sevk edildi.<\/p>\n<p style=\"text-align: justify;\">Ramazan \u00c7ift\u00e7i, Osman Kaya, Ferhat \u0130nci, Mehmet Cemil Erokyar, Adnan Karaba\u015f, Edip Sa\u011fl\u0131k ve Ey\u00fcp G\u00fczel, savc\u0131l\u0131k sorgunun ard\u0131ndan serbest b\u0131rak\u0131ld\u0131.<\/p>\n<p style=\"text-align: justify;\"><strong>Bask\u0131na bir tepki de AK Parti&#8217;den&#8230; <\/strong><\/p>\n<p style=\"text-align: justify;\">Tophane&#8217;deki galeri bask\u0131n\u0131na bir tepki de AK Parti&#8217;den geldi. AK Parti Genel Ba\u015fkan Yard\u0131mc\u0131s\u0131 H\u00fcseyin \u00c7elik, &#8220;Hukuk devletinde kimse kendi kendisine hukuk icat edemez, infaz yapamaz&#8221; dedi.<\/p>\n<p style=\"text-align: justify;\"><strong>Sanat\u00e7\u0131lar olay\u0131 protesto etti <\/strong><\/p>\n<p style=\"text-align: justify;\">Arbedeye ili\u015fkin, sanat\u00e7\u0131lar Galatasaray Cezayir Salonu&#8217;nda bir bas\u0131n a\u00e7\u0131klamas\u0131 yaparak, olay\u0131 protesto etti.<\/p>\n<p style=\"text-align: justify;\">Sanat\u00e7\u0131lar ad\u0131na bas\u0131n a\u00e7\u0131klamas\u0131n\u0131 okuyan Bilgi \u00dcniversitesi \u00f6\u011fretim \u00fcyesi ve \u00e7evirmen Naz\u0131m Dikba\u015f, sald\u0131r\u0131n\u0131n \u00f6rg\u00fctl\u00fc bir grup taraf\u0131ndan yap\u0131ld\u0131\u011f\u0131n\u0131 ve daha \u00f6nce de internet \u00fczerinden bu tip sald\u0131r\u0131lara maruz kald\u0131klar\u0131n\u0131 ifade etti.<\/p>\n<p style=\"text-align: justify;\">Dikba\u015f, Tophane&#8217;deki sanat galerilerinde d\u00fczenlenen sergi a\u00e7\u0131l\u0131\u015f\u0131 s\u0131ras\u0131nda meydana gelen arbedeyle ilgili \u015funlar\u0131 s\u00f6yledi:<\/p>\n<p style=\"text-align: justify;\">&#8220;Sergi a\u00e7\u0131l\u0131\u015f\u0131na kat\u0131lan sanat izleyicileri, 50 ki\u015filik, daha \u00f6nceden \u00f6rg\u00fctlenmi\u015f bir grup taraf\u0131ndan sald\u0131r\u0131ya u\u011frad\u0131. Sald\u0131r\u0131 s\u0131ras\u0131nda, sanatseverlerin yan\u0131 s\u0131ra galeri de tahrip edildi. Sanatseverler aras\u0131nda yabanc\u0131 \u00fclkelerin k\u00fclt\u00fcr ata\u015feleri, akademisyenler, T\u00fcrkiye ve yurt d\u0131\u015f\u0131ndan gazeteci ve \u00f6\u011frenciler bulunuyordu. Tartaklama ve arbede s\u0131ras\u0131nda tam bir ter\u00f6r ortam\u0131 olu\u015ftu.&#8221;<\/p>\n<p style=\"text-align: justify;\">Naz\u0131m Dikba\u015f, Polonyal\u0131, Hollandal\u0131, Alman ve \u0130ngiliz sanat\u00e7\u0131lar\u0131n da bulundu\u011fu sergi a\u00e7\u0131l\u0131\u015f\u0131 s\u0131ras\u0131nda ya\u015fanan arbedede, sanatseverlere demir sopa ve k\u0131r\u0131k \u015fi\u015felerle sald\u0131r\u0131ld\u0131\u011f\u0131n\u0131 s\u00f6yledi.<\/p>\n<p style=\"text-align: justify;\"><strong>&#8220;Sald\u0131r\u0131 mahalle halk\u0131na mal edilemez&#8221; <\/strong><\/p>\n<p style=\"text-align: justify;\">Bu grubun bir s\u00fcredir, Tophane&#8217;deki sanat galerilerinin faaliyetlerini \u00f6nlemeye y\u00f6nelik \u00e7al\u0131\u015fmalar\u0131 oldu\u011funu iddia eden Dikba\u015f, \u015f\u00f6yle dedi:<\/p>\n<p style=\"text-align: justify;\">&#8220;Bu sald\u0131r\u0131, Tophane Mahallesi halk\u0131na mal edilemez. Bu sald\u0131r\u0131 \u00f6rg\u00fctl\u00fc bir yap\u0131yla ger\u00e7ekle\u015ftirilmi\u015f bir sald\u0131r\u0131d\u0131r. \u0130stanbul&#8217;un merkezinde ya\u015fanm\u0131\u015f bu olay g\u00f6z ard\u0131 edilemez. Bu mahalledeki sald\u0131r\u0131lar unutulmamal\u0131d\u0131r. Valilik, emniyet g\u00fc\u00e7leri ve siyasi partiler bu konuda bir \u00e7\u00f6z\u00fcm yolu \u00fcretmelidir. Bu tip sald\u0131r\u0131lar kentin g\u00fcvenli\u011fini tehlikeye d\u00fc\u015f\u00fcr\u00fcyor. Olay\u0131n tekrar ya\u015fanmamas\u0131 i\u00e7in g\u00f6rg\u00fc tan\u0131klar\u0131 ifade vermelidir. Ayr\u0131ca a\u00e7\u0131l\u0131\u015f s\u0131ras\u0131nda i\u00e7ki i\u00e7ildi\u011fine y\u00f6nelik iddialar bir s\u00f6ylentidir. Sanat galerilerinin a\u00e7\u0131l\u0131\u015f\u0131 s\u0131ras\u0131nda her zaman az miktarda alkol kullan\u0131l\u0131r. Yetkililerin en k\u0131sa zamanda bu soruna \u00e7\u00f6z\u00fcm \u00fcretmelerini istiyoruz.&#8221;<\/p>\n<p style=\"text-align: justify;\">A\u00e7\u0131l\u0131\u015f s\u0131ras\u0131nda darbedildi\u011fini s\u00f6yleyen Ka\u011fan \u015eim\u015fekalp ise kendisinin biber gaz\u0131 da kullanan 10 ki\u015filik bir grup taraf\u0131ndan tartakland\u0131\u011f\u0131n\u0131 ve mahalle halk\u0131n\u0131n, kendisini bu ki\u015filerin elinden kurtard\u0131\u011f\u0131n\u0131 ifade etti.<\/p>\n<p style=\"text-align: justify;\"><strong>Vali Mutlu&#8217;nun a\u00e7\u0131klamas\u0131 <\/strong><\/p>\n<p style=\"text-align: justify;\">\u0130stanbul Valisi H\u00fcseyin Avni Mutlu, arbedeye ili\u015fkin olarak, &#8220;Hi\u00e7bir i\u015fyerine bu \u015fekilde bir sald\u0131r\u0131y\u0131 kabul etmemiz m\u00fcmk\u00fcn de\u011fil&#8221; dedi.<\/p>\n<p style=\"text-align: justify;\">Vali Mutlu, bir programa kat\u0131lmak \u00fczere Valilikten ayr\u0131l\u0131rken gazetecilerin konuyla ilgili sorular\u0131n\u0131 yan\u0131tlad\u0131. Bir soru \u00fczerine Mutlu, &#8220;Bu bir sanat faaliyeti. Mahiyetini \u00e7ok iyi bilmiyorum a\u00e7\u0131k\u00e7as\u0131. Sanat galerileri oldu\u011fu ifade edildi. Ancak neticede hi\u00e7bir i\u015fyerine bu \u015fekilde bir sald\u0131r\u0131y\u0131 kabul etmemiz m\u00fcmk\u00fcn de\u011fil&#8221; diye konu\u015ftu.<\/p>\n<p style=\"text-align: justify;\">&#8220;Sald\u0131r\u0131y\u0131 ger\u00e7ekle\u015ftirdi\u011fi iddia edilen ve g\u00f6zalt\u0131na al\u0131nan 7 ki\u015fi ayn\u0131 mahallede mi oturuyor, yoksa d\u0131\u015far\u0131dan m\u0131 gelmi\u015fler? Bir de darbedilenlerin, biber gaz\u0131 kullan\u0131ld\u0131\u011f\u0131n\u0131 ileri s\u00fcrerek planlanm\u0131\u015f oldu\u011fu y\u00f6n\u00fcnde bir iddias\u0131 var&#8230;&#8221; \u015feklindeki soru \u00fczerine Vali Mutlu, \u015funlar\u0131 s\u00f6yledi:<\/p>\n<p style=\"text-align: justify;\">&#8220;Biber gaz\u0131 maalesef \u00e7ok rahat bulunabiliyor piyasada. Bunlar da su\u00e7 tabii. Yani yetkililerin haricinde bu t\u00fcr \u015feyleri kim kullan\u0131rsa kullans\u0131n su\u00e7 te\u015fkil ediyor. \u015eimdi g\u00f6zalt\u0131lar \u00e7ok yeni. Bir tanesini alm\u0131\u015ft\u0131k. Pe\u015finden yine o \u015fah\u0131s \u00fczerinden giderek ula\u015ft\u0131\u011f\u0131m\u0131z 6 ki\u015fi daha&#8230; Toplam 7 ki\u015fi oldu. \u0130fadeleri al\u0131n\u0131yor, hassasiyetle \u00fczerinde duraca\u011f\u0131z, takip edece\u011fiz.&#8221;<\/p>\n<p style=\"text-align: justify;\">\u0130stanbul Valisi Mutlu, bir ba\u015fka soru \u00fczerine, \u015f\u00f6yle dedi:<\/p>\n<p style=\"text-align: justify;\">&#8220;(Bunu mahallenin sakinleri yapt\u0131) \u015feklinde ifade edilen bir \u015fey var. Bunu mahalleli de kabul etmez. Mahalleliye de b\u00f6yle bir \u015feyi isnat etmek o mahalleliyi de \u00fczer \u015f\u00fcphesiz. Kimdir, ne \u015fekilde bir araya gelmi\u015flerdir, hangi maksatla bunu yapm\u0131\u015flard\u0131r, bunlar\u0131n hepsini ifadelerinde \u00e7ok net alaca\u011f\u0131z. Ald\u0131ktan sonra da bunu yine sizlerle payla\u015faca\u011f\u0131z. B\u00fct\u00fcn a\u00e7\u0131kl\u0131\u011f\u0131 ve \u015feffafl\u0131\u011f\u0131yla elde etmi\u015f oldu\u011fumuz her t\u00fcrl\u00fc bilgiyi sizlerle payla\u015f\u0131r\u0131z. Ancak \u00e7ok erken. Birtak\u0131m \u015feyler s\u00f6ylersem do\u011fru olmaz. \u015eimdi ifadelerini al\u0131yor emniyetimiz, b\u00fct\u00fcn bu sorular\u0131n\u0131z\u0131n ayd\u0131nlanaca\u011f\u0131 \u015fekilde. B\u00fct\u00fcn de\u011ferlendirme yapaca\u011f\u0131z, yapt\u0131ktan sonra bir kez daha a\u00e7\u0131klar\u0131m.&#8221;<\/p>\n<p style=\"text-align: justify;\"><strong>&#8220;Bu t\u00fcr \u015feylerin tekrarlar\u0131na m\u00fcsaade etmeyiz&#8221; <\/strong><\/p>\n<p style=\"text-align: justify;\">Sald\u0131r\u0131n\u0131n i\u00e7ki i\u00e7ildi\u011fi iddias\u0131yla yap\u0131ld\u0131\u011f\u0131 y\u00f6n\u00fcndeki soru \u00fczerine de Mutlu, &#8220;Netle\u015fmeden sizlere bu konuyla ilgili bir \u015fey s\u00f6ylemem yan\u0131lt\u0131c\u0131 olur. Kamuoyunu da yan\u0131lt\u0131c\u0131 olur. Bas\u0131n\u0131m\u0131zda bug\u00fcn farkl\u0131 \u015fekillerde \u00e7\u0131kt\u0131, sizin ifade etti\u011finiz \u015fekilde \u00e7\u0131kt\u0131. G\u00fcr\u00fclt\u00fc nedeniyle rahats\u0131zl\u0131ktan dolay\u0131 kaynakland\u0131\u011f\u0131 \u015feklinde \u00e7\u0131kt\u0131. Saik nedir, hangi sebeple i\u015flenmi\u015ftir? Bunlar \u00fczerinde duraca\u011f\u0131z ve tedbirlerini de alaca\u011f\u0131z ve failleri de gerekli cezay\u0131 almak \u00fczere adliyeye sevk edece\u011fiz. Hangi saikle i\u015flenmi\u015fse bunu da kamuoyuna a\u00e7\u0131klayaca\u011f\u0131z. Dolay\u0131s\u0131yla 3-5 ki\u015finin yapm\u0131\u015f oldu\u011fu \u015feyi \u0130stanbul&#8217;a veya o mahalleye y\u00f6neltmek fevkalade yanl\u0131\u015f olur. Bir su\u00e7tur, bu su\u00e7un faillerini tespit edip adliyemize teslim edece\u011fiz. Bu t\u00fcr \u015feylerin tekrarlar\u0131na da m\u00fcsaade etmeyiz&#8221; diye konu\u015ftu.<\/p>\n<p style=\"text-align: justify;\">Vali Mutlu, &#8220;Bir hafta \u00f6nce ayn\u0131 noktada buna benzer bir s\u00f6zl\u00fc sat\u0131\u015fma ya\u015fanm\u0131\u015f bundan haberiniz var m\u0131&#8221; sorusunu da \u015f\u00f6yle yan\u0131tlad\u0131:<\/p>\n<p style=\"text-align: justify;\">&#8220;Bize, emniyetimize bu konuyla ilgili \u015fu an intikal etmi\u015f bir su\u00e7, \u015fikayet yok. Belki kendi aralar\u0131nda bu t\u00fcr \u015feyler ya\u015fanm\u0131\u015f olabilir. Varsa ke\u015fke zaman\u0131nda bize de intikal ettirilmi\u015f olsayd\u0131. Belki bunun tedbirlerini daha erkenden almak m\u00fcmk\u00fcn olabilirdi. Bunlar\u0131 da ara\u015ft\u0131r\u0131r\u0131z ama bundan sonras\u0131 i\u00e7in orada herkesin kendi i\u015fini huzur i\u00e7inde yapmas\u0131n\u0131 sa\u011flamak bizim g\u00f6revimizdir.&#8221;<\/p>\n<p style=\"text-align: justify;\">Konuyla ilgili \u015fu ana kadar edindi\u011fi izlenimleri sorulan Mutlu, &#8220;Bunu \u00e7ok erken bir \u015fekilde a\u00e7\u0131klayacak olursam, belki sizi, belki bas\u0131n mensubu olarak &#8216;habere ula\u015ft\u0131k&#8217; noktas\u0131nda tatmin edebilir. Ancak benim g\u00f6revim, Vali olarak kamuoyunu do\u011fru ve s\u00fcratli bilgilendirmektir. Sizi s\u00fcratli bilgilendirece\u011fim, ancak do\u011fru bilgiyle bilgilendirece\u011fim. Dolay\u0131s\u0131yla emniyetimiz ifadeleri als\u0131n&#8230; Sa\u011fl\u0131kl\u0131 bir \u015fekilde alacak bu ifadeleri. Ne varsa \u00e7\u0131karaca\u011f\u0131z ve gere\u011fini de yapaca\u011f\u0131z ama bir saat, ama 3 saat sonra&#8230; Bana yeni bilgi geldiyse bu yeni bilgiyi sizle payla\u015f\u0131r\u0131m&#8221; dedi.<\/p>\n<p style=\"text-align: justify;\">Mutlu, olay yerinde g\u00fcvenlik kameras\u0131 olup olmad\u0131\u011f\u0131n\u0131n sorulmas\u0131 \u00fczerine, &#8220;Bunlar\u0131n \u00fczerinde de emniyetimiz \u00e7al\u0131\u015f\u0131yor. Orada ne varsa, hepsini&#8230; Bununla ilgili kay\u0131tlar\u0131 da zaten faillere ula\u015fma noktas\u0131nda de\u011ferlendirdiler&#8221; diye konu\u015ftu.<\/p>\n<p style=\"text-align: justify;\">Bug\u00fcn olay yerine gidip gitmeyece\u011fi sorulan Mutlu, &#8220;Bug\u00fcn, \u00e7ok yo\u011fun bir g\u00fcn\u00fcm\u00fcz ama zaman i\u00e7erisinde f\u0131rsat bulmaya gayret edece\u011fim. \u00d6zellikle de bir ge\u00e7mi\u015f olsun demek istiyorum tabii ki&#8221; dedi.<\/p>\n<p style=\"text-align: justify;\"><strong>Sinyaller \u00f6nceden verilmi\u015fti <\/strong><\/p>\n<p style=\"text-align: justify;\">Olay\u0131n \u00e7ok daha \u00f6ncesinde bir web sitesinde sald\u0131r\u0131yla ilgili sinyaller vard\u0131. Tophanehaber.com web sitesinde semtteki otel ve cafe m\u00fc\u015fterilerden \u015fikayet edilmi\u015f, adeta hedef g\u00f6sterilmi\u015fti. 10 A\u011fustos tarihli yaz\u0131da \u015fu ifadeler yer al\u0131yor:<\/p>\n<p style=\"text-align: justify;\">&#8220;Tophane eski bir \u0130stanbul semti oldu\u011fu i\u00e7in dar sokaklara ve i\u00e7 i\u00e7e olan yap\u0131lara sahiplik yapan bir semttir. Semt sakinleri bug\u00fcne kadar camlara atletle dahi \u00e7\u0131kmaktan itina edip kar\u015f\u0131 kom\u015fusunun ailesine sayg\u0131 g\u00f6stermekteyken bug\u00fcn yeni yeni gelen insanlar (otel m\u00fc\u015fterileri, cafe m\u00fc\u015fterileri) camlara neredeyse i\u00e7 \u00e7ama\u015f\u0131rlar\u0131yla rahatl\u0131kla \u00e7\u0131kabilmektedir. Bu durum zaman zaman meydana gelen ve artmas\u0131 muhtemel s\u00f6zl\u00fc tart\u0131\u015fma ve kavgalara neden olmaktad\u0131r.&#8221;<\/p>\n<p style=\"text-align: justify;\"><strong>8 hem\u015fehri derne\u011finden ortak a\u00e7\u0131klama <\/strong><\/p>\n<p style=\"text-align: justify;\">Beyo\u011flu&#8217;nda sanat galerisindeki arbedeye ili\u015fkin 8 hem\u015fehri derne\u011finden yap\u0131lan ortak a\u00e7\u0131klamada, &#8220;semt sakinlerinin, ya\u015fanan talihsiz olay dolay\u0131s\u0131yla b\u00fcy\u00fck \u00fcz\u00fcnt\u00fc duydu\u011fu&#8221; bildirildi.<\/p>\n<p style=\"text-align: justify;\">Tophane Tayfun Spor Kul\u00fcb\u00fc&#8217;nde, 8 hem\u015fehri derne\u011fi ad\u0131na a\u00e7\u0131klama yapan Bitlisliler Kalk\u0131nma ve Dayan\u0131\u015fma Derne\u011fi Ba\u015fkan\u0131 H\u00fcseyin Dormen, Tophane halk\u0131 olarak nezih semtlerinin b\u00f6yle bir olayla an\u0131lmas\u0131ndan \u00fcz\u00fcnt\u00fc duyduklar\u0131n\u0131 s\u00f6yledi.<\/p>\n<p style=\"text-align: justify;\">Tophane sakinleri olarak sanata, sanat\u00e7\u0131ya, sanat eserlerine ve k\u00fclt\u00fcr miras\u0131na sayg\u0131l\u0131 ve sahip \u00e7\u0131kan bir topluluk olduklar\u0131n\u0131 ifade eden Dormen, &#8220;Semtimizi gezdi\u011finizde hala ayakta tutulan sanat ve k\u00fclt\u00fcr miraslar\u0131m\u0131z\u0131 g\u00f6rebilirsiniz. Daha \u00f6nce semtimizde sanatla ilgili, bu son a\u00e7\u0131l\u0131\u015ftan daha b\u00fcy\u00fck ve kapsaml\u0131 a\u00e7\u0131l\u0131\u015f ve organizasyonlar ger\u00e7ekle\u015ftirildi. Hi\u00e7birinde en ufak bir sorun \u00e7\u0131kmam\u0131\u015ft\u0131r&#8221; diye konu\u015ftu.<\/p>\n<p style=\"text-align: justify;\">Dormen, ya\u015fanan arbedeye ili\u015fkin \u015funlar\u0131 kaydetti: &#8220;D\u00fcn ak\u015fam Bo\u011fazkesen Caddesi&#8217;nde ayn\u0131 anda 3 yerde sanat galerisi a\u00e7\u0131l\u0131\u015f\u0131 organize edilmi\u015ftir. Organizasyonlar\u0131n \u00fc\u00e7\u00fcn\u00fcn de ayn\u0131 caddede olmas\u0131, ayn\u0131 saate ve caddenin en yo\u011fun an\u0131na denk getirilmesi, davetlilerin caddeyi ve yaya kald\u0131r\u0131mlar\u0131n\u0131 i\u015fgal etmesi nedeniyle davetlilerle semt sakinleri aras\u0131nda &#8216;yol verin ge\u00e7elim, kald\u0131r\u0131m\u0131 bo\u015falt\u0131n&#8217; gibi diyaloglar ya\u015fanm\u0131\u015ft\u0131r. Semt sakinlerimizden bir kad\u0131n, bir davetliden yol istemi\u015f, kar\u015f\u0131l\u0131k olarak s\u00f6zl\u00fc ve fiziki sald\u0131r\u0131ya u\u011fram\u0131\u015ft\u0131r. Bunu g\u00f6ren civardaki esnaf bu hareketlere tepki g\u00f6stermi\u015f ve olay o andan itibaren arbedeye d\u00f6n\u00fc\u015fm\u00fc\u015ft\u00fcr. Olay, kar\u015f\u0131l\u0131kl\u0131 yaralanmalar sonucu adli kurumlara intikal etmi\u015ftir.&#8221;<\/p>\n<p style=\"text-align: justify;\">Talihsiz ve m\u00fcnferit olaya ili\u015fkin bas\u0131na birtak\u0131m ger\u00e7ek d\u0131\u015f\u0131 bilgilerin yans\u0131d\u0131\u011f\u0131n\u0131 kaydeden Dormen, olay\u0131n \u015feklinin, organizasyonu yapanlar\u0131n anlatt\u0131\u011f\u0131 gibi olmad\u0131\u011f\u0131n\u0131 ifade etti.<\/p>\n<p style=\"text-align: justify;\">Dormen, semt sakinleri olarak son y\u0131llarda huzurlar\u0131n\u0131n bozuldu\u011funu, do\u011fup b\u00fcy\u00fcd\u00fckleri sokaklarda y\u00fcr\u00fcyemez hale geldiklerini ama yine de hi\u00e7bir ta\u015fk\u0131nl\u0131kta bulunmad\u0131klar\u0131n\u0131 belirterek, \u015f\u00f6yle devam etti: &#8220;Biz rahats\u0131zl\u0131klar\u0131m\u0131z\u0131 yetkililere defalarca yaz\u0131l\u0131 olarak bildirmemize ra\u011fmen herhangi bir sonu\u00e7 al\u0131namam\u0131\u015f, sonu\u00e7ta bu \u00fcz\u00fcc\u00fc olay meydana gelmi\u015ftir. Bu semtin as\u0131rl\u0131k k\u00fclt\u00fcr\u00fcne, tarihine uygun ya\u015fayan ailelerin huzurunun korunmas\u0131 tek dile\u011fimizdir. Tophane olarak bug\u00fcne kadar her g\u00f6r\u00fc\u015ften insanlarla, Musevilerle, Ermenilerle ve Rumlarla bar\u0131\u015f i\u00e7erisinde ya\u015fad\u0131k ve hi\u00e7bir k\u00fclt\u00fcrel \u00e7at\u0131\u015fmaya girmedik. Yetkilileri, T\u00fcrk aile yap\u0131s\u0131n\u0131 semtimizde korumaya ve kollamaya \u00e7a\u011f\u0131r\u0131yoruz. \u0130nsanlar\u0131n ya\u015fam alan\u0131n\u0131 bug\u00fcne kadar ihlal etmedik, kimsenin de bizim ya\u015fam s\u0131n\u0131rlar\u0131m\u0131z\u0131 ihlal etmesini istemiyoruz.&#8221;<\/p>\n<p style=\"text-align: justify;\">Dormen, arbede ya\u015fanan &#8220;Outlet&#8221; adl\u0131 sanat galerisinin sahibi oldu\u011funun ve buray\u0131 bir kad\u0131n i\u015fletmeciye kendisinin kiraya verdi\u011finin hat\u0131rlat\u0131lmas\u0131 \u00fczerine de &#8220;Hen\u00fcz i\u015f yeri tutulmadan i\u015fletmeciye, &#8216;\u00e7evre halk\u0131na kar\u015f\u0131 sorumlu olmak kayd\u0131yla s\u00f6z verirseniz buray\u0131 kiralay\u0131n&#8217; dedim, o da kabul etti ama ya\u015fanan olay\u0131n ard\u0131ndan i\u015f yerini bo\u015faltmas\u0131n\u0131 rica edece\u011fim&#8221; diye konu\u015ftu.<\/p>\n<p style=\"text-align: justify;\"><a href=\"http:\/\/www.cnnturk.com\/2010\/turkiye\/09\/22\/sanat.galerisine.icki.baskini\/590408.0\/index.html\" target=\"_blank\"><span style=\"color: #888888;\">CNN T\u00dcRK<\/span><\/a><\/p>\n","protected":false},"excerpt":{"rendered":"<p style=\"text-align: justify;\">\n<p style=\"text-align: justify;\">\u0130stanbul Tophane&#8217;de bir sanat galerisi 20 ki\u015filik grubun sald\u0131r\u0131s\u0131na u\u011frad\u0131. \u0130ddiaya g\u00f6re, davette i\u00e7ki i\u00e7ildi\u011fini gerek\u00e7e g\u00f6steren sald\u0131rganlar galerinin camlar\u0131n\u0131 k\u0131rd\u0131, davetlilere sald\u0131rd\u0131. Olayda 5 ki\u015fi yaraland\u0131. Ayn\u0131 caddede 2 galeriye daha zarar verildi. Olayla ilgili g\u00f6zalt\u0131na al\u0131nan 7 ki\u015fi daha sonra serbest b\u0131rak\u0131ld\u0131.<\/p>\n","protected":false},"author":1,"featured_media":0,"comment_status":"open","ping_status":"closed","sticky":false,"template":"","format":"standard","meta":{"footnotes":""},"categories":[105],"tags":[],"class_list":["post-25874","post","type-post","status-publish","format-standard","hentry","category-gundem","odd"],"_links":{"self":[{"href":"http:\/\/www.korhanyilmaz.com\/index.php?rest_route=\/wp\/v2\/posts\/25874","targetHints":{"allow":["GET"]}}],"collection":[{"href":"http:\/\/www.korhanyilmaz.com\/index.php?rest_route=\/wp\/v2\/posts"}],"about":[{"href":"http:\/\/www.korhanyilmaz.com\/index.php?rest_route=\/wp\/v2\/types\/post"}],"author":[{"embeddable":true,"href":"http:\/\/www.korhanyilmaz.com\/index.php?rest_route=\/wp\/v2\/users\/1"}],"replies":[{"embeddable":true,"href":"http:\/\/www.korhanyilmaz.com\/index.php?rest_route=%2Fwp%2Fv2%2Fcomments&post=25874"}],"version-history":[{"count":0,"href":"http:\/\/www.korhanyilmaz.com\/index.php?rest_route=\/wp\/v2\/posts\/25874\/revisions"}],"wp:attachment":[{"href":"http:\/\/www.korhanyilmaz.com\/index.php?rest_route=%2Fwp%2Fv2%2Fmedia&parent=25874"}],"wp:term":[{"taxonomy":"category","embeddable":true,"href":"http:\/\/www.korhanyilmaz.com\/index.php?rest_route=%2Fwp%2Fv2%2Fcategories&post=25874"},{"taxonomy":"post_tag","embeddable":true,"href":"http:\/\/www.korhanyilmaz.com\/index.php?rest_route=%2Fwp%2Fv2%2Ftags&post=25874"}],"curies":[{"name":"wp","href":"https:\/\/api.w.org\/{rel}","templated":true}]}}