{"id":25868,"date":"2010-09-22T08:23:32","date_gmt":"2010-09-22T05:23:32","guid":{"rendered":"http:\/\/www.korhanyilmaz.com\/?p=25868"},"modified":"2010-09-22T08:23:32","modified_gmt":"2010-09-22T05:23:32","slug":"fethullah-gulene-dokunan-bir-savci-daha-derin-cemaatin-hedefi-oldu","status":"publish","type":"post","link":"http:\/\/www.korhanyilmaz.com\/?p=25868","title":{"rendered":"Fethullah G\u00fclen&#8217;e Dokunan Bir Savc\u0131 Daha Derin Cemaatin Hedefi Oldu"},"content":{"rendered":"<p style=\"text-align: justify;\"><a href=\"http:\/\/www.korhanyilmaz.com\/wp-content\/uploads\/2010\/09\/216.jpg\"  class=\"lightview\"><img loading=\"lazy\" decoding=\"async\" class=\"size-full wp-image-25869 aligncenter\" src=\"http:\/\/www.korhanyilmaz.com\/wp-content\/uploads\/2010\/09\/216.jpg\" alt=\"\" width=\"372\" height=\"180\" \/><\/a><\/p>\n<p style=\"text-align: justify;\">Sol Haber sitesinde Fethullah G\u00fclen&#8217;e dokunduktan sonra hakk\u0131nda soru\u015fturma ba\u015flat\u0131lan Savc\u0131 Salim Demirci&#8217;nin ba\u015f\u0131na gelenleri anlatan bir haber yer ald\u0131. <!--more--><\/p>\n<p style=\"text-align: justify;\">\u0130\u015fte o haber:<\/p>\n<p style=\"text-align: justify;\">Bir \u0130lhan Cihaner vakas\u0131 daha ya\u015fan\u0131yor. \u201cRah\u015fan aff\u0131\u201dyla kurtulan G\u00fclen hakk\u0131ndaki beraat karar\u0131n\u0131n iptalini isteyen savc\u0131 Salim Demirci, \u00f6nceki \u00f6rneklerde g\u00f6r\u00fclen s\u00fcrecin benzerini ya\u015f\u0131yor.<\/p>\n<p style=\"text-align: justify;\">Erzincan Cumhuriyet Ba\u015fsavc\u0131s\u0131 \u0130lhan Cihaner\u2019in ba\u015f\u0131na gelenler, art\u0131k geni\u015f kesimler taraf\u0131ndan biliniyor. Erzincan\u2019da G\u00fclen ve di\u011fer cemaatler hakk\u0131nda soru\u015fturma ba\u015flatan Cihaner, Ergenekon davas\u0131yla ba\u011flant\u0131land\u0131r\u0131l\u0131p usuls\u00fcz bir s\u00fcre\u00e7 sonunda uzun s\u00fcre hapiste tutulmu\u015f, hakk\u0131nda geni\u015f bir karalama kampanyas\u0131 y\u00fcr\u00fct\u00fclm\u00fc\u015ft\u00fc.<\/p>\n<p style=\"text-align: justify;\">Ancak Cihaner\u2019in a\u00e7t\u0131\u011f\u0131 soru\u015fturma, G\u00fclen hakk\u0131ndaki ilk \u00f6nemli dava de\u011fildi. Daha \u00f6nce eski Devlet G\u00fcvenlik Mahkemesi savc\u0131s\u0131 Nuh Mete Y\u00fcksel, G\u00fclen hakk\u0131nda dava a\u00e7m\u0131\u015ft\u0131. Y\u00fcksel iddianamesinde Fethullah G\u00fclen\u2019i \u201claik devlet yap\u0131s\u0131n\u0131 de\u011fi\u015ftirerek yerine dini kurallara dayal\u0131 bir devlet kurmak amac\u0131yla yasad\u0131\u015f\u0131 \u00f6rg\u00fct kurup bu ama\u00e7 do\u011frultusunda faaliyetlerde bulunmak\u201dla su\u00e7lad\u0131. G\u00fclen\u2019in 10 y\u0131la kadar hapsini istiyordu.<\/p>\n<p style=\"text-align: justify;\">Davan\u0131n ard\u0131ndan Nuh Mete Y\u00fcksel\u2019in \u00f6zel hayat\u0131na dair bir kaset ortaya \u00e7\u0131kt\u0131. Y\u00fcksel HSYK taraf\u0131ndan DGM savc\u0131l\u0131\u011f\u0131ndan al\u0131nd\u0131, dolay\u0131s\u0131yla G\u00fclen davas\u0131ndan \u00e7ekildi.<\/p>\n<p style=\"text-align: justify;\">Bundan sonras\u0131n\u0131, gazeteci H\u00fcseyin \u00d6zalp ayr\u0131nt\u0131l\u0131 bir \u015fekilde kaleme ald\u0131. Uzun y\u0131llar TGRT, NTV kanallar\u0131nda ve Sabah gazetesinde \u00e7al\u0131\u015fan \u00d6zalp, 94\u2019ten bu yana Refah Partisi, Fazilet Partisi, Saadet Partisi ve AKP\u2019nin faaliyetlerini izliyor. \u00d6zalp\u2019in, yarg\u0131ya d\u00f6n\u00fck bask\u0131lar\u0131 anlatt\u0131\u011f\u0131 \u201cSon Kale Ku\u015fat\u0131lan Yarg\u0131\u201d isimli ilk kitab\u0131 piyasaya \u00e7\u0131kt\u0131.<\/p>\n<p style=\"text-align: justify;\">Y\u00fcksel\u2019in \u00e7ekildi\u011fi dava, 2003 y\u0131l\u0131nda savc\u0131 Salim Demirci\u2019ye verildi. G\u00fclen\u2019in yarg\u0131land\u0131\u011f\u0131 dava da \u201cRah\u015fan aff\u0131\u201d kapsam\u0131na girmi\u015fti. Kesin h\u00fckme ba\u011flanmas\u0131 ertelenmi\u015fti. Ancak G\u00fclen\u2019in avukatlar\u0131, Ter\u00f6rle M\u00fccadele Kanunu\u2019ndaki de\u011fi\u015fiklik \u00fczerine yeniden yarg\u0131lanma talebinde bulundular ve beraat talep ettiler. Bunun \u00fczerine G\u00fclen davas\u0131 yeniden g\u00f6r\u00fclmeye ba\u015fland\u0131.<\/p>\n<p style=\"text-align: justify;\">2006 y\u0131l\u0131n\u0131n ba\u015flar\u0131nda art\u0131k davan\u0131n sonuna gelinmi\u015fti. Avukatlar, mahkemeye Emniyet Genel M\u00fcd\u00fcrl\u00fc\u011f\u00fc\u2019n\u00fcn haz\u0131rlad\u0131\u011f\u0131 ve G\u00fclen\u2019i aklayan bir rapor sundular. Bu Emniyet raporunda cemaatin TMK kapsam\u0131nda bir \u00f6rg\u00fct olmad\u0131\u011f\u0131, d\u00fczeni de\u011fi\u015ftirme amac\u0131 g\u00fctmedi\u011fi savunuluyordu. Avukatlar, Emniyet\u2019in bu raporunu \u201cBilgi Edinme Yasas\u0131\u201d vas\u0131tas\u0131yla elde ettiklerini s\u00f6ylediler.<\/p>\n<p style=\"text-align: justify;\">Davaya yeniden bakan Ankara 11. A\u011f\u0131r Ceza Mahkemesi, 5 May\u0131s 2006\u2019da G\u00fclen hakk\u0131nda oybirli\u011fiyle beraat karar\u0131 ald\u0131. Mahkeme Ba\u015fkan\u0131 Orhan Karadeniz, karardan \u00f6nce savc\u0131ya g\u00f6r\u00fc\u015f\u00fcn\u00fc sordu. Savc\u0131 Salim Demirci, \u201cberaat talebinin reddini\u201d talep ediyordu. Demirci, Haziran ay\u0131nda karar\u0131 temyiz etti. Demirci, temyiz dilek\u00e7esinde G\u00fclen\u2019in savunmas\u0131 al\u0131nmadan h\u00fck\u00fcm kurulmas\u0131n\u0131n usul ve yasalara ayk\u0131r\u0131 oldu\u011funu s\u00f6yl\u00fcyor, Emniyet\u2019in son raporunun ise daha \u00f6nce sunulan bilgilerle \u00e7eli\u015fkili oldu\u011funu vurguluyordu.<\/p>\n<p style=\"text-align: justify;\"><strong>VE SES KAYDI \u00c7IKIYOR <\/strong><\/p>\n<p style=\"text-align: justify;\">Dava s\u00fcreci devam etti. 2008 Mart ay\u0131nda G\u00fclen davas\u0131, Yarg\u0131tay\u2019da son a\u015famaya geldi. 7 Mart 2008 g\u00fcn\u00fc, Demirci\u2019nin bir ses kayd\u0131 yay\u0131nlan\u0131yor. Kay\u0131tta Demirci, Diyarbak\u0131r\u2019daki uygulamalar nedeniyle Ba\u015fbakan Erdo\u011fan ve Efkan Ala\u2019y\u0131 k\u00fcf\u00fcrl\u00fc s\u00f6zlerle ele\u015ftiriyor.<\/p>\n<p style=\"text-align: justify;\">Ortam dinlemesiyle al\u0131nd\u0131\u011f\u0131 a\u00e7\u0131klanan ses kayd\u0131n\u0131n tarihi ise \u00e7ok manid\u00e2r: 2006 y\u0131l\u0131n\u0131n Nisan ve May\u0131s aylar\u0131. Yani Fethullah G\u00fclen davas\u0131n\u0131n yerel mahkemede karar s\u00fcreci. Yani, birileri savc\u0131 Salim Demirci\u2019nin G\u00fclen\u2019in beraatine itiraz edece\u011fini anlar anlamaz ortam dinlemesiyle Demirci\u2019yi takibe al\u0131yor. K\u00fcf\u00fcrl\u00fc konu\u015fmay\u0131 buluyor. \u0130ki sene bekliyor, ve tam da Yarg\u0131tay karar verece\u011fi s\u0131rada piyasaya s\u00fcr\u00fcyor. Zira, kay\u0131tla ayn\u0131 g\u00fcn, Yarg\u0131tay 9. Ceza Dairesi\u2019nin, G\u00fclen\u2019in beraat karar\u0131n\u0131 onad\u0131\u011f\u0131 haberi, Anadolu Ajans\u0131\u2019na d\u00fc\u015f\u00fcyor.<\/p>\n<p style=\"text-align: justify;\"><strong>ADALET BAKANLI\u011eI&#8217;NDAN HUKUKSUZLUK <\/strong><\/p>\n<p style=\"text-align: justify;\">Demirci\u2019nin ses kayd\u0131, yasal yollardan elde edilmedi\u011fi i\u00e7in hukuki bir de\u011fer ta\u015f\u0131m\u0131yor. Buna ra\u011fmen Adalet Bakanl\u0131\u011f\u0131, bu illegal ses kayd\u0131na dayanarak savc\u0131 Demirci hakk\u0131nda soru\u015fturma ba\u015flatt\u0131.<\/p>\n<p style=\"text-align: justify;\">Soru\u015fturma sonucunda Demirci hakk\u0131nda iddianame haz\u0131rland\u0131. Bu iddianame, Osman Ka\u00e7maz\u2019\u0131n ba\u015fkan\u0131 oldu\u011fu Sincan 1. A\u011f\u0131r Ceza Mahkemesi\u2019ne geldi. Osman Ka\u00e7maz, Ba\u015fbakan Erdo\u011fan\u2019\u0131n \u00f6len askerlere \u201ckelle\u201d ve Abdullah \u00d6calan\u2019a \u201csay\u0131n\u201d demesi sebebiyle yarg\u0131lanmas\u0131na karar vermi\u015fti. Ka\u00e7maz, Cumhurba\u015fkan\u0131 Abdullah G\u00fcl\u2019\u00fcn de kay\u0131p trilyon davas\u0131ndan yarg\u0131lanmas\u0131 gerekti\u011fi karar\u0131 vermi\u015f, G\u00fcl i\u00e7in \u201c\u015f\u00fcpheli\u201d s\u0131fat\u0131 kullanm\u0131\u015ft\u0131. Bu iki karar\u0131n ard\u0131ndan Ka\u00e7maz hakk\u0131nda yanda\u015f bas\u0131nda bir karalama kampanyas\u0131 ba\u015flat\u0131ld\u0131, Bakanl\u0131k hakk\u0131nda inceleme ba\u015flatt\u0131, ve Ergenekon soru\u015fturmas\u0131na dahil edildi.<\/p>\n<p style=\"text-align: justify;\"><strong>SAL\u0130M DEM\u0130RC\u0130&#8217;YE DAVA<\/strong><\/p>\n<p style=\"text-align: justify;\">Elbette savc\u0131 Salim Demirci\u2019ye kar\u015f\u0131 at\u0131lan ad\u0131mlar, hakk\u0131nda piyasaya s\u00fcr\u00fclen ses kayd\u0131yla s\u0131n\u0131rl\u0131 kalmad\u0131. Demirci hakk\u0131nda \u201cZincirleme \u015fekilde g\u00f6revi ihmal, k\u00fcl halinde g\u00f6revi k\u00f6t\u00fcye kullanmak\u201d iddialar\u0131yla su\u00e7lamalar yap\u0131ld\u0131 ve tefti\u015f ba\u015flat\u0131ld\u0131. Demirci, 2004 ile 2007 y\u0131llar\u0131 aras\u0131nda toplam 64 dosyay\u0131 3 aydan 4 y\u0131la kadar, bir k\u0131sm\u0131n\u0131 ise zamana\u015f\u0131m\u0131 s\u00fcreleri dolana kadar s\u00fcr\u00fcncemede b\u0131rakmakla su\u00e7land\u0131. Demirci hakk\u0131ndaki ihmal su\u00e7lamalar\u0131ndan biri de bir uyu\u015fturucu davas\u0131 i\u00e7indi.<\/p>\n<p style=\"text-align: justify;\">Sincan 1. A\u011f\u0131r Ceza Mahkemesi, Salim Demirci hakk\u0131nda \u201csoru\u015fturma a\u00e7\u0131lmas\u0131 i\u00e7in yeterli delil bulundu\u011fu\u201d karar\u0131na vard\u0131. Demirci, Yarg\u0131tay\u2019da yarg\u0131lanacak.<\/p>\n<p style=\"text-align: justify;\">Mahkemenin karar\u0131na ba\u015fkan Osman Ka\u00e7maz kat\u0131lmayarak \u015ferh d\u00fc\u015ft\u00fc. Ka\u00e7maz, Demirci\u2019ye atfedilen hakaret eylemlerinin tek \u201cdelilinin\u201d yasad\u0131\u015f\u0131 bir delil, bir ses kayd\u0131 oldu\u011funu belirtti. Ka\u00e7maz, g\u00f6revi k\u00f6t\u00fcye kullanma ve ihmal konusunda yasada \u201cki\u015finin ma\u011fduriyeti veya kamu zarar\u0131na neden olan ya da ki\u015filere haks\u0131z bir kazan\u00e7 sa\u011flayan kamu g\u00f6revlilerinin cezaland\u0131r\u0131laca\u011f\u0131n\u0131\u201d hat\u0131rlatarak, Demirci\u2019nin durumunda bunlar\u0131n s\u00f6z konusu olmad\u0131\u011f\u0131n\u0131 belirtti.<\/p>\n<p style=\"text-align: justify;\">\u015eimdi G\u00fclen\u2019i soru\u015fturan bir savc\u0131 daha, hakk\u0131nda a\u00e7\u0131lan davay\u0131 bekliyor. Eski \u00f6rnekler, Demirci\u2019nin k\u0131sa s\u00fcre sonra yanda\u015f bas\u0131n taraf\u0131ndan topa tutulmaya ba\u015flanaca\u011f\u0131n\u0131 g\u00f6steriyor.<\/p>\n<p style=\"text-align: justify;\"><span style=\"color: #888888;\">Kaynak :<a href=\"http:\/\/www.odatv.com\/n.php?n=fethullah-gulene-dokunan-bir-savci-daha-derin-cemaatin-hedefi-oldu-2109101200\" target=\"_blank\"> Odatv.com<\/a><\/span><\/p>\n","protected":false},"excerpt":{"rendered":"<p style=\"text-align: justify;\">\n<p style=\"text-align: justify;\">Sol Haber sitesinde Fethullah G\u00fclen&#8217;e dokunduktan sonra hakk\u0131nda soru\u015fturma ba\u015flat\u0131lan Savc\u0131 Salim Demirci&#8217;nin ba\u015f\u0131na gelenleri anlatan bir haber yer ald\u0131. <\/p>\n","protected":false},"author":1,"featured_media":0,"comment_status":"open","ping_status":"closed","sticky":false,"template":"","format":"standard","meta":{"footnotes":""},"categories":[105],"tags":[],"class_list":["post-25868","post","type-post","status-publish","format-standard","hentry","category-gundem","odd"],"_links":{"self":[{"href":"http:\/\/www.korhanyilmaz.com\/index.php?rest_route=\/wp\/v2\/posts\/25868","targetHints":{"allow":["GET"]}}],"collection":[{"href":"http:\/\/www.korhanyilmaz.com\/index.php?rest_route=\/wp\/v2\/posts"}],"about":[{"href":"http:\/\/www.korhanyilmaz.com\/index.php?rest_route=\/wp\/v2\/types\/post"}],"author":[{"embeddable":true,"href":"http:\/\/www.korhanyilmaz.com\/index.php?rest_route=\/wp\/v2\/users\/1"}],"replies":[{"embeddable":true,"href":"http:\/\/www.korhanyilmaz.com\/index.php?rest_route=%2Fwp%2Fv2%2Fcomments&post=25868"}],"version-history":[{"count":0,"href":"http:\/\/www.korhanyilmaz.com\/index.php?rest_route=\/wp\/v2\/posts\/25868\/revisions"}],"wp:attachment":[{"href":"http:\/\/www.korhanyilmaz.com\/index.php?rest_route=%2Fwp%2Fv2%2Fmedia&parent=25868"}],"wp:term":[{"taxonomy":"category","embeddable":true,"href":"http:\/\/www.korhanyilmaz.com\/index.php?rest_route=%2Fwp%2Fv2%2Fcategories&post=25868"},{"taxonomy":"post_tag","embeddable":true,"href":"http:\/\/www.korhanyilmaz.com\/index.php?rest_route=%2Fwp%2Fv2%2Ftags&post=25868"}],"curies":[{"name":"wp","href":"https:\/\/api.w.org\/{rel}","templated":true}]}}