{"id":25863,"date":"2010-09-22T11:09:37","date_gmt":"2010-09-22T08:09:37","guid":{"rendered":"http:\/\/www.korhanyilmaz.com\/?p=25863"},"modified":"2010-09-22T11:09:37","modified_gmt":"2010-09-22T08:09:37","slug":"osymye-ilk-nester-vuruldu","status":"publish","type":"post","link":"http:\/\/www.korhanyilmaz.com\/?p=25863","title":{"rendered":"\u00d6SYM&#8217;ye ilk ne\u015fter vuruldu"},"content":{"rendered":"<p style=\"text-align: justify;\"><a href=\"http:\/\/www.korhanyilmaz.com\/wp-content\/uploads\/2010\/09\/215.jpg\"  class=\"lightview\"><img loading=\"lazy\" decoding=\"async\" class=\"size-full wp-image-25864 aligncenter\" src=\"http:\/\/www.korhanyilmaz.com\/wp-content\/uploads\/2010\/09\/215.jpg\" alt=\"\" width=\"410\" height=\"218\" \/><\/a><\/p>\n<p style=\"text-align: justify;\">\u00d6SYM&#8217;ye yeni ba\u015fkan olarak \u0130stanbul Teknik \u00dcniversitesinden Prof. Ali Demir vekaleten atand\u0131.<\/p>\n<p style=\"text-align: justify;\">Y\u00d6K Ba\u015fkan\u0131 Prof. Dr. Yusuf Ziya \u00d6zcan, \u00d6YSM&#8217;de yeni bir yap\u0131lanmaya gideceklerini, a\u00e7\u0131klad\u0131. \u00d6zcan bilgisayar sisteminin g\u00fcvenli\u011fi, matbaada \u00e7al\u0131\u015fan insanlar\u0131n g\u00fcvenlik sorgulamalar\u0131n\u0131n yap\u0131larak gelmesi gibi hususlara dikkat edilerek yeni bir yap\u0131 olu\u015fturaca\u011f\u0131z&#8221; dedi. <!--more--><\/p>\n<p style=\"text-align: justify;\">Ba\u015fkan\u0131 istifa eden \u00d6\u011frenci Se\u00e7me ve Yerle\u015ftirme Merkezinde (\u00d6SYM), aralar\u0131nda \u00f6zel kalem m\u00fcd\u00fcr\u00fc ve genel sekreterin de bulundu\u011fu 9 ki\u015fi g\u00f6revden al\u0131nd\u0131. G\u00f6revden al\u0131nanlar\u0131n \u00e7e\u015fitli birimlerin m\u00fcd\u00fcrleri oldu\u011fu \u00f6\u011frenildi.<\/p>\n<p style=\"text-align: justify;\">Bu arada Cumhurba\u015fkan\u0131 G\u00fcl&#8217;\u00fcn g\u00f6revlendirdi\u011fi Devlet Denetleme Kurulu&#8217;nun \u00d6SYM&#8217;de ba\u015flatt\u0131\u011f\u0131 soru\u015fturma s\u00fcr\u00fcyor. DDK m\u00fcfetti\u015fleri \u00d6SYM m\u00fcfetti\u015flerini de denetliyor.<\/p>\n<p style=\"text-align: justify;\">B\u00fclent Ar\u0131n\u00e7: &#8221;\u0130\u015f bu noktaya geldikten sonra onun ba\u015f\u0131nda bulunan bir ki\u015finin istifas\u0131n\u0131 do\u011fal kar\u015f\u0131l\u0131yorum. \u00d6nemli olan bundan sonra \u00d6SYM&#8217;nin yeniden yap\u0131land\u0131r\u0131lmas\u0131d\u0131r.&#8221;<\/p>\n<p style=\"text-align: justify;\">ANKARA  &#8211; \u00d6SYM Ba\u015fkanl\u0131\u011f\u0131na \u0130T\u00dc \u00f6\u011fretim \u00fcyesi Prof. Dr. Ali Demir vekaleten atand\u0131. Demir&#8217;in g\u00f6reve bug\u00fcn ba\u015flamas\u0131 bekleniyor. Prof. Ali Demir&#8217;in ilk yapaca\u011f\u0131 \u015feyin ertelenen 12 s\u0131nav ile iptal edilen KPSS E\u011fitim Bilimleri S\u0131nav\u0131n\u0131n yap\u0131lmas\u0131 oldu\u011fu belirtildi.<\/p>\n<p style=\"text-align: justify;\"><strong>YEN\u0130 YAPILANMAYA G\u0130D\u0130L\u0130YOR<\/strong><\/p>\n<p style=\"text-align: justify;\">Y\u00d6K Ba\u015fkan\u0131 Prof. Dr. Yusuf Ziya \u00d6zcan, \u00d6YSM&#8217;de yeni bir yap\u0131lanmaya gideceklerini, bu konuda kanun tasla\u011f\u0131 haz\u0131rlayacaklar\u0131n\u0131 belirterek, &#8221;Yeni yap\u0131y\u0131, bug\u00fcne kadar g\u00f6rd\u00fc\u011f\u00fcm\u00fcz a\u00e7\u0131klar, yanl\u0131\u015fl\u0131klar, bu \u00e7er\u00e7evede neler varsa, \u00f6rne\u011fin bilgisayar sisteminin g\u00fcvenli\u011fi, matbaada \u00e7al\u0131\u015fan insanlar\u0131n g\u00fcvenlik sorgulamalar\u0131n\u0131n yap\u0131larak gelmesi gibi hususlara dikkat edilerek yeni bir yap\u0131 olu\u015fturaca\u011f\u0131z&#8221; dedi.<\/p>\n<p style=\"text-align: justify;\">AA muhabirine a\u00e7\u0131klamalarda bulunan \u00d6zcan, &#8221;\u00d6SYM Ba\u015fkan\u0131&#8217;n\u0131n istifas\u0131n\u0131 bekliyor muydunuz?&#8221; sorusunu &#8221;Bekliyorduk&#8221; diye yan\u0131tlad\u0131. \u00d6zcan, Yar\u0131ma\u011fan&#8217;\u0131n istifas\u0131na ili\u015fkin bas\u0131na daha \u00f6nceden a\u00e7\u0131klamalarda bulundu\u011funu belirtti.<\/p>\n<p style=\"text-align: justify;\">&#8221;\u00d6SYM Ba\u015fkan\u0131&#8217;n\u0131 d\u00fcnk\u00fc g\u00f6r\u00fc\u015fmeye siz mi davet ettiniz?&#8221; sorusu \u00fczerine \u00d6zcan, s\u0131navla ilgili g\u00f6r\u00fc\u015fmek \u00fczere Yar\u0131ma\u011fan&#8217;\u0131 kendilerinin davet etti\u011fini s\u00f6yledi.<\/p>\n<p style=\"text-align: justify;\">\u00d6zcan, &#8221;S\u0131navlarla ilgili ne karar verdiniz?&#8221; sorusunu yan\u0131tlarken, \u015fu anda \u00f6nlerindeki konunun \u00d6SYM&#8217;ye yeni ba\u015fkan g\u00f6revlendirmek oldu\u011funu belirtti. \u00d6zcan, &#8221;Derhal vekaleten ba\u015fkan atamay\u0131 d\u00fc\u015f\u00fcn\u00fcyoruz. O vekaleten atanan ba\u015fkan\u0131m\u0131zla birlikte, KPSS E\u011fitim Bilimleri testini tekrarlayaca\u011f\u0131z, ondan sonra bekleyen s\u0131radaki 12 s\u0131nav\u0131m\u0131z var&#8221; diye konu\u015ftu.<\/p>\n<p style=\"text-align: justify;\">\u00d6zcan, vekaleten ataman\u0131n en yak\u0131n zamanda yap\u0131laca\u011f\u0131n\u0131 bildirdi.<\/p>\n<p style=\"text-align: justify;\">&#8221;Vekaleten atama kurum i\u00e7inden mi olur?&#8221; sorusuna kar\u015f\u0131l\u0131k \u00d6zcan, &#8221;\u00d6SYM ile alakas\u0131 olmayan fakat bu i\u015flerle ilgilenen bir arkada\u015f\u0131m\u0131z olabilir&#8221; dedi.<\/p>\n<p style=\"text-align: justify;\">\u00d6SYM&#8217;nin yap\u0131s\u0131yla ilgili de\u011fi\u015fiklik \u00f6ng\u00f6ren \u00e7al\u0131\u015fmalar\u0131n daha \u00f6nce ba\u015flad\u0131\u011f\u0131n\u0131 an\u0131msatan \u00d6zcan, bu konuyla ilgili tasla\u011f\u0131n daha \u00f6nce Milli E\u011fitim Bakanl\u0131\u011f\u0131na sunuldu\u011funu ancak ya\u015fanan olaylardan dolay\u0131 yap\u0131lacak de\u011fi\u015fiklikler y\u00fcz\u00fcnden bu konuyla ilgili tasla\u011f\u0131n geri \u00e7ekilece\u011fini belirtti.<\/p>\n<p style=\"text-align: justify;\">Daha \u00f6nceki taslak \u00e7al\u0131\u015fma \u00fczerinde de\u011fi\u015fiklik yapacaklar\u0131n\u0131 anlatan \u00d6zcan, \u00f6nceki de\u011fi\u015fikliklerin idari de\u011fi\u015fiklikleri i\u00e7erdi\u011fini s\u00f6yledi.<\/p>\n<p style=\"text-align: justify;\">\u00d6zcan, &#8221;S\u0131navlar\u0131n ikiye ayr\u0131lmas\u0131 \u015feklinde mi d\u00fc\u015f\u00fcn\u00fcyorsunuz, kamu s\u0131navlar\u0131n\u0131 ayr\u0131 bir kurum yaps\u0131n, \u00f6\u011frencilerle ilgili s\u0131navlar\u0131 ba\u015fka bir kurum yaps\u0131n diye?&#8221; sorusu \u00fczerine, &#8221;Onu ben d\u00fc\u015f\u00fcn\u00fcyorum ama \u015fimdi kurumun d\u00fc\u015f\u00fcnd\u00fc\u011f\u00fc o de\u011fil. Kurumun d\u00fc\u015f\u00fcnd\u00fc\u011f\u00fc, sene sonuna kadar \u00f6n\u00fcm\u00fczdeki s\u0131navlar\u0131 sa\u011f salim yapmak, sonra da \u00d6SYM&#8217;ye iyi bir \u015fekil kazand\u0131rmak. Ba\u015fka hi\u00e7bir \u015fey d\u00fc\u015f\u00fcnm\u00fcyoruz&#8221; dedi.<\/p>\n<p style=\"text-align: justify;\">&#8221;\u00d6SYM&#8217;nin yap\u0131s\u0131 tamamen de\u011fi\u015fecek mi?&#8221; sorusuna \u00d6zcan, &#8221;Yine \u00d6SYM gibi olur ama yeni yap\u0131y\u0131 bug\u00fcne kadar g\u00f6rd\u00fc\u011f\u00fcm\u00fcz a\u00e7\u0131klar, yanl\u0131\u015fl\u0131klar, bu \u00e7er\u00e7evede neler varsa, \u00f6rne\u011fin bilgisayar sisteminin g\u00fcvenli\u011fi, matbaada \u00e7al\u0131\u015fan insanlar\u0131n g\u00fcvenlik sorgulamalar\u0131n\u0131n yap\u0131larak gelmesi gibi hususlara dikkat edilerek yeni bir yap\u0131 olu\u015fturaca\u011f\u0131z&#8221; yan\u0131t\u0131n\u0131 verdi.<\/p>\n<p style=\"text-align: justify;\">\u00d6zcan, &#8221;\u00d6SYM&#8217;de ba\u015fka g\u00f6revden almalar olur mu?&#8221; sorusunu yan\u0131tlarken de &#8221;Olabilir. Soru\u015fturman\u0131n selameti bak\u0131m\u0131ndan&#8230; Bize denetlemeden gelecek rapora ba\u011fl\u0131. O raporda kimler hatal\u0131, kusurlu g\u00f6r\u00fcl\u00fcyorsa onlar\u0131n g\u00f6revden al\u0131nmas\u0131 herhalde s\u00f6z konusu olur&#8221; dedi.<\/p>\n<p style=\"text-align: justify;\">&#8221;S\u0131nav i\u00e7in soru haz\u0131rlayan komisyonla ilgili bir karar bekleniyor. O nas\u0131l olacak?&#8221; sorusuna \u00d6zcan, &#8221;\u015eimdi onlarla hi\u00e7 u\u011fra\u015fm\u0131yoruz&#8221; yan\u0131t\u0131n\u0131 verdi.<\/p>\n<p style=\"text-align: justify;\">&#8221;E\u011fitim bilimleri testinin sorular\u0131n\u0131 kim haz\u0131rlayacak?&#8221; sorusu \u00fczerine \u00d6zcan, &#8221;\u0130\u015fte vekil  arkada\u015f\u0131m\u0131za verece\u011fimiz ilk g\u00f6rev o olacak. Biz de kendisine yard\u0131m ederiz&#8221; dedi.<\/p>\n<p style=\"text-align: justify;\">\u0130ptal edilen KPSS E\u011fitim Bilimleri Testi&#8217;ne yeni ba\u015fvuru almayacaklar\u0131n\u0131 vurgulayan \u00d6zcan, eski ba\u015fvurular\u0131n ge\u00e7erli olaca\u011f\u0131n\u0131 s\u00f6yledi. \u00d6zcan, s\u0131nava gireceklerden yeniden s\u0131nav \u00fccreti al\u0131nmayaca\u011f\u0131n\u0131, s\u0131nava herkesin daha \u00f6nce belirlenen yerde girece\u011fini s\u00f6yledi.<\/p>\n<p style=\"text-align: justify;\">\u00d6zcan, &#8221;\u0130stifas\u0131n\u0131 sunmas\u0131n\u0131n ard\u0131ndan Say\u0131n Yar\u0131ma\u011fan ile g\u00f6r\u00fc\u015ft\u00fcn\u00fcz m\u00fc?&#8221; sorusuna kar\u015f\u0131l\u0131k, &#8221;Hay\u0131r hen\u00fcz g\u00f6r\u00fc\u015fmedim. Telefon edece\u011fim&#8221; dedi. \u00d6zcan, Yar\u0131ma\u011fan&#8217;\u0131n istifas\u0131n\u0131 kabul etti\u011fini bildirdi.<\/p>\n<p style=\"text-align: justify;\"><strong>DENETLEME KURULU RAPORUNDA SOMUT BULGULAR VAR<\/strong><\/p>\n<p style=\"text-align: justify;\">\u00d6zcan, bir ba\u015fka soru \u00fczerine Y\u00d6K Denetleme Kurulunun \u00e7al\u0131\u015fmalar\u0131n\u0131n iyi gitti\u011fini ifade ederek, &#8221;\u0130ki tane rapor verdiler, bir tanesi \u00f6n rapordu, di\u011feri ara rapor. Son rapor verecekler&#8221; dedi.<\/p>\n<p style=\"text-align: justify;\">\u00d6zcan, \u00e7al\u0131\u015fmalar\u0131n Devlet Denetleme Kurulu ile baz\u0131 konularda i\u015f birli\u011fi yap\u0131larak s\u00fcrd\u00fcr\u00fcld\u00fc\u011f\u00fcn\u00fc belirtti.<\/p>\n<p style=\"text-align: justify;\">&#8221;Raporda, telekulak ile kalemle, kolyeyle s\u0131nava girdiklerine ili\u015fkin iddialar yer al\u0131yor mu? Bunlar\u0131 ger\u00e7ek\u00e7i buluyor musunuz?&#8221; sorusuna \u00d6zcan, &#8221;Hay\u0131r, raporda \u00f6yle \u015feyler yok. Tahminlerden bahsetmiyor, somut \u015feyler var. O \u015feylere de inanm\u0131yorum. Yok i\u015fte \u00d6SYM&#8217;nin kar\u015f\u0131s\u0131nda ev kiralanm\u0131\u015f&#8230; Kolye, kaleme inan\u0131yorum, onlar kopya aleti olarak kullan\u0131labilir. Onu bize savc\u0131l\u0131k s\u00f6yleyecek&#8221; dedi.<\/p>\n<p style=\"text-align: justify;\">&#8221;S\u0131nav iptal edildi, hakk\u0131yla ba\u015far\u0131l\u0131 olarak iyi bir puan alm\u0131\u015f aday mahkemeye ba\u015fvursa kazanabilir mi?&#8221; sorusunu yan\u0131tlarken \u00d6zcan, \u015funlar\u0131 s\u00f6yledi:<\/p>\n<p style=\"text-align: justify;\">&#8221;Bence kazanamaz. Bizi iptal karar\u0131n\u0131 almam\u0131za iten neden o s\u0131navda daha \u00f6nce g\u00f6r\u00fclmeyen d\u00fczensizliklerin olmas\u0131. E\u011fer bir s\u0131navdan sonra \u00e7an e\u011frisi d\u0131\u015f\u0131nda bir e\u011friye rastl\u0131yorsan, o \u00e7ok normal bir \u015feydir. E\u011fer be\u015f ki\u015fi ayn\u0131 sorulara do\u011fru cevap veriyorsa ve yanl\u0131\u015flar\u0131 da ayn\u0131ysa kesinlikle kopya vard\u0131r. 350 ki\u015finin t\u00fcm sorulara do\u011fru yan\u0131t vermesi beklenecek \u015fey de\u011fil. Daha \u00f6nce hi\u00e7 olmam\u0131\u015f bu kadar insan\u0131n sorular\u0131n tamam\u0131na cevap vermesi. Hele bunlar\u0131n bir k\u0131sm\u0131n\u0131n \u00e7ift olmas\u0131 hi\u00e7 olacak \u015fey de\u011fil.&#8221;<\/p>\n<p style=\"text-align: justify;\"><strong>&#8221;H\u0130\u00c7 K\u0130MSE HOCAYA B\u0130R \u015eEY D\u0130YEMEZ&#8221;<\/strong><\/p>\n<p style=\"text-align: justify;\">&#8221;KPSS&#8217;de ya\u015fanan olaylardan dolay\u0131 \u00d6SYM Ba\u015fkan\u0131&#8217;n\u0131n sorumlu oldu\u011funu d\u00fc\u015f\u00fcn\u00fcyor musunuz?&#8221; sorusuna \u00d6zcan, \u015fu kar\u015f\u0131l\u0131\u011f\u0131 verdi:<\/p>\n<p style=\"text-align: justify;\">&#8221;Hay\u0131r. \u015eahsi olarak Say\u0131n Yar\u0131ma\u011fan&#8217;\u0131n bir sorunu de\u011fil. Yar\u0131ma\u011fan ger\u00e7ekten \u00e7al\u0131\u015fm\u0131\u015f. 37 y\u0131l sonra baz\u0131 \u015feyleri g\u00f6remez duruma gelmi\u015f olabilir. \u0130\u015fletmelerde k\u00f6rl\u00fck diye bir \u015fey var. \u00c7ok \u00e7al\u0131\u015f\u0131rsan art\u0131k i\u015fletmede ne oldu\u011funu g\u00f6remezsin. \u00d6yle bir sorun olabilir. \u00c7ok kal\u0131nca art\u0131k neyin olup bitti\u011fini \u00e7ok g\u00f6rmez, \u00e7ok dikkatini \u00e7ekmez. Belki \u00f6yle bir \u015fey oldu. Yoksa Say\u0131n Yar\u0131ma\u011fan \u015fahsi olarak herhalde tan\u0131yabilece\u011finiz en do\u011fru, en d\u00fczg\u00fcn, en etik insanlardan bir tanesi. Hi\u00e7 kimse Yar\u0131ma\u011fan&#8217;a bir \u015fey diyemez. Sadece biz de\u011fil, T\u00fcrkiye&#8217;de hi\u00e7 kimse Yar\u0131ma\u011fan&#8217;\u0131n \u015fahs\u0131na, &#8216;Yar\u0131ma\u011fan bu i\u015flerden menfaat sa\u011fl\u0131yor&#8217; gibi \u015feyler diyemez.&#8221;<\/p>\n<p style=\"text-align: justify;\"><strong>&#8221;\u0130\u00c7ER\u0130DEN SIZDIRMA TESP\u0130T ED\u0130LEMED\u0130&#8221;<\/strong><\/p>\n<p style=\"text-align: justify;\">&#8221;\u0130\u00e7eriden bir s\u0131zd\u0131rma oldu\u011funu d\u00fc\u015f\u00fcn\u00fcyor musunuz, \u00f6yle bir delil var m\u0131?&#8221; sorusunu \u00d6zcan, &#8221;\u015eimdiye kadar yap\u0131lan denetlemenin \u00e7al\u0131\u015fmas\u0131nda ve savc\u0131l\u0131kta o konuda bir \u015fey \u00e7\u0131kmad\u0131. Bir bilgi gelmedi, rastlanmad\u0131&#8221; yan\u0131t\u0131n\u0131 verdi.<\/p>\n<p style=\"text-align: justify;\">\u00d6SYM Ba\u015fkanl\u0131\u011f\u0131na yap\u0131lacak vekaletin sene sonuna kadar s\u00fcrece\u011fini belirten \u00d6zcan, &#8221;O s\u0131rada biz de \u00d6SYM ile ilgili mevzuat \u00e7al\u0131\u015fmalar\u0131n\u0131 bitiririz. Yeni bir \u015fekil olur. Geri \u00e7ekece\u011fiz tasla\u011f\u0131. Onu Meclis&#8217;in a\u00e7\u0131lmas\u0131na denk gelecek \u015fekilde sunmay\u0131 d\u00fc\u015f\u00fcn\u00fcyoruz&#8221; dedi.<\/p>\n<p style=\"text-align: justify;\">&#8221;\u00d6SYM&#8217;de nas\u0131l bir de\u011fi\u015fiklik \u00f6ng\u00f6r\u00fcl\u00fcyor?&#8221; sorusu \u00fczerine \u00d6zcan, &#8221;Sadece bu t\u00fcr \u015feylere, ka\u00e7aklara, s\u0131z\u0131nt\u0131lara izin vermeyecek bir mekanizma, g\u00fcvenlik vurgusu fazla olan bir yap\u0131 olacak. Herkesin sorumlulu\u011fu s\u0131n\u0131rl\u0131, hangi otorite nereye kadar eri\u015fecek, sorular\u0131 g\u00f6r\u00fcp g\u00f6rmeyecek mi, cevaplara ula\u015facak m\u0131 ula\u015fmayacak m\u0131, orijinal ka\u011f\u0131tlara kimler ula\u015fabilir gibi onlar\u0131n hepsi belirlenecek. Belli kimseler ancak belli bilgileri g\u00f6rebilecek. O bazl\u0131 bir \u00e7al\u0131\u015fma d\u00fc\u015f\u00fcn\u00fcyoruz&#8221; diye konu\u015ftu.<\/p>\n<p style=\"text-align: justify;\"><strong>\u00d6SYM&#8217;DE  9 K\u0130\u015e\u0130 G\u00d6REVDEN ALINDI<\/strong><\/p>\n<p style=\"text-align: justify;\">Ba\u015fkan\u0131 bug\u00fcn g\u00f6revden istifa eden \u00d6\u011frenci Se\u00e7me ve Yerle\u015ftirme Merkezinde (\u00d6SYM), aralar\u0131nda \u00f6zel kalem m\u00fcd\u00fcr\u00fc ve genel sekreterin de bulundu\u011fu 9 ki\u015fi g\u00f6revden al\u0131nd\u0131. G\u00f6revden al\u0131nanlar\u0131n \u00e7e\u015fitli birimlerin m\u00fcd\u00fcrleri oldu\u011fu \u00f6\u011frenildi.<\/p>\n<p style=\"text-align: justify;\">AA muhabirinin ald\u0131\u011f\u0131 bilgiye, Y\u00d6K yetkilileri KPSS&#8217;deki iddialar nedeniyle y\u00fcr\u00fct\u00fclen soru\u015fturma \u00e7er\u00e7evesinde savc\u0131l\u0131kla g\u00f6r\u00fc\u015ft\u00fckten sonra \u00d6SYM&#8217;de bir\u00e7ok birimin m\u00fcd\u00fcr\u00fcn\u00fc, halen devam eden &#8221;soru\u015fturman\u0131n  selameti&#8221; a\u00e7\u0131s\u0131ndan g\u00f6revden ald\u0131.<\/p>\n<p style=\"text-align: justify;\">G\u00f6revden al\u0131nanlar aras\u0131nda \u00d6zel Kalem M\u00fcd\u00fcr\u00fc I\u015f\u0131l \u00c7\u0131ng\u0131, Genel Sekreter Mehmet Altunay, Bilgi \u0130\u015flem M\u00fcd\u00fcr\u00fc Mustafa T\u00fct\u00fcnc\u00fc ve Test Ara\u015ft\u0131rma M\u00fcd\u00fcr\u00fc Haydar Altunay da bulunuyor.<\/p>\n<p style=\"text-align: justify;\"><strong>ARIN\u00c7: &#8220;\u0130\u015e BU NOKTAYA GELD\u0130KTEN SONRA..&#8221;<\/strong><\/p>\n<p style=\"text-align: justify;\">Devlet Bakan\u0131 ve Ba\u015fbakan Yard\u0131mc\u0131s\u0131 B\u00fclent Ar\u0131n\u00e7, \u00d6SYM Ba\u015fkan\u0131 Prof. Dr. \u00dcnal Yar\u0131ma\u011fan&#8217;\u0131n istifas\u0131n\u0131 &#8221;do\u011fal kar\u015f\u0131lad\u0131\u011f\u0131n\u0131&#8221; belirterek, bundan sonra kurumlar\u0131n kendi s\u0131navlar\u0131n\u0131 yapmalar\u0131nda fayda oldu\u011funu s\u00f6yledi.<\/p>\n<p style=\"text-align: justify;\">\u00d6SYM&#8217;de ya\u015fanan\u0131n tam bir skandal oldu\u011funu, olay\u0131n boyutlar\u0131n\u0131n geni\u015fledi\u011fini, konuyla ilgili savc\u0131l\u0131k soru\u015fturmas\u0131n\u0131n s\u00fcrd\u00fc\u011f\u00fcn\u00fc belirten Ar\u0131n\u00e7, \u015f\u00f6yle konu\u015ftu:<\/p>\n<p style=\"text-align: justify;\">&#8221;\u0130\u015f bu noktaya geldikten sonra onun ba\u015f\u0131nda bulunan bir ki\u015finin istifas\u0131n\u0131 do\u011fal kar\u015f\u0131l\u0131yorum. \u00d6nemli olan bundan sonra \u00d6SYM&#8217;nin yeniden yap\u0131land\u0131r\u0131lmas\u0131d\u0131r. Bu kurum, binlerce insan\u0131n i\u015f imkan\u0131 i\u00e7in ter d\u00f6kt\u00fc\u011f\u00fc, g\u00f6z nuru verdi\u011fi \u00f6nemli bir imtihan\u0131 haz\u0131rl\u0131yor. Bug\u00fcn ya\u015fanan olaylara bakarsak bu kurumun daha \u00e7ok \u015feffaf, denetlenebilir ve g\u00fcvenlikli olmas\u0131 laz\u0131m. Bu birinci \u015fart.<\/p>\n<p style=\"text-align: justify;\">\u0130kinci \u015fart, binlerce insan belli bir puan alarak kurumlara yerle\u015ftirilmek i\u00e7in s\u0131nava giriyor. Herhalde bundan sonra kurumlar\u0131n ayr\u0131 ayr\u0131 kendi s\u0131navlar\u0131n\u0131 yapmalar\u0131nda fayda var. \u00c7\u00fcnk\u00fc b\u00f6yle bir merkezi sistemde sorular\u0131n elden \u00e7\u0131kar\u0131lmas\u0131 veya suistimali \u00e7ok daha kolay oluyor g\u00f6rd\u00fc\u011f\u00fcm\u00fcz kadar\u0131yla. H\u00fck\u00fcmetimiz bu konuda Milli E\u011fitim, Y\u00d6K ile \u00e7al\u0131\u015farak en g\u00fcvenlikli, \u015feffaf ve denetlenebilir bir s\u0131nav mekanizmas\u0131n\u0131 kuracakt\u0131r. \u00d6SYM&#8217;nin geldi\u011fi bu noktada mutlaka bir de\u011fi\u015fime ihtiya\u00e7 g\u00f6r\u00fcyorum.&#8221;<\/p>\n<p style=\"text-align: justify;\"><span style=\"color: #888888;\">Kaynak : <a href=\"http:\/\/www.gazeteport.com.tr\/GUNCEL\/NEWS\/GP_767861\" target=\"_blank\">GAZETEPORT<\/a><\/span><\/p>\n","protected":false},"excerpt":{"rendered":"<p style=\"text-align: justify;\">\n<p style=\"text-align: justify;\">\u00d6SYM&#8217;ye yeni ba\u015fkan olarak \u0130stanbul Teknik \u00dcniversitesinden Prof. Ali Demir vekaleten atand\u0131.<\/p>\n<p style=\"text-align: justify;\">Y\u00d6K Ba\u015fkan\u0131 Prof. Dr. Yusuf Ziya \u00d6zcan, \u00d6YSM&#8217;de yeni bir yap\u0131lanmaya gideceklerini, a\u00e7\u0131klad\u0131. \u00d6zcan bilgisayar sisteminin g\u00fcvenli\u011fi, matbaada \u00e7al\u0131\u015fan insanlar\u0131n g\u00fcvenlik sorgulamalar\u0131n\u0131n yap\u0131larak gelmesi gibi hususlara dikkat edilerek yeni bir yap\u0131 olu\u015fturaca\u011f\u0131z&#8221; dedi. <\/p>\n","protected":false},"author":1,"featured_media":0,"comment_status":"open","ping_status":"closed","sticky":false,"template":"","format":"standard","meta":{"footnotes":""},"categories":[105],"tags":[],"class_list":["post-25863","post","type-post","status-publish","format-standard","hentry","category-gundem","odd"],"_links":{"self":[{"href":"http:\/\/www.korhanyilmaz.com\/index.php?rest_route=\/wp\/v2\/posts\/25863","targetHints":{"allow":["GET"]}}],"collection":[{"href":"http:\/\/www.korhanyilmaz.com\/index.php?rest_route=\/wp\/v2\/posts"}],"about":[{"href":"http:\/\/www.korhanyilmaz.com\/index.php?rest_route=\/wp\/v2\/types\/post"}],"author":[{"embeddable":true,"href":"http:\/\/www.korhanyilmaz.com\/index.php?rest_route=\/wp\/v2\/users\/1"}],"replies":[{"embeddable":true,"href":"http:\/\/www.korhanyilmaz.com\/index.php?rest_route=%2Fwp%2Fv2%2Fcomments&post=25863"}],"version-history":[{"count":0,"href":"http:\/\/www.korhanyilmaz.com\/index.php?rest_route=\/wp\/v2\/posts\/25863\/revisions"}],"wp:attachment":[{"href":"http:\/\/www.korhanyilmaz.com\/index.php?rest_route=%2Fwp%2Fv2%2Fmedia&parent=25863"}],"wp:term":[{"taxonomy":"category","embeddable":true,"href":"http:\/\/www.korhanyilmaz.com\/index.php?rest_route=%2Fwp%2Fv2%2Fcategories&post=25863"},{"taxonomy":"post_tag","embeddable":true,"href":"http:\/\/www.korhanyilmaz.com\/index.php?rest_route=%2Fwp%2Fv2%2Ftags&post=25863"}],"curies":[{"name":"wp","href":"https:\/\/api.w.org\/{rel}","templated":true}]}}