{"id":25857,"date":"2010-09-22T08:12:09","date_gmt":"2010-09-22T05:12:09","guid":{"rendered":"http:\/\/www.korhanyilmaz.com\/?p=25857"},"modified":"2010-09-22T08:12:09","modified_gmt":"2010-09-22T05:12:09","slug":"imamlarin-listesi-hamza-keleste","status":"publish","type":"post","link":"http:\/\/www.korhanyilmaz.com\/?p=25857","title":{"rendered":"\u0130mamlar\u0131n listesi Hamza Kele\u015f&#8217;te"},"content":{"rendered":"<p style=\"text-align: center;\"><a href=\"http:\/\/www.korhanyilmaz.com\/wp-content\/uploads\/2010\/09\/213.jpg\"  class=\"lightview\"><img loading=\"lazy\" decoding=\"async\" class=\"aligncenter size-full wp-image-25858\" src=\"http:\/\/www.korhanyilmaz.com\/wp-content\/uploads\/2010\/09\/213.jpg\" alt=\"\" width=\"420\" height=\"210\" \/><\/a><\/p>\n<p style=\"text-align: justify;\">Fethullah G\u00fclen&#8217;in, emniyet, adalet ve siyaset i\u00e7inde faaliyet g\u00f6steren &#8220;\u0130mam&#8221;lar\u0131n\u0131n listesi, Ankara \u00d6zel Yetkili Ba\u015fsavc\u0131 vekili Hamza Kele\u015f&#8217;te. Yazd\u0131\u011f\u0131 Hali\u00e7&#8217;te Ya\u015fayan Simonlar kitab\u0131n\u0131n ikinci b\u00f6l\u00fcm\u00fcnde ayr\u0131nt\u0131l\u0131 \u015fekilde anlatt\u0131\u011f\u0131 G\u00fclen Cemaati&#8217;nin yap\u0131lanmas\u0131 hakk\u0131nda Ba\u015fsavc\u0131 Vekili Hamza Kele\u015f&#8217;e ayr\u0131nt\u0131l\u0131 bilgi ve belge veren Avc\u0131, verdi\u011fi bilgilerin operasyonel bir soru\u015fturmaya d\u00f6nece\u011finden pek de umutlu de\u011fil.<!--more--><\/p>\n<p style=\"text-align: justify;\">\u0130STANBUL &#8211; Fethullah G\u00fclen&#8217;in, emniyet, adalet ve siyaset i\u00e7inde faaliyet g\u00f6steren &#8220;\u0130mam&#8221;lar\u0131n\u0131n listesi Ankara \u00d6zel Yetkili Ba\u015fsavc\u0131 Vekili Hamza Kele\u015f&#8217;e verildi.<\/p>\n<p style=\"text-align: justify;\">Emniyet M\u00fcd\u00fcr\u00fc Hanefi Avc\u0131&#8217;n\u0131n, &#8220;Hali\u00e7&#8217;te Ya\u015fayan Simonlar&#8221; kitab\u0131n\u0131n\u0131n ikinci b\u00f6l\u00fcm\u00fcnde ayr\u0131nt\u0131l\u0131 olarak anlat\u0131p, isimlerini vermedi\u011fi G\u00fclen cemaatinin emniyet, adalet ve siyaset \u00fc\u00e7geni i\u00e7inde faaliyet g\u00f6sterdi\u011fi &#8220;\u0130mam&#8221;lar\u0131n\u0131n listesini ger\u00e7ek isimleri ile Ankara \u00d6zel Yetkili Ba\u015fsavc\u0131 Vekili Hamza Kele\u015f&#8217;e verdi\u011fi \u00f6\u011frenildi.<\/p>\n<p style=\"text-align: justify;\"><strong>EMN\u0130YET, ADALET VE S\u0130YASET\u0130N \u0130MAMLARI<\/strong><\/p>\n<p style=\"text-align: justify;\">Hanefi Avc\u0131, cemaatin Emniyet\u2019ten sorumlu \u201cimam\u0131\u201dn\u0131n &#8220;Kozanl\u0131 \u00d6mer&#8221; diye bilinen Osman Hilmi \u00d6zdil oldu\u011funu a\u00e7\u0131klam\u0131\u015ft\u0131. Avc\u0131, G\u00fclen cemaatin M\u0130T&#8217;ten sorumlu imam\u0131n\u0131 ise &#8220;Yenimahalle&#8221;den sorumlu Sinan bey kod ad\u0131yla &#8220;Murat bey&#8221; olarak olarak kaleme alm\u0131\u015ft\u0131. TSK i\u00e7indeki imamlar\u0131n Subay, astsubay ve erlerden sorumlu olarak \u00fc\u00e7e ayr\u0131ld\u0131\u011f\u0131n\u0131 belirten Avc\u0131, bu imamlar\u0131n bir araya geldiklerinde bir zincir olu\u015fturup devlet hiyerar\u015fisi d\u0131\u015f\u0131nda bir yap\u0131 olu\u015fturarak su\u00e7 i\u015flediklerini belirtti.<\/p>\n<p style=\"text-align: justify;\"><strong>G\u00dcLEN CEMAAT\u0130N\u0130N YAPILANMASI \u0130LE \u0130LG\u0130L\u0130 \u0130K\u0130 BELGE<\/strong><\/p>\n<p style=\"text-align: justify;\">04.08.2002 tarihinde Elaz\u0131\u011f&#8217;\u0131n Sivrice il\u00e7esinde bir camiide unutulan ve Ahmet \u015eahinalp adl\u0131 makina m\u00fchendisine ait \u00e7antada ele ge\u00e7en belgelere g\u00f6re cemaatin bu b\u00f6lgesindeki yap\u0131lanmas\u0131 ile ilgili \u00f6nemli bilgiler elde edildi. Avc\u0131, devletin ar\u015fivinde bulunan ve o b\u00f6lgedeki cemaat yap\u0131lanmas\u0131n\u0131 ayr\u0131nt\u0131lar\u0131 ile anlatan bu belgeyi Kele\u015f&#8217;e verdi.<\/p>\n<p style=\"text-align: justify;\">Avc\u0131&#8217;n\u0131n \u00d6zel Yetkili Ba\u015fsavc\u0131 Vekili Hamza Kele\u015f&#8217;e verdi\u011fi ikinci belge ise 2007 y\u0131l\u0131nda cemaatin emniyet imam\u0131 olan Kozanl\u0131 \u00d6mer&#8217;in faaliyetlerinden \u015fikayet\u00e7i olan alt sorumlular\u0131n G\u00fclen&#8217;e g\u00f6nderdikleri bir rapor. Bu raporda cematin emniyet i\u00e7indeki faaliyetleri ayr\u0131nt\u0131lar\u0131 ile anlat\u0131l\u0131yor. Avc\u0131&#8217;n\u0131n Hali\u00e7&#8217;te Ya\u015fayan Simonlar kitab\u0131nda yay\u0131nlad\u0131\u011f\u0131 bu belgenin asl\u0131n\u0131 da Hamza Kele\u015f&#8217;e verdi\u011fi \u00f6\u011frenildi.<\/p>\n<p style=\"text-align: justify;\"><strong>\u0130ST\u0130HBARAT DA\u0130RE BA\u015eKANI \u0130LE G\u00d6R\u00dc\u015eT\u00dc<\/strong><\/p>\n<p style=\"text-align: justify;\">\u00d6zel Yetkili Ankara Cumhuriyet Ba\u015fsavc\u0131vekilli\u011fi, piyasaya \u00e7\u0131kt\u0131\u011f\u0131 g\u00fcnden itibaren b\u00fcy\u00fck tart\u0131\u015fma yaratan Eski\u015fehir eski Emniyet M\u00fcd\u00fcr\u00fc Hanefi Avc\u0131\u2019n\u0131n \u201cHali\u00e7\u2019te Ya\u015fayan Simonlar D\u00fcn Devlet Bug\u00fcn Cemaat\u201d adl\u0131 kitab\u0131ndaki iddialarla ilgili soru\u015fturmay\u0131 s\u00fcrd\u00fcr\u00fcyor. Hanefi Avc\u0131&#8217;n\u0131n Hamza Kele\u015f&#8217;e ifade vermesinden \u00f6nce, Emniyet Genel M\u00fcd\u00fcrl\u00fc\u011f\u00fc \u0130stihbarat Daire Ba\u015fkan\u0131 \u00d6mer Alt\u0131parmak da  Avc\u0131&#8217;n\u0131n kitab\u0131ndaki iddialarla ilgili bir g\u00f6r\u00fc\u015fme yapm\u0131\u015ft\u0131.<\/p>\n<p style=\"text-align: justify;\"><strong>HANEF\u0130 AVCI UMUTSUZ<\/strong><\/p>\n<p style=\"text-align: justify;\">Hali\u00e7&#8217;te Ya\u015fayan Simonlar kitab\u0131n\u0131 yay\u0131nlad\u0131ktan sonra Eski\u015fehir Emniyet M\u00fcd\u00fcrl\u00fc\u011f\u00fc g\u00f6revinden merkeze al\u0131nma dilek\u00e7esi ile merkeze al\u0131nan Hanefi Avc\u0131, ba\u015flat\u0131lan soru\u015fturmadan pek umudu yok. B\u00fcy\u00fck sansasyon yaratan kitab\u0131n\u0131n &#8220;Ada yay\u0131nevi&#8221;ndeki imza g\u00fcn\u00fcnde Gazeteport&#8217;tan \u0130hsan Demir ile g\u00f6r\u00fc\u015fen Avc\u0131, &#8220;Soru\u015fturma yukar\u0131dan \u00fcst d\u00fczeyden desteklenmezse bir sonuca ula\u015fmaz. Soru\u015fturma sadece savc\u0131l\u0131\u011f\u0131n y\u00fcr\u00fctece\u011fi bir soru\u015fturma ile sonuca ula\u015fmaz. Hem idari hem de savc\u0131l\u0131\u011f\u0131n ayn\u0131 anda \u00e7al\u0131\u015farak yap\u0131y\u0131 ay\u0131klamalar\u0131 gerekir. \u00c7\u00fcnk\u00fc emniyet ve adalet te\u015fkilat\u0131 i\u00e7indeki cemaat elamanlar\u0131 bir araya gelince su\u00e7 i\u015fleme \u015febekesi meydana geliyor. Burada yap\u0131lan yanl\u0131\u015f\u0131n telafisi yok. Emniyet yanl\u0131\u015f yaparsa, adalet te\u015fkilat\u0131 bunu yarg\u0131lama esnas\u0131nda d\u00fczeltir. Yanl\u0131\u015f burada ortaya \u00e7\u0131kar. Ancak emniyet ve adalet te\u015fkilat\u0131 i\u00e7inde bir grup birle\u015fip yanl\u0131\u015f yaparsa bu defa tuz kokar. Tuz kokunca bunun telafisi yok. Bu yanl\u0131\u015f\u0131 d\u00fczeltecek bir yap\u0131 yok. Bana sorarsan\u0131z siyasi olarak bu soru\u015fturma desteklenmezse soru\u015fturan\u0131n ba\u015f\u0131na da dert olur&#8221; dedi.<\/p>\n<p style=\"text-align: justify;\"><strong>\u00d6ZEL YETK\u0130L\u0130 BA\u015eSAVCI VEK\u0130L\u0130 HAMZA KELE\u015e<\/strong><\/p>\n<div id=\"attachment_25860\" style=\"width: 206px\" class=\"wp-caption alignleft\"><a href=\"http:\/\/www.korhanyilmaz.com\/wp-content\/uploads\/2010\/09\/2141.jpg\"  class=\"lightview\"><img loading=\"lazy\" decoding=\"async\" aria-describedby=\"caption-attachment-25860\" class=\"size-full wp-image-25860\" style=\"margin-left: 10px; margin-right: 10px;\" src=\"http:\/\/www.korhanyilmaz.com\/wp-content\/uploads\/2010\/09\/2141.jpg\" alt=\"\" width=\"196\" height=\"209\" \/><\/a><p id=\"caption-attachment-25860\" class=\"wp-caption-text\">Ankara \u00d6zel Yetkili Ba\u015fsavc\u0131 Vekili Hamza Kele\u015f<\/p><\/div>\n<p style=\"text-align: justify;\">Hanefi Avc\u0131&#8217;n\u0131n kitab\u0131ndaki iddialar \u00fczerine harekete ge\u00e7erek ifadesini alan \u00d6zel Yetkili Ba\u015fsavc\u0131 vekili Hamza Kele\u015f adalet te\u015fkilat\u0131 i\u00e7inde yapt\u0131\u011f\u0131 soru\u015fturmalarla tan\u0131nan bir isim. U\u011fur Mumcu suikastini soru\u015fturup &#8220;Umut Operasyonu&#8221;nu ger\u00e7ekle\u015ftiren Hamza Kele\u015f uzun s\u00fcre faili me\u00e7hul kalan Mumcu cinayetini \u00e7\u00f6zd\u00fc.<\/p>\n<p style=\"text-align: justify;\">&#8220;Umut Operasyonu&#8221; soru\u015fturmas\u0131n\u0131 y\u00fcr\u00fcten Ankara DGM Cumhuriyet Savc\u0131s\u0131 Kele\u015f, yasad\u0131\u015f\u0131 \u201cTevhid, Selam ve Kud\u00fcs Ordusu\u201d \u00f6rg\u00fctlerine y\u00f6nelik soru\u015fturma kapsam\u0131nda 17 san\u0131k hakk\u0131nda iddianame haz\u0131rlad\u0131.<\/p>\n<p style=\"text-align: justify;\">Fethullah G\u00fclen hakk\u0131nda, &#8220;Anayasal sistemi de\u011fi\u015ftirerek yerine \u0130slami esaslara dayal\u0131 devlet kurmak amac\u0131yla yasad\u0131\u015f\u0131 \u00f6rg\u00fct kurup, bu ama\u00e7 do\u011frultusunda faaliyetlerde bulundu\u011fu&#8221; gerek\u00e7esiyle yarg\u0131land\u0131\u011f\u0131 Ankara 2 No&#8217;lu DGM&#8217;nin savc\u0131s\u0131 olan Kele\u015f, Fethullah G\u00fclen&#8217;in, 3713 Say\u0131l\u0131 Ter\u00f6rle M\u00fccadele Kanunu&#8217;nun &#8220;ter\u00f6r tan\u0131m\u0131&#8221; ba\u015fl\u0131kl\u0131 1. maddesi yollamas\u0131yla, ayn\u0131 kanunun &#8220;ter\u00f6r \u00f6rg\u00fctleri&#8221; h\u00fckm\u00fcn\u00fc i\u00e7eren 7. maddesinin 1. f\u0131kras\u0131n\u0131n birinci c\u00fcmlesine g\u00f6re, 5 y\u0131ldan 10 y\u0131la kadar a\u011f\u0131r hapis cezas\u0131na mahkum edilmesini talep etti. Ancak yarg\u0131laman\u0131n s\u00fcrd\u00fc\u011f\u00fc zaman i\u00e7inde Ter\u00f6rle M\u00fccadele Kanununda yap\u0131lan de\u011fi\u015fiklikler ve G\u00fclen&#8217;in \u00f6rg\u00fct\u00fcn\u00fcn silahs\u0131z olu\u015fu dikkate al\u0131narak beraat etti. Karar Yarg\u0131tay Genel Kurulunda da onayland\u0131.<\/p>\n<p style=\"text-align: justify;\"><span style=\"color: #888888;\">Kaynak : \u0130hsan Demir &#8211;<a href=\"http:\/\/www.gazeteport.com.tr\/GUNCEL\/NEWS\/GP_767715\" target=\"_blank\"> Gazeteport<\/a><\/span><\/p>\n","protected":false},"excerpt":{"rendered":"<p style=\"text-align: center;\">\n<p style=\"text-align: justify;\">Fethullah G\u00fclen&#8217;in, emniyet, adalet ve siyaset i\u00e7inde faaliyet g\u00f6steren &#8220;\u0130mam&#8221;lar\u0131n\u0131n listesi, Ankara \u00d6zel Yetkili Ba\u015fsavc\u0131 vekili Hamza Kele\u015f&#8217;te. Yazd\u0131\u011f\u0131 Hali\u00e7&#8217;te Ya\u015fayan Simonlar kitab\u0131n\u0131n ikinci b\u00f6l\u00fcm\u00fcnde ayr\u0131nt\u0131l\u0131 \u015fekilde anlatt\u0131\u011f\u0131 G\u00fclen Cemaati&#8217;nin yap\u0131lanmas\u0131 hakk\u0131nda Ba\u015fsavc\u0131 Vekili Hamza Kele\u015f&#8217;e ayr\u0131nt\u0131l\u0131 bilgi ve belge veren Avc\u0131, verdi\u011fi bilgilerin operasyonel bir soru\u015fturmaya d\u00f6nece\u011finden pek de <\/p>\n","protected":false},"author":1,"featured_media":0,"comment_status":"open","ping_status":"closed","sticky":false,"template":"","format":"standard","meta":{"footnotes":""},"categories":[105],"tags":[],"class_list":["post-25857","post","type-post","status-publish","format-standard","hentry","category-gundem","odd"],"_links":{"self":[{"href":"http:\/\/www.korhanyilmaz.com\/index.php?rest_route=\/wp\/v2\/posts\/25857","targetHints":{"allow":["GET"]}}],"collection":[{"href":"http:\/\/www.korhanyilmaz.com\/index.php?rest_route=\/wp\/v2\/posts"}],"about":[{"href":"http:\/\/www.korhanyilmaz.com\/index.php?rest_route=\/wp\/v2\/types\/post"}],"author":[{"embeddable":true,"href":"http:\/\/www.korhanyilmaz.com\/index.php?rest_route=\/wp\/v2\/users\/1"}],"replies":[{"embeddable":true,"href":"http:\/\/www.korhanyilmaz.com\/index.php?rest_route=%2Fwp%2Fv2%2Fcomments&post=25857"}],"version-history":[{"count":0,"href":"http:\/\/www.korhanyilmaz.com\/index.php?rest_route=\/wp\/v2\/posts\/25857\/revisions"}],"wp:attachment":[{"href":"http:\/\/www.korhanyilmaz.com\/index.php?rest_route=%2Fwp%2Fv2%2Fmedia&parent=25857"}],"wp:term":[{"taxonomy":"category","embeddable":true,"href":"http:\/\/www.korhanyilmaz.com\/index.php?rest_route=%2Fwp%2Fv2%2Fcategories&post=25857"},{"taxonomy":"post_tag","embeddable":true,"href":"http:\/\/www.korhanyilmaz.com\/index.php?rest_route=%2Fwp%2Fv2%2Ftags&post=25857"}],"curies":[{"name":"wp","href":"https:\/\/api.w.org\/{rel}","templated":true}]}}