{"id":25845,"date":"2010-09-20T22:52:23","date_gmt":"2010-09-20T19:52:23","guid":{"rendered":"http:\/\/www.korhanyilmaz.com\/?p=25845"},"modified":"2010-09-20T22:52:23","modified_gmt":"2010-09-20T19:52:23","slug":"kilicdarogluna-gore-ab-ile-iliskiler-tikandi","status":"publish","type":"post","link":"http:\/\/www.korhanyilmaz.com\/?p=25845","title":{"rendered":"K\u0131l\u0131\u00e7daro\u011flu&#8217;na g\u00f6re AB ile ili\u015fkiler t\u0131kand\u0131"},"content":{"rendered":"<p style=\"text-align: justify;\"><a href=\"http:\/\/www.korhanyilmaz.com\/wp-content\/uploads\/2010\/09\/209.jpg\"  class=\"lightview\"><img loading=\"lazy\" decoding=\"async\" class=\"aligncenter size-full wp-image-25846\" src=\"http:\/\/www.korhanyilmaz.com\/wp-content\/uploads\/2010\/09\/209.jpg\" alt=\"\" width=\"292\" height=\"194\" \/><\/a><\/p>\n<p style=\"text-align: justify;\">Almanya&#8217;n\u0131n ba\u015fkenti Berlin&#8217;de temaslar\u0131n\u0131 s\u00fcrd\u00fcren CHP Genel Ba\u015fkan\u0131 Kemal K\u0131l\u0131\u00e7daro\u011flu, Alman Sosyal Demokrat Parti (SPD) Genel Ba\u015fkan\u0131 Sigmar Gabriel ile g\u00f6r\u00fc\u015ft\u00fc. K\u0131l\u0131\u00e7daro\u011flu, yakla\u015f\u0131k bir saat s\u00fcren g\u00f6r\u00fc\u015fmenin ard\u0131ndan Gabriel ile birlikte T\u00fcrk ve Alman gazetecilerin sorular\u0131n\u0131 yan\u0131tlad\u0131. K\u0131l\u0131\u00e7daro\u011flu, &#8220;AB ile g\u00f6r\u00fc\u015fmelerde belirli bir t\u0131kanma var&#8221; dedi. <!--more--><\/p>\n<p style=\"text-align: justify;\">CHP ile SPD aras\u0131ndaki ili\u015fkilerde zaman zaman ini\u015f ve \u00e7\u0131k\u0131\u015flar oldu\u011funu belirten K\u0131l\u0131\u00e7daro\u011flu, &#8220;Biz bu kez yeni bir sayfa a\u00e7t\u0131k. Gelece\u011fe umutla bak\u0131yoruz. G\u00fczel bir i\u015fbirli\u011fimiz olacak eminim. Say\u0131n Genel Ba\u015fkan T\u00fcrkiye&#8217;ye de gelecek. Kendisini genel merkezimizde g\u00f6rmekten son derece memnun olaca\u011f\u0131z&#8221; dedi.<\/p>\n<p style=\"text-align: justify;\">Gabriel ile yapt\u0131\u011f\u0131 g\u00f6r\u00fc\u015fmede T\u00fcrkiye&#8217;nin AB \u00fcyeli\u011finin de g\u00fcndeme geldi\u011fini ifade eden K\u0131l\u0131\u00e7daro\u011flu, &#8220;SPD eskiden beri T\u00fcrkiye&#8217;nin AB \u00fcyelik s\u00fcrecini destekleyen bir parti. Genel Ba\u015fkan g\u00f6r\u00fc\u015fmede g\u00f6r\u00fc\u015flerinin ayn\u0131 \u015fekilde s\u00fcrd\u00fc\u011f\u00fcn\u00fc ifade etti. Biz AB&#8217;ye girmekteki kararl\u0131l\u0131\u011f\u0131m\u0131z\u0131 dile getirdik ve bu konudaki g\u00f6r\u00fc\u015flerimizi aktard\u0131k. AB ile g\u00f6r\u00fc\u015fmelerde belirli bir t\u0131kanma var. Bu t\u0131kanman\u0131n a\u00e7\u0131lmas\u0131 i\u00e7in de h\u00fck\u00fcmet nezdinde giri\u015fimlerde bulunaca\u011f\u0131m\u0131z\u0131 ifade ettik&#8221; diye konu\u015ftu.<\/p>\n<p style=\"text-align: justify;\">T\u00fcrkiye&#8217;deki referandum konusunda Gabriel&#8217;e ayr\u0131nt\u0131l\u0131 bilgi verdi\u011fini de kaydeden K\u0131l\u0131\u00e7daro\u011flu, &#8220;Ayr\u0131ca bir gazeteci arkada\u015f\u0131m\u0131z\u0131n hemen referandumdan sonra g\u00f6revinden al\u0131nmas\u0131n\u0131n \u00f6nemini de ifade ettim. Bunun yan\u0131 s\u0131ra T\u00fcrkiye&#8217;de 48 gazetecinin cezaevinde tutuldu\u011funu da s\u00f6yledim&#8221; dedi.<\/p>\n<p style=\"text-align: justify;\">Gabriel&#8217;in bu konuda ne s\u00f6yledi\u011fi \u015feklindeki bir soruya kar\u015f\u0131l\u0131k da K\u0131l\u0131\u00e7daro\u011flu, &#8220;Bu konuda ayr\u0131nt\u0131l\u0131 bir yan\u0131t vermediler ancak dinlediler. Bizde &#8216;\u015feytan ayr\u0131nt\u0131da gizlidir&#8217; diye bir s\u00f6z var. San\u0131yorum bu her k\u00fclt\u00fcrde var. Bu ayr\u0131nt\u0131lar\u0131 bilmeden yorum yapman\u0131n, bir \u015feye destek vermenin do\u011fru olmad\u0131\u011f\u0131na dikkat \u00e7ektim. Geli\u015fmeleri bekleyip g\u00f6rece\u011fiz. Umar\u0131m T\u00fcrkiye&#8217;de geli\u015fmeler olur. Hak ve \u00f6zg\u00fcrl\u00fcklerde geli\u015fmeler olur. Bu konuda bir \u00e7ok insan \u00e7aba harcar. T\u00fcrkiye&#8217;de demokrasinin geli\u015fmesi i\u00e7in t\u00fcm partilerden destek istedi\u011fimizi s\u00f6yledim&#8221; \u015feklinde konu\u015ftu.<\/p>\n<p style=\"text-align: justify;\"><strong>&#8220;Yeni bir sayfa a\u00e7\u0131ld\u0131&#8221; <\/strong><\/p>\n<p style=\"text-align: justify;\">Gabriel de K\u0131l\u0131\u00e7daro\u011flu&#8217;nun ziyareti ile CHP ve SPD aras\u0131nda yeni bir sayfa a\u00e7\u0131ld\u0131\u011f\u0131n\u0131 belirterek, &#8220;CHP&#8217;yi AB&#8217;ye a\u00e7\u0131lmakta kararl\u0131 bir partner olarak g\u00f6r\u00fcyoruz. Demokrasi eksikli\u011finin giderilmesi, din \u00f6zg\u00fcrl\u00fc\u011f\u00fc ve K\u0131br\u0131s sorununun \u00e7\u00f6z\u00fcm\u00fc konusunda \u00e7abalar\u0131 var. Almanya&#8217;da bizi ilgilendiren konular\u0131 da ele ald\u0131k. T\u00fcrkiye&#8217;den gelen g\u00f6\u00e7menlerin yurdunun Almanya olmas\u0131 gerekti\u011fi konusunda g\u00f6r\u00fc\u015f birli\u011fi i\u00e7inde oldu\u011fumuzu g\u00f6rmekten mutluluk duydum. Tabii ki T\u00fcrkiye ile olan k\u00fclt\u00fcrel ba\u011flar\u0131n\u0131 kesmemeleri gerekiyor ancak siyasi y\u00f6nelimleri T\u00fcrkiye&#8217;ye de\u011fil, Almanya&#8217;ya d\u00f6n\u00fck olmal\u0131. T\u00fcrkiye&#8217;den gelen baz\u0131 politikac\u0131lar\u0131n burada baz\u0131 \u015f\u00fcphelere yol a\u00e7t\u0131\u011f\u0131n\u0131 biliyorsunuz. \u0130li\u015fkilerimizde yeni bir sayfa a\u00e7t\u0131\u011f\u0131m\u0131za inan\u0131yorum ve T\u00fcrkiye&#8217;ye Ekim ay\u0131 sonunda yapaca\u011f\u0131m ziyaret i\u00e7in seviniyorum&#8221; diye konu\u015ftu.<\/p>\n<p style=\"text-align: justify;\">CHP i\u00e7indeki baz\u0131 tart\u0131\u015fmalar\u0131n daha \u00f6nce kendilerini \u015f\u00fcpheye sevk etti\u011fini ifade eden Gabriel, &#8220;Bu, T\u00fcrkiye&#8217;deki siyasi tart\u0131\u015fmalardan ve Avrupa&#8217;n\u0131n bu tart\u0131\u015fmalara bak\u0131\u015f a\u00e7\u0131s\u0131n\u0131n farkl\u0131 olmas\u0131ndan kaynakland\u0131. CHP i\u00e7inde baz\u0131 g\u00f6r\u00fc\u015fleri anlamakta zorluk \u00e7ektik. Ancak bu ge\u00e7mi\u015fte kald\u0131. Yeni bir i\u015fbirli\u011fi i\u00e7in bug\u00fcn iyi bir ba\u015flang\u0131\u00e7 yapt\u0131\u011f\u0131m\u0131za inan\u0131yorum&#8221; dedi.<\/p>\n<p style=\"text-align: justify;\">Bir T\u00fcrk gazetecinin gelecek y\u0131l nas\u0131l bir CHP g\u00f6rmeyi \u00fcmit etti\u011fini sormas\u0131 \u00fczerine de Gabriel k\u0131saca esprili bir \u015fekilde &#8220;Onun CHP&#8217;sini&#8221; \u015feklinde yan\u0131t verdi.<\/p>\n<p style=\"text-align: justify;\">Daha \u00f6nce milliyet\u00e7ili\u011fi \u00f6n planda tutan bir CHP ile kar\u015f\u0131 kar\u015f\u0131ya bulunmu\u015f olduklar\u0131n\u0131 kaydeden Gabriel, &#8220;\u00d6rne\u011fin K\u0131br\u0131s konusunda CHP&#8217;den daha rahat hareket edebilen bir AK Parti ile kar\u015f\u0131 kar\u015f\u0131yayd\u0131k. Bu bahsetti\u011finiz konu do\u011fal olarak AB yolunda b\u00fcy\u00fck bir engel, \u00e7\u00fcnk\u00fc Almanya da AB i\u00e7inde d\u00fc\u015f\u00fcnce \u00f6zg\u00fcrl\u00fc\u011f\u00fc olmas\u0131n\u0131 ister. Sans\u00fcr olmamal\u0131 ve bir gazeteci sadece d\u00fc\u015f\u00fcncelerini yazd\u0131\u011f\u0131 i\u00e7in g\u00f6revden al\u0131nmamal\u0131 ancak tam bir de\u011ferlenme yapabilmek i\u00e7in bu olay hakk\u0131nda yeteri kadar bilgi sahibi de\u011filim. Sadece d\u00fc\u015f\u00fcnce \u00f6zg\u00fcrl\u00fc\u011f\u00fcn\u00fcn Avrupa entegrasyonunun en \u00f6nemli konular\u0131ndan biri oldu\u011funu s\u00f6yleyebilirim&#8221; \u015feklinde konu\u015ftu.<\/p>\n<p style=\"text-align: justify;\">CHP&#8217;nin, SPD&#8217;nin Almanya ve t\u00fcm Avrupa&#8217;da bas\u0131n \u00f6zg\u00fcrl\u00fc\u011f\u00fc i\u00e7in \u00e7aba harcad\u0131\u011f\u0131na kesinlikle g\u00fcvenebilece\u011fini ifade eden Gabriel, &#8220;Bu nedenle bu konuyu tabii ki ele alaca\u011f\u0131z. Avrupa Parlamentosunda da g\u00f6r\u00fc\u015febiliriz. Gerekti\u011fi takdirde T\u00fcrk h\u00fck\u00fcmeti ile de bu konuyu tart\u0131\u015f\u0131r\u0131z. Ancak b\u00fcy\u00fck olas\u0131l\u0131kla bize bu karar\u0131n yay\u0131nevi y\u00f6netiminin bir karar\u0131 oldu\u011fu s\u00f6ylenecektir. Yine de bu konuyu takip ederek, i\u015ften at\u0131lman\u0131n T\u00fcrk h\u00fck\u00fcmetinin bask\u0131s\u0131 \u00fczerine ger\u00e7ekle\u015fip ger\u00e7ekle\u015fmedi\u011fi ara\u015ft\u0131r\u0131lmal\u0131d\u0131r. Ger\u00e7ekten bunun b\u00f6yle oldu\u011fu ortaya \u00e7\u0131karsa bu zaten T\u00fcrkiye&#8217;nin \u00e7oktan kabul etti\u011fi AB kurallar\u0131na da ayk\u0131r\u0131 d\u00fc\u015fecektir&#8221; dedi.<\/p>\n<p style=\"text-align: justify;\"><strong>&#8220;TSK&#8217;n\u0131n etkisinin azalt\u0131lmas\u0131&#8221; <\/strong><\/p>\n<p style=\"text-align: justify;\">T\u00fcrk Silahl\u0131 Kuvvetlerinin etkisinin azalt\u0131lmas\u0131n\u0131 istedikleri i\u00e7in T\u00fcrkiye&#8217;deki referandum s\u0131ras\u0131nda Almanlar\u0131n ve di\u011fer Avrupal\u0131lar\u0131n bak\u0131\u015f\u0131n\u0131n bu konu \u00fczerine yo\u011funla\u015fm\u0131\u015f oldu\u011funu kaydeden Gabriel, &#8220;Ancak T\u00fcrkiye&#8217;den gelen misafirim, referandum ile di\u011fer baz\u0131 \u00f6nemli konular\u0131n da ba\u011flant\u0131l\u0131 oldu\u011funu s\u00f6yledi. Bu konular\u0131 burada d\u00fc\u015f\u00fcnmemi\u015ftik ancak bence hakl\u0131 olarak bu konularda sorunlar g\u00f6rd\u00fc\u011f\u00fcn\u00fc s\u00f6yledi&#8221; dedi.<\/p>\n<p style=\"text-align: justify;\">Almanya&#8217;da \u00e7ifte vatanda\u015f olunmas\u0131n\u0131 da istediklerini tekrarlayan Gabriel, &#8220;\u015eimdi bir uzla\u015fma sa\u011fland\u0131. Burada do\u011fan g\u00f6\u00e7menler 18 ya\u015f\u0131ndan sonra iki vatanda\u015fl\u0131ktan birini tercih etmek zorunda. Ancak sosyal y\u00f6nlenme zaten insan\u0131n ya\u015fad\u0131\u011f\u0131 \u00fclkeye y\u00f6nelik olmal\u0131. Burada ya\u015fayan bir \u00e7ok insan i\u00e7in bu \u00fclke Almanya. Bence burada ya\u015fay\u0131p T\u00fcrkiye&#8217;ye y\u00f6nelmek hi\u00e7 bir taraf i\u00e7in fayda sa\u011flamayacakt\u0131r&#8221; diye konu\u015ftu.<\/p>\n<p style=\"text-align: justify;\">K\u0131l\u0131\u00e7daro\u011flu ve Gabriel aras\u0131ndaki g\u00f6r\u00fc\u015fmeye CHP Genel Ba\u015fkan Yard\u0131mc\u0131s\u0131 Haluk Ko\u00e7, CHP Genel Sekreter Yard\u0131mc\u0131s\u0131 G\u00fcls\u00fcn Bilgehan, SPD Berlin Eyalet Meclisi \u00dcyesi Dilek Kolat ve eski AP \u00dcyesi Vural \u00d6ger de kat\u0131ld\u0131.<\/p>\n<p style=\"text-align: justify;\">K\u0131l\u0131\u00e7daro\u011flu bug\u00fcn ayr\u0131ca SPD Federal Meclis (Bundestag) Grubu ba\u015fkan yard\u0131mc\u0131lar\u0131 Joachim Poss ve Gernot Erler ile de bir araya geldi.<\/p>\n<p style=\"text-align: justify;\"><a href=\"http:\/\/www.cnnturk.com\/2010\/dunya\/09\/20\/kilicdarogluna.gore.ab.ile.iliskiler.tikandi\/590273.0\/index.html\" target=\"_blank\"><span style=\"color: #888888;\">CNN T\u00dcRK<\/span><\/a><\/p>\n","protected":false},"excerpt":{"rendered":"<p style=\"text-align: justify;\">\n<p style=\"text-align: justify;\">Almanya&#8217;n\u0131n ba\u015fkenti Berlin&#8217;de temaslar\u0131n\u0131 s\u00fcrd\u00fcren CHP Genel Ba\u015fkan\u0131 Kemal K\u0131l\u0131\u00e7daro\u011flu, Alman Sosyal Demokrat Parti (SPD) Genel Ba\u015fkan\u0131 Sigmar Gabriel ile g\u00f6r\u00fc\u015ft\u00fc. K\u0131l\u0131\u00e7daro\u011flu, yakla\u015f\u0131k bir saat s\u00fcren g\u00f6r\u00fc\u015fmenin ard\u0131ndan Gabriel ile birlikte T\u00fcrk ve Alman gazetecilerin sorular\u0131n\u0131 yan\u0131tlad\u0131. K\u0131l\u0131\u00e7daro\u011flu, &#8220;AB ile g\u00f6r\u00fc\u015fmelerde belirli bir t\u0131kanma var&#8221; dedi. <\/p>\n","protected":false},"author":1,"featured_media":0,"comment_status":"open","ping_status":"closed","sticky":false,"template":"","format":"standard","meta":{"footnotes":""},"categories":[105],"tags":[],"class_list":["post-25845","post","type-post","status-publish","format-standard","hentry","category-gundem","odd"],"_links":{"self":[{"href":"http:\/\/www.korhanyilmaz.com\/index.php?rest_route=\/wp\/v2\/posts\/25845","targetHints":{"allow":["GET"]}}],"collection":[{"href":"http:\/\/www.korhanyilmaz.com\/index.php?rest_route=\/wp\/v2\/posts"}],"about":[{"href":"http:\/\/www.korhanyilmaz.com\/index.php?rest_route=\/wp\/v2\/types\/post"}],"author":[{"embeddable":true,"href":"http:\/\/www.korhanyilmaz.com\/index.php?rest_route=\/wp\/v2\/users\/1"}],"replies":[{"embeddable":true,"href":"http:\/\/www.korhanyilmaz.com\/index.php?rest_route=%2Fwp%2Fv2%2Fcomments&post=25845"}],"version-history":[{"count":0,"href":"http:\/\/www.korhanyilmaz.com\/index.php?rest_route=\/wp\/v2\/posts\/25845\/revisions"}],"wp:attachment":[{"href":"http:\/\/www.korhanyilmaz.com\/index.php?rest_route=%2Fwp%2Fv2%2Fmedia&parent=25845"}],"wp:term":[{"taxonomy":"category","embeddable":true,"href":"http:\/\/www.korhanyilmaz.com\/index.php?rest_route=%2Fwp%2Fv2%2Fcategories&post=25845"},{"taxonomy":"post_tag","embeddable":true,"href":"http:\/\/www.korhanyilmaz.com\/index.php?rest_route=%2Fwp%2Fv2%2Ftags&post=25845"}],"curies":[{"name":"wp","href":"https:\/\/api.w.org\/{rel}","templated":true}]}}