{"id":25839,"date":"2010-09-20T13:18:01","date_gmt":"2010-09-20T10:18:01","guid":{"rendered":"http:\/\/www.korhanyilmaz.com\/?p=25839"},"modified":"2010-09-20T13:18:01","modified_gmt":"2010-09-20T10:18:01","slug":"gazeteci-bekir-coskunun-isine-son-verildi","status":"publish","type":"post","link":"http:\/\/www.korhanyilmaz.com\/?p=25839","title":{"rendered":"Gazeteci Bekir Co\u015fkun&#8217;un i\u015fine son verildi"},"content":{"rendered":"<p style=\"text-align: justify;\"><a href=\"http:\/\/www.korhanyilmaz.com\/wp-content\/uploads\/2010\/09\/208.jpg\"  class=\"lightview\"><img loading=\"lazy\" decoding=\"async\" class=\"aligncenter size-full wp-image-25840\" src=\"http:\/\/www.korhanyilmaz.com\/wp-content\/uploads\/2010\/09\/208.jpg\" alt=\"\" width=\"240\" height=\"160\" \/><\/a><\/p>\n<p style=\"text-align: justify;\">Habert\u00fcrk Gazetesi, gazeteci-yazar Bekir Co\u015fkun\u2019un i\u015fine son verdi.<\/p>\n<p style=\"text-align: justify;\">ANKA\u2019n\u0131n edindi\u011fi bilgiye g\u00f6re, sabah saatlerinde Habert\u00fcrk Gazetesi\u2019nin Genel Yay\u0131n Y\u00f6netmeni Fatih Altayl\u0131, Bekir Co\u015fkun\u2019u arayarak, i\u015fine son verildi\u011fini tebli\u011f etti. <!--more--><\/p>\n<p style=\"text-align: justify;\">Bekir Co\u015fkun da i\u015fine son verildi\u011fini ANKA\u2019ya do\u011frulad\u0131. Co\u015fkun, bir soru \u00fczerine, &#8220;<span style=\"text-decoration: underline;\">Altayl\u0131 beni arayarak i\u015fime son verildi\u011fini tebli\u011fi etti. Altayl\u0131, edit\u00f6rler ve Habert\u00fcrk\u2019\u00fcn sahibinin i\u015fime son verilmemesi konusunda son derece \u00e7aba sarfetti\u011fini biliyorum. Ancak, bask\u0131 \u00e7ok yo\u011fundu yap\u0131lacak birsey yok. \u0130lk bertaraf olan ben oldum. Bir ormanda yang\u0131n \u00e7\u0131karsa, o ormanda hi\u00e7bir canl\u0131 kalmaz, b\u00fct\u00fcn canl\u0131lar yanar. T\u00fcrkiye\u2019de de bir orman yang\u0131n\u0131 var. Bunu hep s\u00f6yledim. Bu yang\u0131n devam ediyor, bu gidi\u015fle de ormandaki yang\u0131n gibi herkesi yakacak<\/span>&#8221; dedi.<\/p>\n<p style=\"text-align: justify;\"><a href=\"http:\/\/www.milliyet.com.tr\/gazeteci-bekir-coskun-un-isine-son-verildi\/yasam\/sondakika\/20.09.2010\/1291347\/default.htm\" target=\"_blank\"><span style=\"color: #888888;\">Milliyet<\/span><\/a><\/p>\n","protected":false},"excerpt":{"rendered":"<p style=\"text-align: justify;\">\n<p style=\"text-align: justify;\">Habert\u00fcrk Gazetesi, gazeteci-yazar Bekir Co\u015fkun\u2019un i\u015fine son verdi.<\/p>\n<p style=\"text-align: justify;\">ANKA\u2019n\u0131n edindi\u011fi bilgiye g\u00f6re, sabah saatlerinde Habert\u00fcrk Gazetesi\u2019nin Genel Yay\u0131n Y\u00f6netmeni Fatih Altayl\u0131, Bekir Co\u015fkun\u2019u arayarak, i\u015fine son verildi\u011fini tebli\u011f etti. <\/p>\n","protected":false},"author":1,"featured_media":0,"comment_status":"open","ping_status":"closed","sticky":false,"template":"","format":"standard","meta":{"footnotes":""},"categories":[105],"tags":[],"class_list":["post-25839","post","type-post","status-publish","format-standard","hentry","category-gundem","odd"],"_links":{"self":[{"href":"http:\/\/www.korhanyilmaz.com\/index.php?rest_route=\/wp\/v2\/posts\/25839","targetHints":{"allow":["GET"]}}],"collection":[{"href":"http:\/\/www.korhanyilmaz.com\/index.php?rest_route=\/wp\/v2\/posts"}],"about":[{"href":"http:\/\/www.korhanyilmaz.com\/index.php?rest_route=\/wp\/v2\/types\/post"}],"author":[{"embeddable":true,"href":"http:\/\/www.korhanyilmaz.com\/index.php?rest_route=\/wp\/v2\/users\/1"}],"replies":[{"embeddable":true,"href":"http:\/\/www.korhanyilmaz.com\/index.php?rest_route=%2Fwp%2Fv2%2Fcomments&post=25839"}],"version-history":[{"count":0,"href":"http:\/\/www.korhanyilmaz.com\/index.php?rest_route=\/wp\/v2\/posts\/25839\/revisions"}],"wp:attachment":[{"href":"http:\/\/www.korhanyilmaz.com\/index.php?rest_route=%2Fwp%2Fv2%2Fmedia&parent=25839"}],"wp:term":[{"taxonomy":"category","embeddable":true,"href":"http:\/\/www.korhanyilmaz.com\/index.php?rest_route=%2Fwp%2Fv2%2Fcategories&post=25839"},{"taxonomy":"post_tag","embeddable":true,"href":"http:\/\/www.korhanyilmaz.com\/index.php?rest_route=%2Fwp%2Fv2%2Ftags&post=25839"}],"curies":[{"name":"wp","href":"https:\/\/api.w.org\/{rel}","templated":true}]}}