{"id":25831,"date":"2010-09-20T16:31:05","date_gmt":"2010-09-20T13:31:05","guid":{"rendered":"http:\/\/www.korhanyilmaz.com\/?p=25831"},"modified":"2010-09-20T16:31:05","modified_gmt":"2010-09-20T13:31:05","slug":"cicek-aihme-gidiyor","status":"publish","type":"post","link":"http:\/\/www.korhanyilmaz.com\/?p=25831","title":{"rendered":"\u00c7i\u00e7ek A\u0130HM&#8217;e gidiyor"},"content":{"rendered":"<p style=\"text-align: justify;\"><a href=\"http:\/\/www.korhanyilmaz.com\/wp-content\/uploads\/2010\/09\/206.jpg\"  class=\"lightview\"><img loading=\"lazy\" decoding=\"async\" class=\"aligncenter size-full wp-image-25832\" src=\"http:\/\/www.korhanyilmaz.com\/wp-content\/uploads\/2010\/09\/206.jpg\" alt=\"\" width=\"316\" height=\"236\" \/><\/a><\/p>\n<p style=\"text-align: justify;\">&#8221;\u0130rticayla M\u00fccadele Eylem Plan\u0131&#8221; davas\u0131n\u0131n tutuklu san\u0131\u011f\u0131 Kurmay Albay Dursun \u00c7i\u00e7ek&#8217;in k\u0131z\u0131 ve ayn\u0131 zamanda avukat\u0131 \u0130rem \u00c7i\u00e7ek, m\u00fcvekkilinin ma\u011fduriyetinin giderilmesi amac\u0131yla i\u00e7in 22 Eyl\u00fcl&#8217;de 300 bin Avro manevi tazminat talebiyle Avrupa \u0130nsan Haklar\u0131 Mahkemesi&#8217;ne (A\u0130HM) ba\u015fvuracaklar\u0131n\u0131 s\u00f6yledi.<!--more--><\/p>\n<p style=\"text-align: justify;\">\u0130stanbul &#8211; \u0130rem \u00c7i\u00e7ek, Dursun \u00c7i\u00e7ek aleyhine aylarca karalama ve pe\u015finen onu su\u00e7lu ilan etme kampanyalar\u0131n\u0131n d\u00fczenlendi\u011fini ifade ederek, bunun sonucu olu\u015fan ma\u011fduriyetin bir nebze olsun giderilmesi amac\u0131yla 300 bin Avro manevi tazminat talep edeceklerini ifade etti.<\/p>\n<p style=\"text-align: justify;\">\u00c7i\u00e7ek, A\u0130HM&#8217;e sunulacak dilek\u00e7enin haz\u0131r oldu\u011funu, A\u0130MH&#8217;e ba\u015fvurunun 22 Eyl\u00fcl&#8217;de yap\u0131laca\u011f\u0131n\u0131 kaydetti.<\/p>\n<p style=\"text-align: justify;\">A\u0130HM&#8217;e sunulmak \u00fczere haz\u0131rlanan dilek\u00e7ede, &#8221;\u00c7i\u00e7ek taraf\u0131ndan haz\u0131rland\u0131\u011f\u0131 iddia edilen faili me\u00e7hul, sahte \u0130rticayla M\u00fccadele Eylem Plan\u0131-S\u0130MEP&#8217;in onurlu ve \u015ferefli bir insan\u0131n 3 kez tutuklanmas\u0131na, \u00f6m\u00fcr boyu hapis talebiyle tutuklu yarg\u0131lanmas\u0131na hukuki dayanak olabildi\u011fi&#8221; belirtildi.<\/p>\n<p style=\"text-align: justify;\">&#8221;Masum bir insan\u0131 aylarca tutuklayarak hukuk ve kamu vicdan\u0131n\u0131 s\u0131zlatanlar\u0131n mutlaka bunun bedelini hukuk ve insanl\u0131k ad\u0131na \u00f6demek zorunda kalacaklar\u0131n\u0131 g\u00f6rmeleri gerekmiyor mu?&#8221; denilen dilek\u00e7ede, yarg\u0131\u00e7lar\u0131n ak\u0131l ve hukuk d\u0131\u015f\u0131 kararlarla \u00c7i\u00e7ek&#8217;i ma\u011fdur etmeye devam ettikleri ve \u00c7i\u00e7ek&#8217;in m\u00fccadelesini hukuk i\u00e7inde s\u00fcrd\u00fcrmeye direndi\u011fi ifade edildi.<\/p>\n<p style=\"text-align: justify;\">Dava s\u00fcrecinde ya\u015fananlar\u0131n ve ayn\u0131 konuda ortaya konulan kan\u0131tlar\u0131n taklidi kolay olan bir imzan\u0131n imza makineleriyle kolayca taklit edilebildi\u011fini g\u00f6sterdi\u011fi savunulan dilek\u00e7ede, T\u00dcB\u0130TAK, jandarma kriminal, Adli T\u0131p Kurumu ve emniyet kriminal laboratuvarlar\u0131ndan al\u0131nan imza mukayese raporlar\u0131nda &#8221;taklidi kolay (basit tersimli), de\u011fi\u015fken (polimorf), her biri farkl\u0131 \u00f6zellikler g\u00f6steren imzalar\u0131n mukayesesinden el \u00fcr\u00fcn\u00fc oldu\u011fu ve olmad\u0131\u011f\u0131n\u0131n tespit edilmesi do\u011fru sonu\u00e7 vermez&#8221; denildi\u011fi hat\u0131rlat\u0131ld\u0131.<\/p>\n<p style=\"text-align: justify;\"><strong>Hanefi Avc\u0131&#8217;n\u0131n kitab\u0131na at\u0131f <\/strong><\/p>\n<p style=\"text-align: justify;\">Dilek\u00e7ede, Hanefi Avc\u0131&#8217;n\u0131n &#8221;Hali\u00e7&#8217;te Ya\u015fayan Simonlar &#8211; D\u00fcn Devlet, Bug\u00fcn Cemaat&#8221; adl\u0131 kitab\u0131na da de\u011finilerek, kitapta ge\u00e7en &#8221;Cemaat devlet kurumlar\u0131n\u0131 ele ge\u00e7irdi ve bu kurumlar\u0131n ba\u015f\u0131nda sorumlu imamlar var&#8221; gibi c\u00fcmlelere de yer verildi.<\/p>\n<p style=\"text-align: justify;\">S\u00f6z konusu kitapta somut ve delillere dayal\u0131 ihbarlarda bulunuldu\u011fu belirtilen dilek\u00e7ede, &#8221;Cemaatin imam\u0131 istedi diye sahte senaryolar\u0131 iddianamelerle mahkeme salonlar\u0131na ta\u015f\u0131mak ve masum insanlar\u0131 d\u00f6rt duvar aras\u0131nda ya\u015famaya mahkum etmek insanl\u0131k su\u00e7udur&#8221; ifadeleri kullan\u0131ld\u0131.<\/p>\n<p style=\"text-align: justify;\">Dilek\u00e7ede, &#8221;Dursun \u00c7i\u00e7ek&#8217;in \u00fc\u00e7 kez tutuklanmas\u0131na ve aylarca tutuklu yarg\u0131lanmas\u0131na neden olan yasa d\u0131\u015f\u0131 delillerin yasal yollardan elde edilmeyen ve Yarg\u0131tay i\u00e7tihatlar\u0131yla delil olmad\u0131\u011f\u0131 kesin olan faili me\u00e7hul ihbarlar, iki sab\u0131kal\u0131 gizli tan\u0131k ifadesi, siyasi bask\u0131 alt\u0131nda, \u00f6zel olarak se\u00e7ilmi\u015f ve talimatland\u0131r\u0131lm\u0131\u015f kamu g\u00f6revlilerince haz\u0131rlanan \u015faibeli imza mukayese raporlar\u0131 ve taklit imzal\u0131 sahte bir plan oldu\u011fu&#8221; iddia edildi.<\/p>\n<p style=\"text-align: justify;\">Dilek\u00e7ede, \u015funlar kaydedildi:<\/p>\n<p style=\"text-align: justify;\">&#8221;Dursun \u00c7i\u00e7ek&#8217;in terfi ve kariyer beklentisi ve hakk\u0131 olan kamu g\u00f6revlisi bir kurmay albay olmas\u0131, ya\u015fanan bu hukuka ayk\u0131r\u0131 olaylar nedeniyle terfi ve kariyer imkanlar\u0131n\u0131 yitirmesi, resmi ve \u00f6zel ili\u015fkilerinde sorunlar ya\u015famas\u0131, iftira ve yarg\u0131s\u0131z infazlar nedeniyle sayg\u0131nl\u0131\u011f\u0131n\u0131, soru\u015fturman\u0131n gizlili\u011fini ve su\u00e7suzluk karinesini alenen ihlal edecek \u015fekilde soru\u015fturma dosyas\u0131ndan s\u0131zd\u0131r\u0131lan bilgi ve belgelerle onu kamuoyuna pe\u015finen su\u00e7lu olarak g\u00f6sterecek \u015fekilde bilin\u00e7li olarak y\u00fcr\u00fct\u00fclen karalama kampanyas\u0131 ile sa\u011fl\u0131\u011f\u0131n\u0131 yitirmesi, aile ve sosyal ili\u015fkilerinde ya\u015fad\u0131\u011f\u0131 bask\u0131 ve su\u00e7lamalar\u0131n yaratt\u0131\u011f\u0131 olumsuz sonu\u00e7lar\u0131n telafi imkan\u0131n\u0131n bulunmamas\u0131n\u0131n do\u011furdu\u011fu ac\u0131 ile maddi ve manevi kay\u0131plar\u0131n, su\u00e7 isnad\u0131yla ilgisi olmayan \u00f6zel hayat\u0131n gizlili\u011fine ili\u015fkin bilgilerin delil klas\u00f6rlerinde yer almas\u0131 ve medya yoluyla kamuoyuna a\u00e7\u0131klanmas\u0131, \u00c7i\u00e7ek aleyhinde aylarca karalama ve pe\u015finen onu su\u00e7lu ilan etme kampanyalar\u0131n\u0131n d\u00fczenlenmesi sonucu olu\u015fan ma\u011fduriyetin bir nebze olsun giderilmesi amac\u0131yla 300 bin avro manevi tazminat talep etmekteyiz.&#8221;<\/p>\n<p style=\"text-align: justify;\"><span style=\"color: #888888;\">Kaynak : <a href=\"http:\/\/www.cumhuriyet.com.tr\/?hn=175014&amp;kw=%C7i%E7ek+A%DDHM%27e+gidiyor\" target=\"_blank\">Cumhuriyet Haber Portal\u0131<\/a><\/span><\/p>\n","protected":false},"excerpt":{"rendered":"<p style=\"text-align: justify;\">\n<p style=\"text-align: justify;\">&#8221;\u0130rticayla M\u00fccadele Eylem Plan\u0131&#8221; davas\u0131n\u0131n tutuklu san\u0131\u011f\u0131 Kurmay Albay Dursun \u00c7i\u00e7ek&#8217;in k\u0131z\u0131 ve ayn\u0131 zamanda avukat\u0131 \u0130rem \u00c7i\u00e7ek, m\u00fcvekkilinin ma\u011fduriyetinin giderilmesi amac\u0131yla i\u00e7in 22 Eyl\u00fcl&#8217;de 300 bin Avro manevi tazminat talebiyle Avrupa \u0130nsan Haklar\u0131 Mahkemesi&#8217;ne (A\u0130HM) ba\u015fvuracaklar\u0131n\u0131 s\u00f6yledi.<\/p>\n","protected":false},"author":1,"featured_media":0,"comment_status":"open","ping_status":"closed","sticky":false,"template":"","format":"standard","meta":{"footnotes":""},"categories":[105],"tags":[],"class_list":["post-25831","post","type-post","status-publish","format-standard","hentry","category-gundem","odd"],"_links":{"self":[{"href":"http:\/\/www.korhanyilmaz.com\/index.php?rest_route=\/wp\/v2\/posts\/25831","targetHints":{"allow":["GET"]}}],"collection":[{"href":"http:\/\/www.korhanyilmaz.com\/index.php?rest_route=\/wp\/v2\/posts"}],"about":[{"href":"http:\/\/www.korhanyilmaz.com\/index.php?rest_route=\/wp\/v2\/types\/post"}],"author":[{"embeddable":true,"href":"http:\/\/www.korhanyilmaz.com\/index.php?rest_route=\/wp\/v2\/users\/1"}],"replies":[{"embeddable":true,"href":"http:\/\/www.korhanyilmaz.com\/index.php?rest_route=%2Fwp%2Fv2%2Fcomments&post=25831"}],"version-history":[{"count":0,"href":"http:\/\/www.korhanyilmaz.com\/index.php?rest_route=\/wp\/v2\/posts\/25831\/revisions"}],"wp:attachment":[{"href":"http:\/\/www.korhanyilmaz.com\/index.php?rest_route=%2Fwp%2Fv2%2Fmedia&parent=25831"}],"wp:term":[{"taxonomy":"category","embeddable":true,"href":"http:\/\/www.korhanyilmaz.com\/index.php?rest_route=%2Fwp%2Fv2%2Fcategories&post=25831"},{"taxonomy":"post_tag","embeddable":true,"href":"http:\/\/www.korhanyilmaz.com\/index.php?rest_route=%2Fwp%2Fv2%2Ftags&post=25831"}],"curies":[{"name":"wp","href":"https:\/\/api.w.org\/{rel}","templated":true}]}}