{"id":25781,"date":"2010-09-17T09:45:39","date_gmt":"2010-09-17T06:45:39","guid":{"rendered":"http:\/\/www.korhanyilmaz.com\/?p=25781"},"modified":"2010-09-17T09:45:39","modified_gmt":"2010-09-17T06:45:39","slug":"allianoi-kuma-gomuluyor","status":"publish","type":"post","link":"http:\/\/www.korhanyilmaz.com\/?p=25781","title":{"rendered":"Allianoi kuma g\u00f6m\u00fcl\u00fcyor!.."},"content":{"rendered":"<p style=\"text-align: center;\"><a href=\"http:\/\/www.korhanyilmaz.com\/wp-content\/uploads\/2010\/09\/013.jpg\"  class=\"lightview\"><img loading=\"lazy\" decoding=\"async\" class=\"aligncenter size-full wp-image-25782\" src=\"http:\/\/www.korhanyilmaz.com\/wp-content\/uploads\/2010\/09\/013.jpg\" alt=\"\" width=\"307\" height=\"236\" \/><\/a><\/p>\n<p style=\"text-align: justify;\">\u0130zmir&#8217;de yap\u0131m\u0131 tamamlanan Yortanl\u0131 Baraj\u0131&#8217;n\u0131n suyu alt\u0131nda kalacak olan antik kent Allianoi&#8217;nin kumla kapat\u0131lmas\u0131 i\u00e7in \u00e7al\u0131\u015fmalar ba\u015flad\u0131. Tarihi eserler \u00f6nce kumla, ard\u0131ndan baraj suyuyla kaplanacak.<\/p>\n<p style=\"text-align: justify;\">\u00d6nce su alt\u0131nda kalacak olmas\u0131 tepkilere neden oldu. Ard\u0131ndan kumla kaplanmas\u0131 y\u00f6n\u00fcndeki kararla g\u00fcndeme oturdu&#8230; Tart\u0131\u015fmalara \u00c7evre ve Orman Bakan\u0131 Veysel Ero\u011flu&#8217;nun a\u00e7\u0131klamalar\u0131 da damgas\u0131n\u0131 vurdu. <!--more--><\/p>\n<p style=\"text-align: justify;\">G\u00fcnlerce konu\u015fuldu, tart\u0131\u015f\u0131ld\u0131. Ama sivil direni\u015fe ra\u011fmen sonu\u00e7 de\u011fi\u015fmedi. \u0130zmir&#8217;in Bergama il\u00e7esinde yap\u0131m\u0131 tamamlanan Yortanl\u0131 baraj\u0131n\u0131n sular\u0131 alt\u0131nda kalacak antik kent kurtar\u0131lamad\u0131.<\/p>\n<p style=\"text-align: justify;\">\u0130zmir 2 No&#8217;lu K\u00fclt\u00fcr ve Tabiat Varl\u0131klar\u0131n\u0131 Koruma Kurulu&#8217;nun kumla kaplanmas\u0131 y\u00f6n\u00fcndeki karar uyar\u0131nca \u00e7al\u0131\u015fmalara ba\u015fland\u0131.<\/p>\n<p style=\"text-align: justify;\">Vin\u00e7ler kuruldu, antik kentteki duvarlar\u0131n \u00fczeri &#8220;koruma amac\u0131yla&#8221; kire\u00e7, kum ve tu\u011fla tozundan olu\u015fan horasan harc\u0131 ile kapland\u0131.<\/p>\n<p style=\"text-align: justify;\">Ayn\u0131 alandaki antik i\u00e7 Mysia b\u00f6lgesinde bulunan ve M.S. 5 ile 11&#8217;inci y\u00fczy\u0131llar aras\u0131nda kullan\u0131ld\u0131\u011f\u0131 tahmin edilen b\u00fcy\u00fck kilisesi de tamamen kumla \u00f6rt\u00fcld\u00fc.<\/p>\n<p style=\"text-align: justify;\">Allianoi giri\u015fim grubu ile b\u00f6lgede ya\u015fayanlar \u00e7al\u0131\u015fmalar\u0131n gere\u011finden daha h\u0131zl\u0131 s\u00fcrd\u00fc\u011f\u00fcn\u00fc d\u00fc\u015f\u00fcn\u00fcyor:<\/p>\n<p style=\"text-align: justify;\">&#8220;Y\u00fcr\u00fctmeyi durdurma istemiyle dava a\u00e7t\u0131k ancak hen\u00fcz davayla ilgili bir geli\u015fme olmad\u0131. Davayla ilgili bir geli\u015fme olmadan alandaki \u00e7al\u0131\u015fmay\u0131 bitirmeyi ama\u00e7lad\u0131klar\u0131 kanaatindeyiz.&#8221;<\/p>\n<p style=\"text-align: justify;\">&#8220;Hi\u00e7 kimsenin akl\u0131na bu s\u0131cak su nereden geliyor diye ara\u015ft\u0131rmak gelmiyor. Tutturmu\u015flar bir baraj, diktiler oraya havuz gibi bir i\u015fe de yaram\u0131yor.&#8221;<\/p>\n<p style=\"text-align: justify;\">Bir sonraki a\u015famada, horasan harc\u0131 kullan\u0131lan ta\u015flar\u0131n \u00fcst\u00fc tamamen kumla kaplanacak. Ard\u0131ndan da antik kent, su tutmaya ba\u015flayan baraj g\u00f6l\u00fcn\u00fcn aras\u0131nda kaybolacak.<\/p>\n<p style=\"text-align: justify;\"><a href=\"http:\/\/www.cnnturk.com\/2010\/turkiye\/09\/17\/allianoi.kuma.gomuluyor\/589938.0\/index.html\" target=\"_blank\"><span style=\"color: #888888;\">CNN T\u00dcRK<\/span><\/a><\/p>\n","protected":false},"excerpt":{"rendered":"<p style=\"text-align: center;\">\n<p style=\"text-align: justify;\">\u0130zmir&#8217;de yap\u0131m\u0131 tamamlanan Yortanl\u0131 Baraj\u0131&#8217;n\u0131n suyu alt\u0131nda kalacak olan antik kent Allianoi&#8217;nin kumla kapat\u0131lmas\u0131 i\u00e7in \u00e7al\u0131\u015fmalar ba\u015flad\u0131. Tarihi eserler \u00f6nce kumla, ard\u0131ndan baraj suyuyla kaplanacak.<\/p>\n<p style=\"text-align: justify;\">\u00d6nce su alt\u0131nda kalacak olmas\u0131 tepkilere neden oldu. Ard\u0131ndan kumla kaplanmas\u0131 y\u00f6n\u00fcndeki kararla g\u00fcndeme oturdu&#8230; Tart\u0131\u015fmalara \u00c7evre ve Orman Bakan\u0131 Veysel Ero\u011flu&#8217;nun a\u00e7\u0131klamalar\u0131 <\/p>\n","protected":false},"author":1,"featured_media":0,"comment_status":"open","ping_status":"closed","sticky":false,"template":"","format":"standard","meta":{"footnotes":""},"categories":[105],"tags":[],"class_list":["post-25781","post","type-post","status-publish","format-standard","hentry","category-gundem","odd"],"_links":{"self":[{"href":"http:\/\/www.korhanyilmaz.com\/index.php?rest_route=\/wp\/v2\/posts\/25781","targetHints":{"allow":["GET"]}}],"collection":[{"href":"http:\/\/www.korhanyilmaz.com\/index.php?rest_route=\/wp\/v2\/posts"}],"about":[{"href":"http:\/\/www.korhanyilmaz.com\/index.php?rest_route=\/wp\/v2\/types\/post"}],"author":[{"embeddable":true,"href":"http:\/\/www.korhanyilmaz.com\/index.php?rest_route=\/wp\/v2\/users\/1"}],"replies":[{"embeddable":true,"href":"http:\/\/www.korhanyilmaz.com\/index.php?rest_route=%2Fwp%2Fv2%2Fcomments&post=25781"}],"version-history":[{"count":0,"href":"http:\/\/www.korhanyilmaz.com\/index.php?rest_route=\/wp\/v2\/posts\/25781\/revisions"}],"wp:attachment":[{"href":"http:\/\/www.korhanyilmaz.com\/index.php?rest_route=%2Fwp%2Fv2%2Fmedia&parent=25781"}],"wp:term":[{"taxonomy":"category","embeddable":true,"href":"http:\/\/www.korhanyilmaz.com\/index.php?rest_route=%2Fwp%2Fv2%2Fcategories&post=25781"},{"taxonomy":"post_tag","embeddable":true,"href":"http:\/\/www.korhanyilmaz.com\/index.php?rest_route=%2Fwp%2Fv2%2Ftags&post=25781"}],"curies":[{"name":"wp","href":"https:\/\/api.w.org\/{rel}","templated":true}]}}