{"id":25745,"date":"2010-09-16T12:25:46","date_gmt":"2010-09-16T09:25:46","guid":{"rendered":"http:\/\/www.korhanyilmaz.com\/?p=25745"},"modified":"2010-09-16T12:25:46","modified_gmt":"2010-09-16T09:25:46","slug":"simsek-vergi-borcuna-af-yok-kolaylik-var","status":"publish","type":"post","link":"http:\/\/www.korhanyilmaz.com\/?p=25745","title":{"rendered":"\u015eim\u015fek: Vergi borcuna af yok, kolayl\u0131k var"},"content":{"rendered":"<p style=\"text-align: center;\"><a href=\"http:\/\/www.korhanyilmaz.com\/wp-content\/uploads\/2010\/09\/010.jpg\"  class=\"lightview\"><img loading=\"lazy\" decoding=\"async\" class=\"size-full wp-image-25746 aligncenter\" src=\"http:\/\/www.korhanyilmaz.com\/wp-content\/uploads\/2010\/09\/010.jpg\" alt=\"\" width=\"298\" height=\"189\" \/><\/a><\/p>\n<p style=\"text-align: justify;\">Maliye Bakan\u0131 \u015eim\u015fek, vergi bor\u00e7lar\u0131na taksit ve faizde kolayl\u0131k sa\u011flanaca\u011f\u0131n\u0131 s\u00f6yledi.<\/p>\n<p style=\"text-align: justify;\">ANKARA &#8211; Maliye Bakan\u0131 Mehmet \u015eim\u015fek vergi bor\u00e7lar\u0131na y\u00f6nelik d\u00fczenlemenin kesinlikle bir af olmad\u0131\u011f\u0131n\u0131, sadece vergi bor\u00e7lar\u0131nda m\u00fckellefe taksit ve faizde kolayl\u0131k sa\u011flanaca\u011f\u0131n\u0131 s\u00f6yledi. <!--more--><\/p>\n<p style=\"text-align: justify;\">\u015eim\u015fek vergi bor\u00e7lar\u0131 konusunda yap\u0131lacak d\u00fczenlemeyi &#8220;Bu kesinlikle bir af de\u011fil sadece vergi bor\u00e7lar\u0131 yap\u0131land\u0131r\u0131larak, m\u00fckellefe taksit ve faizde kolayl\u0131k sa\u011flanacak. Ana paradan hi\u00e7 bir \u015fekilde vazge\u00e7ilmeyecek. Vergi bor\u00e7lar\u0131, enflasyonla g\u00fcncellenmi\u015f rakamlar\u0131n alt\u0131na inmeyecek&#8221; s\u00f6zleriyle de\u011ferlendirdi.<\/p>\n<p style=\"text-align: justify;\">&#8220;Yeniden yap\u0131land\u0131rma bu d\u00f6nemi kapsamayacak&#8221; diyen \u015eim\u015fek &#8220;O nedenle m\u00fckelleflerimiz b\u00f6yle bir beklenti i\u00e7ine girip, vergilerini \u00f6dememezlik etmesin&#8221; diye konu\u015ftu.<\/p>\n<p style=\"text-align: justify;\">Gelir \u0130daresi Ba\u015fkanl\u0131\u011f\u0131 verilerine g\u00f6re, vergi bor\u00e7lular\u0131 listesindeki ilk 7,000 m\u00fckellefin devlete 36.4 milyar lira vergi borcu bulunuyor. Vergi bor\u00e7lar\u0131n\u0131n b\u00fcy\u00fck b\u00f6l\u00fcm\u00fcn\u00fc ise 5,000 lira ve alt\u0131ndaki bor\u00e7lar olu\u015fturuyor.<\/p>\n<p style=\"text-align: justify;\"><a href=\"http:\/\/www.ntvmsnbc.com\/id\/25132055\/\" target=\"_blank\"><span style=\"color: #888888;\">ntvmsnbc<\/span><\/a><\/p>\n","protected":false},"excerpt":{"rendered":"<p style=\"text-align: center;\">\n<p style=\"text-align: justify;\">Maliye Bakan\u0131 \u015eim\u015fek, vergi bor\u00e7lar\u0131na taksit ve faizde kolayl\u0131k sa\u011flanaca\u011f\u0131n\u0131 s\u00f6yledi.<\/p>\n<p style=\"text-align: justify;\">ANKARA &#8211; Maliye Bakan\u0131 Mehmet \u015eim\u015fek vergi bor\u00e7lar\u0131na y\u00f6nelik d\u00fczenlemenin kesinlikle bir af olmad\u0131\u011f\u0131n\u0131, sadece vergi bor\u00e7lar\u0131nda m\u00fckellefe taksit ve faizde kolayl\u0131k sa\u011flanaca\u011f\u0131n\u0131 s\u00f6yledi. <\/p>\n","protected":false},"author":1,"featured_media":0,"comment_status":"open","ping_status":"closed","sticky":false,"template":"","format":"standard","meta":{"footnotes":""},"categories":[105],"tags":[],"class_list":["post-25745","post","type-post","status-publish","format-standard","hentry","category-gundem","odd"],"_links":{"self":[{"href":"http:\/\/www.korhanyilmaz.com\/index.php?rest_route=\/wp\/v2\/posts\/25745","targetHints":{"allow":["GET"]}}],"collection":[{"href":"http:\/\/www.korhanyilmaz.com\/index.php?rest_route=\/wp\/v2\/posts"}],"about":[{"href":"http:\/\/www.korhanyilmaz.com\/index.php?rest_route=\/wp\/v2\/types\/post"}],"author":[{"embeddable":true,"href":"http:\/\/www.korhanyilmaz.com\/index.php?rest_route=\/wp\/v2\/users\/1"}],"replies":[{"embeddable":true,"href":"http:\/\/www.korhanyilmaz.com\/index.php?rest_route=%2Fwp%2Fv2%2Fcomments&post=25745"}],"version-history":[{"count":0,"href":"http:\/\/www.korhanyilmaz.com\/index.php?rest_route=\/wp\/v2\/posts\/25745\/revisions"}],"wp:attachment":[{"href":"http:\/\/www.korhanyilmaz.com\/index.php?rest_route=%2Fwp%2Fv2%2Fmedia&parent=25745"}],"wp:term":[{"taxonomy":"category","embeddable":true,"href":"http:\/\/www.korhanyilmaz.com\/index.php?rest_route=%2Fwp%2Fv2%2Fcategories&post=25745"},{"taxonomy":"post_tag","embeddable":true,"href":"http:\/\/www.korhanyilmaz.com\/index.php?rest_route=%2Fwp%2Fv2%2Ftags&post=25745"}],"curies":[{"name":"wp","href":"https:\/\/api.w.org\/{rel}","templated":true}]}}