{"id":25729,"date":"2010-09-16T13:53:37","date_gmt":"2010-09-16T10:53:37","guid":{"rendered":"http:\/\/www.korhanyilmaz.com\/?p=25729"},"modified":"2010-09-16T13:53:37","modified_gmt":"2010-09-16T10:53:37","slug":"bahceliden-zehir-zemberek-genelge","status":"publish","type":"post","link":"http:\/\/www.korhanyilmaz.com\/?p=25729","title":{"rendered":"Bah\u00e7eli&#8217;den zehir zemberek genelge"},"content":{"rendered":"<p style=\"text-align: center;\"><a href=\"http:\/\/www.korhanyilmaz.com\/wp-content\/uploads\/2010\/09\/0061.jpg\"  class=\"lightview\"><img loading=\"lazy\" decoding=\"async\" class=\"aligncenter size-full wp-image-25730\" src=\"http:\/\/www.korhanyilmaz.com\/wp-content\/uploads\/2010\/09\/0061.jpg\" alt=\"\" width=\"419\" height=\"173\" \/><\/a><\/p>\n<p style=\"text-align: justify;\">MHP Lideri Devlet Bah\u00e7eli, referandum sonu\u00e7lar\u0131 sonras\u0131nda partisine y\u00f6nelen ele\u015ftirilere, te\u015fkilatlar\u0131na g\u00f6nderdi\u011fi 6 sayfal\u0131k zehir zemberek bir genelgeyle yan\u0131t verdi.<\/p>\n<p style=\"text-align: justify;\">Aziz Dava Arkada\u015flar\u0131m,<\/p>\n<p style=\"text-align: justify;\">\u00dclkemizin \u00e7ok kritik ve sanc\u0131l\u0131 bir d\u00f6neminde yap\u0131lan Anayasa de\u011fi\u015fiklikleri ile ilgili Referandum neticelenmi\u015f, ge\u00e7ici sonu\u00e7lar ortaya \u00e7\u0131km\u0131\u015ft\u0131r. <!--more--><\/p>\n<p style=\"text-align: justify;\">Bu kapsamda, AKP iktidar\u0131 taraf\u0131ndan tek tarafl\u0131 ve uzla\u015fmadan uzak bir bi\u00e7imde haz\u0131rlanan 26 maddeden olu\u015fan Anayasa de\u011fi\u015fiklikleri milletimiz taraf\u0131ndan onaylanarak kabul edilmi\u015ftir.<\/p>\n<p style=\"text-align: justify;\">Partimiz, milletimizin Referandumla verdi\u011fi mesaj\u0131 alm\u0131\u015f ve sonu\u00e7la ilgili kapsaml\u0131 bir analiz s\u00fcrecini ba\u015flatarak; mesajlar\u0131n\u0131, d\u00fc\u015f\u00fcncelerini, beklentilerini ve nas\u0131l bir T\u00fcrkiye hedefledi\u011fini milletimize daha iyi anlatabilmek amac\u0131yla t\u00fcm karar mekanizmalar\u0131n\u0131 harekete ge\u00e7irmi\u015ftir.<\/p>\n<p style=\"text-align: justify;\">Unutmamak gerekir ki, b\u00fcy\u00fck bir ittifakla \u00e7\u0131kmas\u0131 arzulanan ve do\u011fal olan\u0131 da bu olan Anayasa de\u011fi\u015fikliklerine muhalefet eden b\u00fcy\u00fck bir toplumsal kitle de varl\u0131\u011f\u0131n\u0131 g\u00f6stermi\u015ftir.<\/p>\n<p style=\"text-align: justify;\">Bu haliyle, Referanduma sunulan Anayasa de\u011fi\u015fikliklerinin, \u00fczerinde uzla\u015f\u0131lan bir metin olmaktan daha ilk g\u00fcnde uzakla\u015f\u0131ld\u0131\u011f\u0131 bariz olarak g\u00f6r\u00fclm\u00fc\u015ft\u00fcr.<\/p>\n<p style=\"text-align: justify;\">Ortaya \u00e7\u0131kan sonu\u00e7 partimizin yetkili organlar\u0131nca derinlemesine tart\u0131\u015f\u0131lacak ve milletimize ula\u015fma noktas\u0131nda ya\u015fad\u0131\u011f\u0131m\u0131z tecr\u00fcbeler ve uygulamalar yeni d\u00f6nemin geli\u015fmeleri de dikkate al\u0131narak k\u0131sa s\u00fcre i\u00e7inde b\u00fct\u00fcn boyutlar\u0131yla yeniden ele al\u0131n\u0131p de\u011ferlendirilecektir.<\/p>\n<p style=\"text-align: justify;\">Milliyet\u00e7i Hareket Partisi\u2019nin t\u00fcm te\u015fkilatlar\u0131 ve mensuplar\u0131 \u00fczerlerine d\u00fc\u015fen vazifeyi yerine getirmi\u015f; ancak buna ra\u011fmen eksik kal\u0131nan, yetersiz olunan alanlar\u0131n kararl\u0131l\u0131kla tespiti ve te\u015fhisi i\u00e7in yo\u011fun bir \u00e7al\u0131\u015fma d\u00f6nemine girilmi\u015ftir.<\/p>\n<p style=\"text-align: justify;\">Vaktinde ya da erken yap\u0131lacak Milletvekilli\u011fi Genel Se\u00e7imi\u2019nin t\u00fcm haz\u0131rl\u0131klar\u0131 bir an \u00f6nce tamamlanacak ve partimiz iktidar yolunda azimle y\u00fcr\u00fcyecektir.<\/p>\n<p style=\"text-align: justify;\">Bundan hi\u00e7bir te\u015fkilat mensubumuzun ku\u015fku duymadan, heyecan i\u00e7inde milletimize hak etti\u011fi hayat \u015fartlar\u0131n\u0131n sunulmas\u0131 i\u00e7in co\u015fku ve tam inanm\u0131\u015fl\u0131kla gayret g\u00f6stermesi \u00f6ncelikli g\u00f6rev olarak kar\u015f\u0131m\u0131zda durmaktad\u0131r.<\/p>\n<p style=\"text-align: justify;\">Bu vesileyle partimizin tercihi olan \u2018Hay\u0131r\u2019 oylar\u0131n\u0131 benimseyen ve destekleyen aziz vatanda\u015flar\u0131ma ve de\u011ferli dava arkada\u015flar\u0131ma \u015f\u00fckranlar\u0131m\u0131 sunuyorum.<\/p>\n<p style=\"text-align: justify;\">Referandumda, Anayasa de\u011fi\u015fiklikleri i\u00e7in \u2018Evet\u2019 oylar\u0131n\u0131 kullanan t\u00fcm vatanda\u015flar\u0131m\u0131n verdikleri kararlar\u0131n\u0131n da \u00e7ok k\u0131ymetli oldu\u011funa inan\u0131yorum.<\/p>\n<p style=\"text-align: justify;\">Ne var ki sayg\u0131 duymak durumunda oldu\u011fumuz bu kararla birlikte, \u00fclkemiz i\u00e7in kayg\u0131land\u0131\u011f\u0131m\u0131z \u00e7ok vahim bir s\u00fcrecin kap\u0131lar\u0131 ard\u0131na kadar a\u00e7\u0131lm\u0131\u015f, uzunca bir s\u00fcreden beridir T\u00fcrkiye\u2019nin i\u00e7ine savruldu\u011fu \u00e7ok kaygan ve sisli bir s\u00fcre\u00e7 daha da tehlikeli bir boyut kazanm\u0131\u015ft\u0131r.<\/p>\n<p style=\"text-align: justify;\">Anayasa de\u011fi\u015fikliklerine beklentilerimizin hilaf\u0131na destek veren irade hi\u00e7 \u015f\u00fcphesiz ki ya\u015fanacak telafisi olmayan olumsuz geli\u015fmelerden de sorumluluk ve vebal alt\u0131na girmi\u015ftir.<\/p>\n<p style=\"text-align: justify;\">Ayr\u0131ca Referandum sonu\u00e7lar\u0131ndan cesaret ve c\u00fcret kazananlar t\u00fcm berrakl\u0131\u011f\u0131yla kendisini g\u00f6stermeye ba\u015flam\u0131\u015f; vatan\u0131m\u0131z\u0131n bir b\u00f6l\u00fcm\u00fcndeki okullarda boykot kampanyas\u0131 ba\u015flat\u0131lm\u0131\u015f, demokratik \u00f6zerkli\u011fi talep eden Demokratik Toplum Kongresi temsilcilerinin Ankara\u2019da en \u00fcst d\u00fczeyde kabul edilece\u011fi de ortaya \u00e7\u0131km\u0131\u015ft\u0131r.<\/p>\n<p style=\"text-align: justify;\">Bu da yetmemi\u015f, Ba\u015fbakan Erdo\u011fan\u2019\u0131n akl\u0131nda ve hayalinde olan Ba\u015fkanl\u0131k sistemiyle ilgili tart\u0131\u015fma ba\u015flam\u0131\u015f ve \u00fclkemiz tekrar bir karma\u015faya do\u011fru itilmi\u015ftir.<\/p>\n<p style=\"text-align: justify;\">Anla\u015f\u0131lmaktad\u0131r ki, parlamenter sistemle kafas\u0131ndaki hedefe ula\u015fmada engeller g\u00f6ren bu zihniyet, tek adaml\u0131\u011fa ve otoriter bir y\u00f6netime davetiye \u00e7\u0131karabilecek bir y\u00f6netim yap\u0131s\u0131n\u0131 hayata ge\u00e7irmenin yollar\u0131n\u0131 aramaya \u015fimdiden koyulmu\u015ftur.<\/p>\n<p style=\"text-align: justify;\">Referandum sonucunda ortaya \u00e7\u0131kan \u2018Evet\u2019 ve \u2018Hay\u0131r\u2019 oylar\u0131n\u0131n da\u011f\u0131l\u0131m\u0131 basit bir oransal durumdan daha \u00e7ok, \u00fclkemizi ba\u015ftan ba\u015fa saran kutupla\u015fma tespitini teyit eden bir i\u00e7eri\u011fe de sahip olmu\u015ftur.<\/p>\n<p style=\"text-align: justify;\">Geni\u015f bir toplumsal mutabakat\u0131 gerektiren Anayasa de\u011fi\u015fiklikleri, milletimizin \u00f6nemli bir b\u00f6l\u00fcm\u00fc taraf\u0131ndan kabul g\u00f6rmemi\u015f ve uygun bulunmam\u0131\u015ft\u0131r.<\/p>\n<p style=\"text-align: justify;\">T\u00fcrkiye, AKP\u2019nin siyasi hesaplar\u0131 u\u011fruna etnik taleplerdeki \u0131srar, ideolojik kayg\u0131lardaki s\u00fcreklilik ve hayat tarzlar\u0131ndaki farkl\u0131l\u0131k ekseninde cephelere b\u00f6l\u00fcnm\u00fc\u015f ve ne yaz\u0131k ki \u00e7ok riskli bir alana h\u0131zla girmi\u015ftir.<\/p>\n<p style=\"text-align: justify;\">Vatanda\u015flar\u0131m\u0131z taraf\u0131ndan i\u00e7eri\u011finin ve hangi \u00f6zellikleri ihtiva etti\u011finin \u00e7ok iyi bilinmedi\u011fi Anayasa de\u011fi\u015fiklikleri, milletimizin birlikte ya\u015fama hevesine ve kararl\u0131l\u0131\u011f\u0131na zarar verecek ve kazanm\u0131\u015fl\u0131k duygusuyla, kaybetme psikolojisi aras\u0131ndaki gerilimi ister istemez artt\u0131racakt\u0131r.<\/p>\n<p style=\"text-align: justify;\">Duygu ve g\u00f6n\u00fcllerde biriken tahamm\u00fcls\u00fczl\u00fcklerin, vatanda\u015flar\u0131m\u0131z aras\u0131na \u00f6r\u00fclmek istenen duvarlar\u0131n ve birli\u011fimizi engelleyen giri\u015fimlerin Ba\u015fbakan Erdo\u011fan ve partisi taraf\u0131ndan uygulanan siyasi uygulamalarla her ge\u00e7en g\u00fcn k\u00f6kle\u015fti\u011fi g\u00fcn gibi ortadad\u0131r.<\/p>\n<p style=\"text-align: justify;\">Referanduma gidilen s\u00fcre\u00e7te ya\u015fanan hazin ve dramatik olaylar, daha \u00e7ok demokrasi ve daha fazla \u00f6zg\u00fcrl\u00fck parolas\u0131yla milletimizden destek talep eden Adalet ve Kalk\u0131nma Partisi\u2019nin ger\u00e7ek y\u00fcz\u00fcn\u00fc de\u015fifre etmi\u015f, \u00e7at\u0131\u015fmac\u0131 h\u00fcviyetini bir kez daha g\u00f6zler \u00f6n\u00fcne sermi\u015ftir.<\/p>\n<p style=\"text-align: justify;\">Geride kalan Referandum kampanyas\u0131 s\u0131ras\u0131nda; \u2018Hay\u0131r\u2019 tercihinde bulunacak aziz vatanda\u015flar\u0131m\u0131z\u0131 darbeci, ak\u0131ls\u0131z, hasta s\u00f6zleriyle tahkir ve taciz eden AKP zihniyeti, esasen demokratik tav\u0131r a\u00e7\u0131s\u0131ndan nerede durdu\u011funu da ac\u0131 bir \u015fekilde g\u00f6stermi\u015ftir.<\/p>\n<p style=\"text-align: justify;\">Yeri gelince aziz dava arkada\u015flar\u0131m\u0131z\u0131n hat\u0131ralar\u0131n\u0131 istismar eden, yeri gelince de b\u00f6l\u00fcc\u00fcl\u00fckten sab\u0131kal\u0131larla kol kola girmekte bir sak\u0131nca g\u00f6rmeyen Ba\u015fbakan Erdo\u011fan\u2019\u0131n basit siyasi hesaplar\u0131 u\u011fruna girmeyece\u011fi k\u0131l\u0131k, takmayaca\u011f\u0131 maske olmad\u0131\u011f\u0131 geride kalan Referandum s\u00fcrecinde \u00e7ok iyi anla\u015f\u0131lm\u0131\u015ft\u0131r.<\/p>\n<p style=\"text-align: justify;\">Bir tarafta Anayasa Referandumunda \u2018Hay\u0131r\u2019 oyu \u00e7\u0131karsa Avrupa\u2019ya anlatamamaktan dertlenen, di\u011fer tarafta da demokrasi ad\u0131na 12 Eyl\u00fcl\u2019le hesapla\u015fmaktan bahseden AKP zihniyetinin \u00fclkemizi hangi batakl\u0131\u011fa \u00e7ekti\u011fini, kafas\u0131nda ve siyasi ajandas\u0131nda hangi sinsi hesaplar\u0131 bar\u0131nd\u0131rd\u0131\u011f\u0131n\u0131 \u00f6n\u00fcm\u00fczdeki s\u00fcre\u00e7te daha iyi g\u00f6rmek m\u00fcmk\u00fcn olacakt\u0131r.<\/p>\n<p style=\"text-align: justify;\">A\u00e7\u0131kt\u0131r ki, Referandum s\u00fcreci ad\u0131m ad\u0131m ilerletilen ve iktidar partisi taraf\u0131ndan bilin\u00e7li bir siyasi stratejiyle toplumsalla\u015ft\u0131r\u0131lan cephele\u015fme tehlikesini maalesef derinle\u015ftirmi\u015ftir.<\/p>\n<p style=\"text-align: justify;\">Milletimiz \u2018Evet\u2019 ve \u2018Hay\u0131r\u2019 tercihleri aras\u0131nda taraf olmaya zorlanm\u0131\u015f ve hatta daha ileri gidilerek, tehdit ve \u015fantajlarla Referandum kararlar\u0131 etkilenmeye \u00e7al\u0131\u015f\u0131lm\u0131\u015ft\u0131r.<\/p>\n<p style=\"text-align: justify;\">Ba\u015fbakan Erdo\u011fan gizli g\u00fcndemini me\u015frula\u015ft\u0131rmak ad\u0131na iktidar\u0131n\u0131n t\u00fcm imk\u00e2nlar\u0131n\u0131 f\u00fctursuzca ve utanmadan kullanm\u0131\u015f; kamu g\u00f6revlileri, valiler, kaymakamlar, sermaye gruplar\u0131, sivil toplum kurulu\u015flar\u0131, yanda\u015f medya, sanat\u00e7\u0131lar, sporcular kanal\u0131yla ve kirli bir propaganda yoluyla siyasi faaliyet g\u00f6stermi\u015ftir.<\/p>\n<p style=\"text-align: justify;\">Ba\u015fbakan Erdo\u011fan\u2019\u0131n, Referandum sonu\u00e7lar\u0131n\u0131n al\u0131nmaya ba\u015fland\u0131\u011f\u0131 g\u00fcn\u00fcn ak\u015fam\u0131nda yapt\u0131\u011f\u0131 konu\u015fmas\u0131nda, Anayasa de\u011fi\u015fikliklerinin kabul edilmesi amac\u0131yla te\u015fekk\u00fcr etti\u011fi kesimlerle nas\u0131l i\u015fbirli\u011fi yapt\u0131\u011f\u0131 da netle\u015fmi\u015f ve ilk a\u011f\u0131zdan ikrar edilmi\u015ftir.<\/p>\n<p style=\"text-align: justify;\">Nitekim Okyanus \u00f6tesinden Avrupa Birli\u011fi\u2019ne kadar minnet ve \u015f\u00fckran duygular\u0131n\u0131n yans\u0131t\u0131lmas\u0131, Anayasa de\u011fi\u015fikliklerine esasen kimlerin destek verdi\u011fini g\u00f6stermesi bak\u0131m\u0131ndan ibretlik bir vesika olmu\u015ftur.<\/p>\n<p style=\"text-align: justify;\">Ramazan ay\u0131n\u0131n kutsiyetini istismar ederek, inanc\u0131m\u0131z\u0131n gere\u011fi olan Oru\u00e7 ibadetini siyasi \u00e7al\u0131\u015fmalar\u0131na alet eden Ba\u015fbakan ve partisi, her de\u011feri tahrip etmekten ve kullanmaktan da geri durmam\u0131\u015flard\u0131r.<\/p>\n<p style=\"text-align: justify;\">Bunlara ilave olarak, partimizle b\u00fct\u00fcnle\u015fmi\u015f olan aziz \u00dclk\u00fcda\u015flar\u0131m\u0131z\u0131n kararlar\u0131n\u0131 etkilemek ve \u00dc\u00e7 Hilalle olan tarihi ve kutsal ba\u011flar\u0131n\u0131 koparmak i\u00e7in rezilce bir taktik herkesin g\u00f6z\u00fc \u00f6n\u00fcnde cereyan etmi\u015ftir.<\/p>\n<p style=\"text-align: justify;\">Bilinmelidir ki, ba\u015fta Ba\u015fbakan Erdo\u011fan olmak \u00fczere; iktidar partisinin t\u00fcm kadrolar\u0131n\u0131n \u00f6zellikle Milliyet\u00e7i Hareket Partisi\u2019ne g\u00f6n\u00fcl veren ve as\u0131l sahibi olan \u00dclk\u00fcc\u00fclere y\u00f6nelik siyasi m\u00fctecaviz niyetlerinin, ak\u0131llar\u0131 \u00e7elmek i\u00e7in yap\u0131lan al\u00e7ak\u00e7a oyunlar\u0131n\u0131n, \u00dclk\u00fcc\u00fclere kan kustururken ve hakaret ederken \u015fimdi dost g\u00f6r\u00fcnmeye \u00e7al\u0131\u015fan m\u00fcnaf\u0131k\u00e7a hamlelerinin amac\u0131na ula\u015famayaca\u011f\u0131 a\u00e7\u0131kt\u0131r.<\/p>\n<p style=\"text-align: justify;\">Referandum sonucuyla birlikte, partimiz \u00fczerinde y\u00fcr\u00fct\u00fclen kara propagandaya ve \u00dclk\u00fcc\u00fclerin bir b\u00f6l\u00fcm\u00fcn\u00fcn MHP\u2019ye oy vermedi\u011fi y\u00f6n\u00fcndeki iftiralara hi\u00e7bir dava arkada\u015f\u0131m\u0131n itibar etmeyece\u011fine ve b\u00fct\u00fcn parti mensuplar\u0131m\u0131z\u0131n \u015fer ittifak\u0131n\u0131n tezg\u00e2h\u0131n\u0131 i\u015flemez hale getirece\u011fine AKP \u00e7ok yak\u0131n bir zamanda \u015fahit olacakt\u0131r.<\/p>\n<p style=\"text-align: justify;\">Bu u\u011furda de\u011ferli te\u015fkilat y\u00f6neticilerimizin ve \u00dclk\u00fc davas\u0131n\u0131n fedak\u00e2r temsilcilerinin \u00fcst\u00fcn bir \u00e7aba g\u00f6sterece\u011finden asla \u015f\u00fcphem yoktur.<\/p>\n<p style=\"text-align: justify;\">\u00dclk\u00fcc\u00fcn\u00fcn yeri de, adresi de bellidir ve buras\u0131 da Cenab-\u0131 Allah\u2019\u0131n izniyle sonsuza kadar Milliyet\u00e7i Hareket Partisi\u2019dir.<\/p>\n<p style=\"text-align: justify;\">Adalet ve Kalk\u0131nma Partisi\u2019nin, partimize g\u00f6n\u00fcl vermi\u015f de\u011ferli arkada\u015flar\u0131m\u0131z\u0131 kand\u0131rmak maksad\u0131yla kalle\u015f\u00e7e yapt\u0131\u011f\u0131 siyasi propagandadan bir an \u00f6nce vazge\u00e7mesini \u015fimdilik ihtaren bildirmek isterim.<\/p>\n<p style=\"text-align: justify;\">Aksi takdirde Milliyet\u00e7i Hareket Partisi\u2019nin mahremiyetine girerek veya el uzatarak; davam\u0131za y\u00f6nelik tertibat i\u00e7inde olmalar\u0131n\u0131n, mensuplar\u0131 \u00fczerinde tuzaklar kurmalar\u0131n\u0131n, ac\u0131 hat\u0131ralar\u0131m\u0131z\u0131 istismar ederek duygusal ifadeler marifetiyle siyasal \u00e7\u0131kar sa\u011flamalar\u0131n\u0131n bedeli muhataplar\u0131 i\u00e7in a\u011f\u0131r olacakt\u0131r.<\/p>\n<p style=\"text-align: justify;\">Bu hususta \u00f6ncelikle Ba\u015fbakan Erdo\u011fan olmak \u00fczere, t\u00fcm AKP y\u00f6neticileri birinci dereceden sorumlu ve mesuld\u00fcrler.<\/p>\n<p style=\"text-align: justify;\">Bu itibarla \u00f6n\u00fcm\u00fczdeki hassas d\u00f6nem boyunca, Milliyet\u00e7i Hareket Partisi\u2019nin y\u00f6neticileri ve mensuplar\u0131 a\u015fa\u011f\u0131da belirtilen hususlara \u00f6nemle dikkat ve riayet edeceklerdir:<\/p>\n<p style=\"text-align: justify;\">1- Milliyet\u00e7i Hareket Partisi\u2019ne kar\u015f\u0131 ba\u015flat\u0131lan ve as\u0131l amac\u0131 belli olan karalama kampanyas\u0131n\u0131n hareket merkezi Adalet ve Kalk\u0131nma Partisidir ve kumanda odas\u0131 Okyanus \u00f6tesindedir.<\/p>\n<p style=\"text-align: justify;\">Partimiz T\u00fcrkiye\u2019nin b\u00f6l\u00fcnmesi ve ayr\u0131\u015fmas\u0131 kar\u015f\u0131s\u0131nda onurluca ve tavizsiz bir \u015fekilde durmaktad\u0131r. Y\u0131k\u0131m projesinin t\u00fcm akt\u00f6rleri, emellerine ula\u015fmada Milliyet\u00e7i Hareket\u2019i engel olarak g\u00f6rmektedirler.<\/p>\n<p style=\"text-align: justify;\">T\u00fcrk milletinin idari ve y\u00f6netim \u015feklini de\u011fi\u015ftirmek i\u00e7in sab\u0131rs\u0131zl\u0131kla bekleyen ve etnik kimliklerin Anayasa\u2019da tan\u0131mlanmas\u0131 konusunda ellerini ovu\u015fturanlar partimizi de\u011fersizle\u015ftirmek, k\u00fc\u00e7\u00fcltmek ve itibars\u0131zla\u015ft\u0131rmak i\u00e7in d\u00f6rt bir koldan harekete ge\u00e7mi\u015flerdir.<\/p>\n<p style=\"text-align: justify;\">\u0130mral\u0131 canisinin me\u015fru siyasi akt\u00f6r gibi r\u00f6portaj\u0131n\u0131n bile yay\u0131nlad\u0131\u011f\u0131 bir ortamda ve haz\u0131rlanacak yeni anayasayla federasyona d\u00f6n\u00fc\u015ft\u00fcr\u00fclmesi planlanan aziz \u00fclkemizin biricik teminat\u0131 ve son savunma hatt\u0131 Milliyet\u00e7i Hareket Partisi\u2019dir.<\/p>\n<p style=\"text-align: justify;\">Bu itibarla, partimizi k\u00f6\u015feye s\u0131k\u0131\u015ft\u0131rmak, siyasi anlamda g\u00fc\u00e7 kayb\u0131na u\u011frad\u0131\u011f\u0131 izlenimini yayg\u0131nla\u015ft\u0131rmak i\u00e7in y\u0131k\u0131m koalisyonu tam mesai faaliyete ge\u00e7mi\u015ftir.<\/p>\n<p style=\"text-align: justify;\">Bu tehlikenin def edilmesi i\u00e7in t\u00fcm dava arkada\u015flar\u0131m\u0131n tek ba\u015f\u0131na iktidar hedefine kilitlenmesi art\u0131k tarihi bir zorunluluk ve 41 y\u0131ll\u0131k kutlu ge\u00e7mi\u015fin y\u00fckledi\u011fi vazge\u00e7ilmez bir milli g\u00f6revdir.<\/p>\n<p style=\"text-align: justify;\">Bug\u00fcnden ba\u015flayarak t\u00fcm te\u015fkilatlar\u0131m\u0131z ve mensuplar\u0131m\u0131z tam bir g\u00f6n\u00fcl seferberli\u011fi i\u00e7inde tek ba\u015f\u0131na iktidar hedefine odaklanacak; aram\u0131za sokulmaya \u00e7al\u0131\u015f\u0131lan fitne, nifak giri\u015fimlerine kar\u015f\u0131 uyan\u0131k olacaklard\u0131r.<\/p>\n<p style=\"text-align: justify;\">2- Milliyet\u00e7i Hareket Partisi\u2019ni s\u00fcrekli olarak bir partinin yan\u0131nda ya da arkas\u0131nda g\u00f6sterme aymazl\u0131\u011f\u0131 ve densizli\u011fi s\u00fcrekli olarak belli mahfillerden pompalanmaktad\u0131r.<\/p>\n<p style=\"text-align: justify;\">Bu zamana kadar kimi zaman AKP\u2019nin, kimi zaman da CHP\u2019nin pe\u015fine tak\u0131lmakla itham edilen Milliyet\u00e7i Hareket Partisi, hay\u00e2s\u0131z bir iftiran\u0131n muhatab\u0131 olmu\u015ftur.<\/p>\n<p style=\"text-align: justify;\">Partimiz 41 y\u0131ll\u0131k \u015ferefli mazisiyle milletinin emrinde ve hizmetinde olarak, hi\u00e7bir siyasi partinin dayana\u011f\u0131, koltuk de\u011fne\u011fi ya da takip\u00e7isi olmam\u0131\u015ft\u0131r ve asla da b\u00f6yle bir al\u00e7alman\u0131n i\u00e7inde olmayacakt\u0131r.<\/p>\n<p style=\"text-align: justify;\">Milliyet\u00e7i Hareket g\u00fcc\u00fcn\u00fc ve varl\u0131\u011f\u0131n\u0131 b\u00fcy\u00fck T\u00fcrk milletine bor\u00e7ludur ve e\u011fer ille de birisinin yan\u0131nda ve yak\u0131n\u0131nda olacaksa o da aziz milletimizden ba\u015fkas\u0131 de\u011fildir.<\/p>\n<p style=\"text-align: justify;\">Ve bundan ba\u015fka yap\u0131lacak her t\u00fcrl\u00fc yorum ve yak\u0131\u015ft\u0131rma akamete u\u011framaya ve kar\u015f\u0131l\u0131ks\u0131z kalmaya mahk\u00fbm olacakt\u0131r.<\/p>\n<p style=\"text-align: justify;\">Partimiz b\u00f6l\u00fcc\u00fc ve y\u0131k\u0131c\u0131 partiler d\u0131\u015f\u0131ndaki t\u00fcm siyaset akt\u00f6rlerine bu zamana kadar oldu\u011fu gibi, bundan sonra da e\u015fit mesafede duracak ve hi\u00e7bir partiyle uzakl\u0131k ya da yak\u0131nl\u0131k gibi m\u00fclahazalar g\u00fcndeme getirilmeyecek ve de dillendirilmeyecektir.<\/p>\n<p style=\"text-align: justify;\">3- T\u00fcrk milletinin ayr\u0131\u015fmas\u0131 ve etnik temelde birbirinden kopmas\u0131 i\u00e7in \u00e7ok yo\u011fun bir ihanet s\u00fcreci t\u00fcm h\u0131z\u0131yla i\u015flemektedir.<\/p>\n<p style=\"text-align: justify;\">Referandum sonu\u00e7lar\u0131 \u00fczerinden yap\u0131lan de\u011ferlendirmelerde bile, \u00fclkemizin \u00fc\u00e7e b\u00f6l\u00fcnd\u00fc\u011f\u00fc durmadan ifade edilmi\u015f ve kutupla\u015fman\u0131n ula\u015ft\u0131\u011f\u0131 tehlikeli seviye ekranlardan ya da gazete k\u00f6\u015felerinden a\u00e7\u0131k\u00e7a iddia edilmi\u015ftir.<\/p>\n<p style=\"text-align: justify;\">Milliyet\u00e7i Hareket Partisi T\u00fcrk milletinin bir ve b\u00fct\u00fcn oldu\u011funa sonuna kadar inanmakta ve varl\u0131\u011f\u0131n\u0131 bu sars\u0131lmaz inanca adamaktad\u0131r.<\/p>\n<p style=\"text-align: justify;\">Milletimizin t\u00fcm fertleri, T\u00fcrkiye Cumhuriyeti\u2019nin e\u015fit ve onurlu birer \u00fcyesidir. Ayr\u0131l\u0131k kabul etmeyen bu b\u00fct\u00fcn\u00fc par\u00e7alamak hi\u00e7 kimsenin haddi ve harc\u0131 de\u011fildir ve olmayacakt\u0131r.<\/p>\n<p style=\"text-align: justify;\">Bu \u00e7er\u00e7evede milletimizi olu\u015fturan herkes ayr\u0131m g\u00f6zetilmeksizin kucaklanacak; etnik, mezhep, k\u00f6ken ya da bir ba\u015fka farkl\u0131l\u0131k \u00f6nemsenmeden her ferde ula\u015fmak i\u00e7in azami \u00e7aba sarf edilecektir.<\/p>\n<p style=\"text-align: justify;\">4- \u00d6zellikle Milliyet\u00e7i-\u00dclk\u00fcc\u00fc camiaya y\u00f6nelik kurgulanan ve \u00e7ok merkezli y\u00fcr\u00fct\u00fclen yeni bir tuzakla kar\u015f\u0131 kar\u015f\u0131ya bulunulmaktad\u0131r.<\/p>\n<p style=\"text-align: justify;\">Milliyet\u00e7i Hareket Partisi ile \u00dclk\u00fcc\u00fcler aras\u0131na ekilmeye \u00e7al\u0131\u015f\u0131lan fitne tohumlar\u0131n\u0131n ye\u015fermesi konusunda en ba\u015fta iktidar partisi taraf\u0131ndan \u0131srarl\u0131 bir propaganda takip edilmektedir.<\/p>\n<p style=\"text-align: justify;\">Buradaki maksat, T\u00fcrkiye\u2019nin biricik teminat\u0131 ve son kalesi olan Milliyet\u00e7i-\u00dclk\u00fcc\u00fc camiay\u0131 ayr\u0131\u015ft\u0131rmak, zay\u0131flatmak ve i\u00e7 sorunlar\u0131na g\u00f6m\u00fclm\u00fc\u015f bir halde etkisiz hale getirmektir.<\/p>\n<p style=\"text-align: justify;\">\u00d6zellikle siyasi b\u00f6l\u00fcc\u00fclerin bile, Referandum sonras\u0131nda parti mensuplar\u0131na y\u00f6nelik do\u011frudan mesajlar\u0131 bu tespitlerimizi do\u011frular niteliktedir.<\/p>\n<p style=\"text-align: justify;\">Ama\u00e7 bellidir ve o da T\u00fcrkiye\u2019yi y\u0131kmaya ve b\u00f6lmeye \u00e7al\u0131\u015fanlara kar\u015f\u0131 dimdik ayakta duran, sonu ne olursa olsun m\u00fccadelede kararl\u0131 olan Milliyet\u00e7i Hareket Partisi\u2019ni i\u00e7ten da\u011f\u0131tmakt\u0131r.<\/p>\n<p style=\"text-align: justify;\">Bu nedenle, T\u00fcrkiye\u2019nin \u00e7ok nazik bu d\u00f6neminde; duygular\u0131m\u0131z\u0131, an\u0131lar\u0131m\u0131z\u0131, \u00fclk\u00fclerimizi istismar ederek aram\u0131za s\u0131zmaya \u00e7al\u0131\u015fanlara \u00f6zellikle dikkat edilecek; y\u00f6nlendirmelere, tahriklere, ajitasyonlara, i\u00e7ten pazarl\u0131kl\u0131 ve art niyetli tavsiye ve temennilere kar\u015f\u0131 \u00e7ok dikkatli olunacakt\u0131r.<\/p>\n<p style=\"text-align: justify;\">5- Milliyet\u00e7i Hareket Partisi\u2019ne kar\u015f\u0131 bir araya gelen kirli ittifak, \u00dc\u00e7 Hilalin \u015fahlan\u0131\u015f\u0131ndan endi\u015fe etmekte, milletimizin deste\u011fini ve ilgisini kesmek i\u00e7in her t\u00fcrl\u00fc yol ve y\u00f6ntemi kullanmaktad\u0131r.<\/p>\n<p style=\"text-align: justify;\">G\u00fcd\u00fcml\u00fc ve yanda\u015f medya vas\u0131tas\u0131yla, partimizde sorun varm\u0131\u015f\u00e7as\u0131na k\u00fcstah\u00e7a haberler yap\u0131lmakta, \u0131smarlama anketlerle kamuoyu y\u00f6nlendirilmeye \u00e7al\u0131\u015f\u0131lmakta ve Milliyet\u00e7i Hareket i\u00e7in \u00f6n\u00fcm\u00fczdeki se\u00e7imlerde baraj sorunu oldu\u011fu ihanet korosu taraf\u0131ndan seslendirilmektedir.<\/p>\n<p style=\"text-align: justify;\">Ancak b\u00fct\u00fcn oyunlar nafiledir ve t\u00fcm \u00e7abalar beyhudedir.<\/p>\n<p style=\"text-align: justify;\">Milliyet\u00e7i Hareket Partisi g\u00fc\u00e7l\u00fc te\u015fkilat yap\u0131s\u0131 ve g\u00f6n\u00fcl veren milyonlarca mensubuyla birlikte hedefledi\u011fi iktidara her ge\u00e7en g\u00fcn biraz daha yakla\u015fmaktad\u0131r.<\/p>\n<p style=\"text-align: justify;\">Partimize y\u00f6nelik olarak Referandum \u00f6ncesinden itibaren ba\u015flayan ve \u00e7ok boyutlu y\u00fcr\u00fct\u00fclen yo\u011fun ve tehlikeli propaganda titizlikle takip edilecek ve gerekli oldu\u011fu hallerde Genel Merkez bilgilendirilerek mahalli d\u00fczeyde cevap ve kar\u015f\u0131l\u0131k verilecektir.<\/p>\n<p style=\"text-align: justify;\">6- 3 Kas\u0131m 2002 Se\u00e7imleri \u00f6ncesi kendisini g\u00f6steren MHP\u2019siz siyaset projesi bir kez daha belini do\u011frultmu\u015f ve bu defa da y\u0131k\u0131m koalisyonu bu ihaleyi alm\u0131\u015ft\u0131r.<\/p>\n<p style=\"text-align: justify;\">Ancak d\u00fcnden ders ve sonu\u00e7 alm\u0131\u015f olan partimiz t\u00fcm giri\u015fimleri p\u00fcsk\u00fcrtecek ve sonu\u00e7suz b\u0131rakacak inanca, kudrete, birikime ve aziz millet deste\u011fine sahiptir.<\/p>\n<p style=\"text-align: justify;\">Bu kapsamda, t\u00fcm te\u015fkilat mensuplar\u0131m\u0131z Genel Merkez a\u00e7\u0131klamalar\u0131, \u00e7al\u0131\u015fmalar\u0131, genelgeleri, duyurular\u0131 d\u0131\u015f\u0131nda hi\u00e7 kimsenin ya da kesimin beyanlar\u0131na itibar etmeyecektir.<\/p>\n<p style=\"text-align: justify;\">Uydurulmu\u015f anketlere inan\u0131lmayacak ve parti ve mensuplar\u0131m\u0131za y\u00f6nelik psikolojik operasyonlara kar\u015f\u0131 haz\u0131rl\u0131kl\u0131 olunacakt\u0131r.<\/p>\n<p style=\"text-align: justify;\">\u0130lave olarak \u00f6n\u00fcm\u00fczdeki s\u00fcre\u00e7te tekrar artma tehlikesi olan ter\u00f6r olaylar\u0131na kar\u015f\u0131 dikkatli olunacak, \u00f6zellikle Milliyet\u00e7i-\u00dclk\u00fcc\u00fcleri tahrik ve provokasyonlarla olaylar\u0131n i\u00e7ine \u00e7ekmeye \u00e7al\u0131\u015fanlara f\u0131rsat verilmeyecek ve hi\u00e7bir kavgan\u0131n taraf\u0131 olunmayacakt\u0131r.<\/p>\n<p style=\"text-align: justify;\">Milliyet\u00e7i Hareket Partisi ve de\u011ferli mensuplar\u0131 \u00e7evrilen dolaplar\u0131n, kurulan tuzaklar\u0131n, siyasetin kurnazca ve ahlaks\u0131zca tanziminin bir plan d\u00e2hilinde y\u00fcr\u00fct\u00fcld\u00fc\u011f\u00fcn\u00fc g\u00f6rmektedir.<\/p>\n<p style=\"text-align: justify;\">Ancak bu karanl\u0131k hesab\u0131 \u00f6nce Y\u00fcce Allah\u0131n takdiri bozacak; arkas\u0131ndan da aziz dava arkada\u015flar\u0131m\u0131n inanc\u0131 ve de\u011ferlerine olan ba\u011fl\u0131l\u0131klar\u0131 ortadan kald\u0131racakt\u0131r.<\/p>\n<p style=\"text-align: justify;\">Partimiz, kayna\u011f\u0131 ve g\u00fcc\u00fc ne olursa olsun, nereden ve kimden gelirse gelsin her melaneti, tertibi, sald\u0131r\u0131y\u0131 yok etmeye haz\u0131rd\u0131r ve bu konuda b\u00fcy\u00fck bir milli heyecana sahiptir.<\/p>\n<p style=\"text-align: justify;\">Ve Milliyet\u00e7i Hareket; T\u00fcrkiye\u2019nin bug\u00fcnk\u00fc sorunlar\u0131n\u0131n a\u015f\u0131lmas\u0131, y\u0131llar\u0131n biriktirdi\u011fi yolsuzluk, yoksulluk ve huzursuzlu\u011fun yok edilmesi i\u00e7in AKP iktidar\u0131yla hesapla\u015faca\u011f\u0131 g\u00fcn\u00fc sab\u0131rla beklemektedir.<\/p>\n<p style=\"text-align: justify;\">Bu vesileyle t\u00fcm te\u015fkilat y\u00f6neticilerimiz ve mensuplar\u0131m\u0131z inand\u0131\u011f\u0131m\u0131z milli yolda ve \u00fclk\u00fc davas\u0131nda \u2018Tam Yol \u0130leri\u2019 parolas\u0131yla durmaks\u0131z\u0131n ilerleyeceklerdir.<\/p>\n<p style=\"text-align: justify;\"><span style=\"color: #888888;\">Kaynak : <a href=\"http:\/\/haber.gazetevatan.com\/bahceliden-zehir-zemberek-genelge\/329189\/9\/Siyaset\" target=\"_blank\">GAZETEVATAN<\/a><\/span><\/p>\n","protected":false},"excerpt":{"rendered":"<p style=\"text-align: center;\">\n<p style=\"text-align: justify;\">MHP Lideri Devlet Bah\u00e7eli, referandum sonu\u00e7lar\u0131 sonras\u0131nda partisine y\u00f6nelen ele\u015ftirilere, te\u015fkilatlar\u0131na g\u00f6nderdi\u011fi 6 sayfal\u0131k zehir zemberek bir genelgeyle yan\u0131t verdi.<\/p>\n<p style=\"text-align: justify;\">Aziz Dava Arkada\u015flar\u0131m,<\/p>\n<p style=\"text-align: justify;\">\u00dclkemizin \u00e7ok kritik ve sanc\u0131l\u0131 bir d\u00f6neminde yap\u0131lan Anayasa de\u011fi\u015fiklikleri ile ilgili Referandum neticelenmi\u015f, ge\u00e7ici sonu\u00e7lar ortaya \u00e7\u0131km\u0131\u015ft\u0131r. <\/p>\n","protected":false},"author":1,"featured_media":0,"comment_status":"open","ping_status":"closed","sticky":false,"template":"","format":"standard","meta":{"footnotes":""},"categories":[105],"tags":[],"class_list":["post-25729","post","type-post","status-publish","format-standard","hentry","category-gundem","odd"],"_links":{"self":[{"href":"http:\/\/www.korhanyilmaz.com\/index.php?rest_route=\/wp\/v2\/posts\/25729","targetHints":{"allow":["GET"]}}],"collection":[{"href":"http:\/\/www.korhanyilmaz.com\/index.php?rest_route=\/wp\/v2\/posts"}],"about":[{"href":"http:\/\/www.korhanyilmaz.com\/index.php?rest_route=\/wp\/v2\/types\/post"}],"author":[{"embeddable":true,"href":"http:\/\/www.korhanyilmaz.com\/index.php?rest_route=\/wp\/v2\/users\/1"}],"replies":[{"embeddable":true,"href":"http:\/\/www.korhanyilmaz.com\/index.php?rest_route=%2Fwp%2Fv2%2Fcomments&post=25729"}],"version-history":[{"count":0,"href":"http:\/\/www.korhanyilmaz.com\/index.php?rest_route=\/wp\/v2\/posts\/25729\/revisions"}],"wp:attachment":[{"href":"http:\/\/www.korhanyilmaz.com\/index.php?rest_route=%2Fwp%2Fv2%2Fmedia&parent=25729"}],"wp:term":[{"taxonomy":"category","embeddable":true,"href":"http:\/\/www.korhanyilmaz.com\/index.php?rest_route=%2Fwp%2Fv2%2Fcategories&post=25729"},{"taxonomy":"post_tag","embeddable":true,"href":"http:\/\/www.korhanyilmaz.com\/index.php?rest_route=%2Fwp%2Fv2%2Ftags&post=25729"}],"curies":[{"name":"wp","href":"https:\/\/api.w.org\/{rel}","templated":true}]}}