{"id":25726,"date":"2010-09-16T17:42:28","date_gmt":"2010-09-16T14:42:28","guid":{"rendered":"http:\/\/www.korhanyilmaz.com\/?p=25726"},"modified":"2010-09-16T17:42:28","modified_gmt":"2010-09-16T14:42:28","slug":"okyanus-otesine-cemaat-tepkisi","status":"publish","type":"post","link":"http:\/\/www.korhanyilmaz.com\/?p=25726","title":{"rendered":"&#8216;Okyanus \u00f6tesi&#8217;ne cemaat tepkisi!"},"content":{"rendered":"<p style=\"text-align: center;\"><a href=\"http:\/\/www.korhanyilmaz.com\/wp-content\/uploads\/2010\/09\/0051.jpg\"  class=\"lightview\"><img loading=\"lazy\" decoding=\"async\" class=\"aligncenter size-full wp-image-25727\" src=\"http:\/\/www.korhanyilmaz.com\/wp-content\/uploads\/2010\/09\/0051.jpg\" alt=\"\" width=\"320\" height=\"240\" \/><\/a><\/p>\n<p style=\"text-align: justify;\"><strong>G\u00fclen\u2019in sa\u011f kolu H\u00fcseyin G\u00fclerce&#8217;den mesaj: Okyanus \u00f6tesi diyece\u011finize.. <\/strong><\/p>\n<p style=\"text-align: justify;\">Ba\u015fbakan Erdo\u011fan, referandum sonu\u00e7lar\u0131n\u0131n a\u00e7\u0131kland\u0131\u011f\u0131 g\u00fcn, \u0130zmir&#8217;deki mitinginde &#8220;12 Eyl\u00fcl&#8217;de &#8216;hay\u0131r&#8217; oyu vererek tokat at\u0131n, okyanus \u00f6tesinden de duyulsun&#8221; diyen K\u0131l\u0131\u00e7daro\u011flu&#8217;da g\u00f6nderme yaparak &#8220;Okyanus \u00f6tesine&#8221; te\u015fekk\u00fcrlerini iletmi\u015fti. G\u00fclen&#8217;e en yak\u0131n isimlerden biri olan Zaman yazar\u0131 H\u00fcseyin G\u00fclerce bug\u00fcnk\u00fc yaz\u0131s\u0131nda cemaatin bu konuyla ilgili g\u00f6r\u00fc\u015flerine yer verdi. Cemaat &#8220;Okyanus \u00f6tesi&#8221; ad\u0131n\u0131 pek sevmemi\u015f g\u00f6r\u00fcn\u00fcyor. <!--more--><\/p>\n<p style=\"text-align: justify;\">\u0130\u015fte H\u00fcseyin G\u00fclerce&#8217;nin o s\u00f6zleri:<\/p>\n<p style=\"text-align: justify;\"><strong>OKYANUS \u00d6TES\u0130 RAHATSIZLI\u011eI<\/strong><\/p>\n<p style=\"text-align: justify;\">&#8220;&#8230;Tayyip Erdo\u011fan neden bu kadar ba\u015far\u0131l\u0131 oluyor? O kadar y\u0131pratma kampanyalar\u0131na ra\u011fmen, halk\u0131n kendisine olan g\u00fcveni neden devam ediyor? Bunun sebeplerini objektif, bilimsel bir analizle anlamaya \u00e7al\u0131\u015famaz m\u0131s\u0131n\u0131z? Fethullah G\u00fclen referandumda evet \u00e7a\u011fr\u0131s\u0131 yapt\u0131\u011f\u0131nda &#8220;o da siyasalla\u015ft\u0131&#8221; diyece\u011finize, &#8220;bu bir se\u00e7im de\u011fil, bu insan y\u0131llard\u0131r ve \u0131srarla demokrasi, hem de mana boyutlu demokrasi \u00e7a\u011fr\u0131s\u0131 yap\u0131yor&#8221; deyip, bunu anlamaya \u00e7al\u0131\u015fmal\u0131 de\u011fil misiniz? Yine s\u0131rf evet \u00e7a\u011fr\u0131s\u0131 yapt\u0131 diye &#8220;Okyanus \u00f6tesi&#8221; diyerek esrarl\u0131 c\u00fcmleler kuraca\u011f\u0131n\u0131za, nazik davran\u0131p bu insan\u0131n ismini telaffuz etmeli, d\u00fcnya \u00e7ap\u0131ndaki hizmetlerini, k\u00fcresel bar\u0131\u015fa verdi\u011fi deste\u011fi g\u00f6rmeli, hakk\u0131n\u0131 teslim etmeli de\u011fil misiniz?&#8230;&#8221;<\/p>\n<p style=\"text-align: justify;\"><span style=\"color: #888888;\">Kaynak : GAZETEVATAN<\/span><\/p>\n","protected":false},"excerpt":{"rendered":"<p style=\"text-align: center;\">\n<p style=\"text-align: justify;\">G\u00fclen\u2019in sa\u011f kolu H\u00fcseyin G\u00fclerce&#8217;den mesaj: Okyanus \u00f6tesi diyece\u011finize.. <\/p>\n<p style=\"text-align: justify;\">Ba\u015fbakan Erdo\u011fan, referandum sonu\u00e7lar\u0131n\u0131n a\u00e7\u0131kland\u0131\u011f\u0131 g\u00fcn, \u0130zmir&#8217;deki mitinginde &#8220;12 Eyl\u00fcl&#8217;de &#8216;hay\u0131r&#8217; oyu vererek tokat at\u0131n, okyanus \u00f6tesinden de duyulsun&#8221; diyen K\u0131l\u0131\u00e7daro\u011flu&#8217;da g\u00f6nderme yaparak &#8220;Okyanus \u00f6tesine&#8221; te\u015fekk\u00fcrlerini iletmi\u015fti. G\u00fclen&#8217;e en yak\u0131n isimlerden biri olan Zaman yazar\u0131 H\u00fcseyin G\u00fclerce bug\u00fcnk\u00fc <\/p>\n","protected":false},"author":1,"featured_media":0,"comment_status":"open","ping_status":"closed","sticky":false,"template":"","format":"standard","meta":{"footnotes":""},"categories":[105],"tags":[],"class_list":["post-25726","post","type-post","status-publish","format-standard","hentry","category-gundem","odd"],"_links":{"self":[{"href":"http:\/\/www.korhanyilmaz.com\/index.php?rest_route=\/wp\/v2\/posts\/25726","targetHints":{"allow":["GET"]}}],"collection":[{"href":"http:\/\/www.korhanyilmaz.com\/index.php?rest_route=\/wp\/v2\/posts"}],"about":[{"href":"http:\/\/www.korhanyilmaz.com\/index.php?rest_route=\/wp\/v2\/types\/post"}],"author":[{"embeddable":true,"href":"http:\/\/www.korhanyilmaz.com\/index.php?rest_route=\/wp\/v2\/users\/1"}],"replies":[{"embeddable":true,"href":"http:\/\/www.korhanyilmaz.com\/index.php?rest_route=%2Fwp%2Fv2%2Fcomments&post=25726"}],"version-history":[{"count":0,"href":"http:\/\/www.korhanyilmaz.com\/index.php?rest_route=\/wp\/v2\/posts\/25726\/revisions"}],"wp:attachment":[{"href":"http:\/\/www.korhanyilmaz.com\/index.php?rest_route=%2Fwp%2Fv2%2Fmedia&parent=25726"}],"wp:term":[{"taxonomy":"category","embeddable":true,"href":"http:\/\/www.korhanyilmaz.com\/index.php?rest_route=%2Fwp%2Fv2%2Fcategories&post=25726"},{"taxonomy":"post_tag","embeddable":true,"href":"http:\/\/www.korhanyilmaz.com\/index.php?rest_route=%2Fwp%2Fv2%2Ftags&post=25726"}],"curies":[{"name":"wp","href":"https:\/\/api.w.org\/{rel}","templated":true}]}}