{"id":25721,"date":"2010-09-16T17:25:50","date_gmt":"2010-09-16T14:25:50","guid":{"rendered":"http:\/\/www.korhanyilmaz.com\/?p=25721"},"modified":"2010-09-16T17:25:50","modified_gmt":"2010-09-16T14:25:50","slug":"bulent-arinca-sarhos-cezasi","status":"publish","type":"post","link":"http:\/\/www.korhanyilmaz.com\/?p=25721","title":{"rendered":"B\u00fclent Ar\u0131n\u00e7&#8217;a &#8216;sarho\u015f&#8217; cezas\u0131"},"content":{"rendered":"<div id=\"attachment_25722\" style=\"width: 319px\" class=\"wp-caption aligncenter\"><a href=\"http:\/\/www.korhanyilmaz.com\/wp-content\/uploads\/2010\/09\/0041.jpg\"  class=\"lightview\"><img loading=\"lazy\" decoding=\"async\" aria-describedby=\"caption-attachment-25722\" class=\"size-full wp-image-25722 \" title=\"Devlet Bakan\u0131 ve Ba\u015fbakan Yard\u0131mc\u0131s\u0131 B\u00fclent Ar\u0131n\u00e7\" src=\"http:\/\/www.korhanyilmaz.com\/wp-content\/uploads\/2010\/09\/0041.jpg\" alt=\"\" width=\"309\" height=\"231\" \/><\/a><p id=\"caption-attachment-25722\" class=\"wp-caption-text\">Devlet Bakan\u0131 ve Ba\u015fbakan Yard\u0131mc\u0131s\u0131 B\u00fclent Ar\u0131n\u00e7<\/p><\/div>\n<p style=\"text-align: justify;\">CHP&#8217;li \u00c7etin Soysal i\u00e7in &#8216;sarho\u015f&#8217; diyen B\u00fclent Ar\u0131n\u00e7 6 bin lira manevi tazminat \u00f6deyecek<\/p>\n<p style=\"text-align: justify;\">ANKARA &#8211;  CHP \u0130stanbul Milletvekili \u00c7etin Soysal, &#8220;ki\u015filik haklar\u0131na sald\u0131r\u0131da bulundu\u011fu&#8221; iddias\u0131yla Devlet Bakan\u0131 ve Ba\u015fbakan Yard\u0131mc\u0131s\u0131 B\u00fclent Ar\u0131n\u00e7 aleyhinde a\u00e7t\u0131\u011f\u0131 davada 6 bin TL manevi tazminat kazand\u0131. <!--more--><\/p>\n<p style=\"text-align: justify;\">Ankara 8. Asliye Hukuk Mahkemesinde g\u00f6r\u00fclen davan\u0131n karar duru\u015fmas\u0131na Soysal\u2019\u0131n avukat\u0131 \u00dcnal Demirta\u015f ile Ar\u0131n\u00e7\u2019\u0131n avukat\u0131 Yakup Erikel kat\u0131ld\u0131. Avukat Demirta\u015f, &#8220;Ar\u0131n\u00e7\u2019\u0131n m\u00fcvekkili Soysal\u2019a hakaret etti\u011fini&#8221; iddia ederek, davan\u0131n kabul\u00fcne karar verilmesini talep etti. Avukat Erikel ise herhangi bir hakaret kast\u0131n\u0131n s\u00f6z konusu olmad\u0131\u011f\u0131n\u0131 ileri s\u00fcrerek, davan\u0131n reddini istedi. Yarg\u0131\u00e7 Erdal S\u00fcmb\u00fcl, davay\u0131 k\u0131smen kabul ederek, Ar\u0131n\u00e7\u2019\u0131n Soysal\u2019a, yasal faiziyle birlikte 6 bin TL manevi tazminat \u00f6demesine karar verdi. Ar\u0131n\u00e7\u2019\u0131n avukat\u0131 Yakup Erikel, davan\u0131n ard\u0131ndan yapt\u0131\u011f\u0131 a\u00e7\u0131klamada, karar\u0131 Yarg\u0131tayda temyiz edeceklerini s\u00f6yledi.<\/p>\n<p style=\"text-align: justify;\">Davan\u0131n dilek\u00e7esinde, 2 \u015eubat 2010 tarihinde, TBMM\u2019deki gensoru g\u00f6r\u00fc\u015fmeleri s\u0131ras\u0131nda, \u00c7etin Soysal\u2019\u0131n a\u00e7\u0131klamalar\u0131n\u0131n ard\u0131ndan tansiyonun y\u00fckselmesi \u00fczerine genel kurula ara verildi\u011fi, daha sonra B\u00fclent Ar\u0131n\u00e7\u2019\u0131n Meclis Ba\u015fkan Vekili G\u00fcldal Mumcu\u2019nun odas\u0131na giderek Soysal ile ilgili &#8220;hakaret&#8221; i\u00e7erikli s\u00f6zler sarf etti\u011fi iddia edilmi\u015fti. Dilek\u00e7ede, Soysal\u2019\u0131n &#8220;ki\u015filik haklar\u0131na sald\u0131r\u0131da bulundu\u011fu&#8221; \u00f6ne s\u00fcr\u00fclen Ar\u0131n\u00e7\u2019tan yasal faiziyle birlikte 20 bin TL manevi tazminat talep edilmi\u015fti.<\/p>\n<p style=\"text-align: justify;\"><strong>NE OLMU\u015eTU? <\/strong><\/p>\n<p style=\"text-align: justify;\">B\u00fclent Ar\u0131n\u00e7, TBMM Ba\u015fkan Vekili G\u00fcldal Mumcu\u2019nun odas\u0131na girdi\u011finde \u00c7etin Soysal&#8217;\u0131n davran\u0131\u015f\u0131 i\u00e7in &#8221;bir sarho\u015f gibi&#8221; tabirini kulland\u0131\u011f\u0131n\u0131 s\u00f6ylemi\u015fti. Ar\u0131n\u00e7, &#8221;K\u00fcrs\u00fcy\u00fc \u00e7ok s\u0131k kullanmaya \u00e7al\u0131\u015fan ve kendisinden \u00e7ok ho\u015flan\u0131lmayan birka\u00e7 ismin, takviye alarak b\u00f6yle k\u00fcrs\u00fcye geldi\u011fini de tahmin ediyor, biliyorsunuz. (Sarho\u015f olabilece\u011fini) Geli\u015finden, tav\u0131rlar\u0131ndan tahmin ettim. \u00c7\u00fcnk\u00fc Meclis Ba\u015fkan\u0131na kar\u015f\u0131 k\u00fcrs\u00fcye giderken hi\u00e7bir hatip kabaday\u0131 edas\u0131yla veya ba\u015fka bir edayla gidemez. Bunlar, b\u00fct\u00fcn milletvekilleri i\u00e7in ge\u00e7erlidir.\u201d Edimi\u015fti.<\/p>\n<p style=\"text-align: justify;\"><span style=\"color: #888888;\">Kaynak : <a href=\"http:\/\/www.radikal.com.tr\/Radikal.aspx?aType=RadikalDetay&amp;ArticleID=1019258&amp;CategoryID=78\" target=\"_blank\">Radikal<\/a><\/span><\/p>\n","protected":false},"excerpt":{"rendered":"<p id=\"caption-attachment-25722\" class=\"wp-caption-text\">Devlet Bakan\u0131 ve Ba\u015fbakan Yard\u0131mc\u0131s\u0131 B\u00fclent Ar\u0131n\u00e7<\/p>\n<p style=\"text-align: justify;\">CHP&#8217;li \u00c7etin Soysal i\u00e7in &#8216;sarho\u015f&#8217; diyen B\u00fclent Ar\u0131n\u00e7 6 bin lira manevi tazminat \u00f6deyecek<\/p>\n<p style=\"text-align: justify;\">ANKARA &#8211; CHP \u0130stanbul Milletvekili \u00c7etin Soysal, &#8220;ki\u015filik haklar\u0131na sald\u0131r\u0131da bulundu\u011fu&#8221; iddias\u0131yla Devlet Bakan\u0131 ve Ba\u015fbakan Yard\u0131mc\u0131s\u0131 B\u00fclent Ar\u0131n\u00e7 aleyhinde a\u00e7t\u0131\u011f\u0131 davada 6 bin TL manevi tazminat kazand\u0131. <\/p>\n","protected":false},"author":1,"featured_media":0,"comment_status":"open","ping_status":"closed","sticky":false,"template":"","format":"standard","meta":{"footnotes":""},"categories":[105],"tags":[],"class_list":["post-25721","post","type-post","status-publish","format-standard","hentry","category-gundem","odd"],"_links":{"self":[{"href":"http:\/\/www.korhanyilmaz.com\/index.php?rest_route=\/wp\/v2\/posts\/25721","targetHints":{"allow":["GET"]}}],"collection":[{"href":"http:\/\/www.korhanyilmaz.com\/index.php?rest_route=\/wp\/v2\/posts"}],"about":[{"href":"http:\/\/www.korhanyilmaz.com\/index.php?rest_route=\/wp\/v2\/types\/post"}],"author":[{"embeddable":true,"href":"http:\/\/www.korhanyilmaz.com\/index.php?rest_route=\/wp\/v2\/users\/1"}],"replies":[{"embeddable":true,"href":"http:\/\/www.korhanyilmaz.com\/index.php?rest_route=%2Fwp%2Fv2%2Fcomments&post=25721"}],"version-history":[{"count":0,"href":"http:\/\/www.korhanyilmaz.com\/index.php?rest_route=\/wp\/v2\/posts\/25721\/revisions"}],"wp:attachment":[{"href":"http:\/\/www.korhanyilmaz.com\/index.php?rest_route=%2Fwp%2Fv2%2Fmedia&parent=25721"}],"wp:term":[{"taxonomy":"category","embeddable":true,"href":"http:\/\/www.korhanyilmaz.com\/index.php?rest_route=%2Fwp%2Fv2%2Fcategories&post=25721"},{"taxonomy":"post_tag","embeddable":true,"href":"http:\/\/www.korhanyilmaz.com\/index.php?rest_route=%2Fwp%2Fv2%2Ftags&post=25721"}],"curies":[{"name":"wp","href":"https:\/\/api.w.org\/{rel}","templated":true}]}}