{"id":25715,"date":"2010-09-16T12:50:31","date_gmt":"2010-09-16T09:50:31","guid":{"rendered":"http:\/\/www.korhanyilmaz.com\/?p=25715"},"modified":"2010-09-16T12:50:31","modified_gmt":"2010-09-16T09:50:31","slug":"25-milyon-dolar-tartismasi","status":"publish","type":"post","link":"http:\/\/www.korhanyilmaz.com\/?p=25715","title":{"rendered":"25 milyon dolar tart\u0131\u015fmas\u0131"},"content":{"rendered":"<p style=\"text-align: center;\"><a href=\"http:\/\/www.korhanyilmaz.com\/wp-content\/uploads\/2010\/09\/0031.jpg\"  class=\"lightview\"><img loading=\"lazy\" decoding=\"async\" class=\"aligncenter size-full wp-image-25716\" src=\"http:\/\/www.korhanyilmaz.com\/wp-content\/uploads\/2010\/09\/0031.jpg\" alt=\"\" width=\"384\" height=\"198\" \/><\/a><\/p>\n<p style=\"text-align: justify;\">\u0130ngiliz The Daily Telegraph gazetesinin &#8220;AK Parti\u2019ye \u0130ran\u2019dan verildi\u011fi 25 milyon dolar ba\u011f\u0131\u015f verildi&#8221; iddias\u0131 ortal\u0131\u011f\u0131 kar\u0131\u015ft\u0131rd\u0131. G\u00f6r\u00fc\u015flerini sordu\u011fumuz hukuk\u00e7ular ve CHP kurmaylar\u0131, iddian\u0131n do\u011fru olmas\u0131 durumunda AK Parti&#8217;ye kapatma davas\u0131 a\u00e7\u0131labilece\u011fini belirtti..<!--more--><\/p>\n<p style=\"text-align: justify;\">\u0130ngiliz gazetesi Telegraph\u2019\u0131n \u201c\u0130ran, T\u00fcrkiye\u2019deki iktidar partisi AK Parti\u2019ye 25 milyon dolar se\u00e7im ba\u011f\u0131\u015f\u0131 g\u00f6nderdi ve bunu \u0130HH arac\u0131l\u0131\u011fyla iletti\u201d haberi siyasete bomba etkisi yapt\u0131. Gazeteport&#8217;un ula\u015ft\u0131\u011f\u0131 AK Parti ve \u0130HH yetkilileri haberin yalan oldu\u011funu belirtip \u0130ngiliz gazetesine dava a\u00e7maya haz\u0131rlan\u0131rken, hukuk\u00e7ular ve CHP kurmaylar\u0131 bu iddian\u0131n do\u011fruysa &#8220;\u00e7ok vahim&#8221; oldu\u011funu kaydetti.<\/p>\n<p style=\"text-align: justify;\">AKP Genel Ba\u015fkan Yard\u0131mc\u0131s\u0131 \u00d6mer \u00c7elik &#8220;Yalanlardan ba\u015fka hi\u00e7bir \u015feye dayanmayan bu haber, temelsiz ve sinsi bir iddiad\u0131r\u2019\u2019 derken, Yarg\u0131tay eski Ba\u015fsavc\u0131s\u0131 Sabih Kanado\u011flu, YARSAV Ba\u015fkan\u0131 Emine \u00dclker Tarhan, CHP Genel Ba\u015fkan yard\u0131mc\u0131s\u0131 G\u00fcrsel Tekin ve Konya milletvekili Atilla Kart GAZETEPORT\u2019a konu\u015ftu.<\/p>\n<p style=\"text-align: justify;\"><strong>&#8220;\u0130DD\u0130A DO\u011eRU \u00c7IKARSA AKP&#8217;YE KAPATMA DAVASI A\u00c7ILAB\u0130L\u0130R&#8221;<\/strong><\/p>\n<p style=\"text-align: justify;\">YARSAV Ba\u015fkan\u0131 Emine \u00dclker Tarhan, haberin do\u011fru \u00e7\u0131kmas\u0131 durumunda partinin kapat\u0131lmas\u0131 konusunda bir dava konusu olaca\u011f\u0131n\u0131 belirterek, \u2018\u2019Bu konu e\u011fer iddialar do\u011fruysa elbette dava konusu olabilecek bir durumdur. B\u00f6ylesine \u00f6nemli bir iddia kar\u015f\u0131s\u0131nda siyaset eti\u011fi ve siyaset k\u00fclt\u00fcr\u00fc mutlaka tart\u0131\u015f\u0131lmal\u0131d\u0131r. Siyaset, \u015fapkas\u0131n\u0131 \u00f6n\u00fcne al\u0131p d\u00fc\u015f\u00fcnmelidir\u2019\u2019 dedi.<\/p>\n<p style=\"text-align: justify;\">Yarg\u0131tay Onursal Ba\u015fsavc\u0131s\u0131 Sabih Kanado\u011flu da \u201c\u0130ddialar vahim. Haberi yazan gazeteci belgelerinin oldu\u011funu s\u00f6yl\u00fcyor. \u00d6nce bir yay\u0131nlans\u0131n da g\u00f6relim. Ondan sonra bununla ilgili konu\u015fulabilir\u201d ifadesini kulland\u0131.<\/p>\n<p style=\"text-align: justify;\"><strong>ALTINDA KALIRLAR<\/strong><\/p>\n<p style=\"text-align: justify;\">CHP Genel Ba\u015fkan Yard\u0131mc\u0131s\u0131 G\u00fcrsel Tekin de bu konuda \u00e7ekincesi oldu\u011funu dile getirdi ve \u201cGazeteci elbette bu haberinin arkas\u0131nda oldu\u011funu s\u00f6ylerken belgesiyle konu\u015facakt\u0131r. Biz de o belgenin ne oldu\u011funu bekliyoruz. E\u011fer bu iddia ger\u00e7ek \u00e7\u0131karsa, b\u00fcy\u00fck bir skandal oldu\u011fu ortadad\u0131r. Zaten siyaset olarak bunun hesab\u0131n\u0131 veremezler, alt\u0131nda kal\u0131rlar\u201d dedi. Tekin, Siyasi Partiler Kanunu\u2019na g\u00f6re bunun kapatma nedeni oldu\u011funu da s\u00f6zlerine ekledi.<\/p>\n<p style=\"text-align: justify;\"><strong>MASAK \u00dcZER\u0130NE G\u0130DEB\u0130L\u0130R M\u0130?<\/strong><\/p>\n<p style=\"text-align: justify;\">Meclis Anayasa Komisyonu \u00fcyesi ve CHP Konya milletvekili Atilla Kart da, habere \u201c\u015fa\u015f\u0131rmad\u0131\u011f\u0131n\u0131\u201d belirterek \u201cBen bu iddian\u0131n do\u011fru oldu\u011fu kan\u0131s\u0131nday\u0131m. AKP, kay\u0131t d\u0131\u015f\u0131 ve kara para ili\u015fkilerine dayanan bir siyaset anlay\u0131\u015f\u0131n\u0131n temsilcisidir. Holding soygunlar\u0131 ve Deniz Feneri yolsuzlu\u011fu bunlar\u0131n en somut \u00f6rnekleridir. Ama savc\u0131l\u0131k  ya da MASAK gibi kurulu\u015flar bu incelemeyi yapma cesareti ve sorumlulu\u011funu g\u00f6sterebilecek midir?&#8221; dedi.<\/p>\n<p style=\"text-align: justify;\"><strong>MECL\u0130S G\u00dcNDEM\u0130NDE<\/strong><\/p>\n<p style=\"text-align: justify;\">\u00d6te yandan, CHP Mu\u011fla Milletvekili Fevzi Topuz da Ba\u015fbakan Erdo\u011fan\u2019\u0131n yan\u0131tlamas\u0131 istemiyle konuyu Meclis g\u00fcndemine ta\u015f\u0131d\u0131. Topuz, \u015fu sorulara yan\u0131t verilmesini talep etti:<\/p>\n<p style=\"text-align: justify;\">\u201c- \u0130ran\u2019dan geldi\u011fi ve referandumda kullan\u0131ld\u0131\u011f\u0131 iddia edilen b\u00f6yle bir para, yasal ya da yasa d\u0131\u015f\u0131 olarak T\u00fcrkiye\u2019ye giri\u015fi olmu\u015f mudur?<\/p>\n<p style=\"text-align: justify;\">&#8211; Bu konuda idari ya da adli herhangi bir ara\u015ft\u0131rma ya da soru\u015fturma yap\u0131lm\u0131\u015f m\u0131d\u0131r?<\/p>\n<p style=\"text-align: justify;\">&#8211; Referandumdaki evet kampanyas\u0131nda dev bir b\u00fct\u00e7e kullan\u0131ld\u0131. Bu b\u00fct\u00e7ede \u0130ran\u2019dan geldi\u011fi iddia edilen paran\u0131n pay\u0131 nedir?<\/p>\n<p style=\"text-align: justify;\">&#8211; Bir Ba\u015fbakan olarak partinize kar\u015f\u0131 iddia edilen bu olayda kendi sorumlulu\u011funuzun da var oldu\u011funu kabul edip gere\u011fini yenine getirecek misiniz?\u201d<\/p>\n<p style=\"text-align: justify;\"><span style=\"color: #888888;\">Kaynak : Yusuf Sahici &#8211;\u00a0 <a href=\"http:\/\/www.gazeteport.com.tr\/SIYASET\/NEWS\/GP_764245\" target=\"_blank\">GAZETEPORT<\/a><\/span><\/p>\n","protected":false},"excerpt":{"rendered":"<p style=\"text-align: center;\">\n<p style=\"text-align: justify;\">\u0130ngiliz The Daily Telegraph gazetesinin &#8220;AK Parti\u2019ye \u0130ran\u2019dan verildi\u011fi 25 milyon dolar ba\u011f\u0131\u015f verildi&#8221; iddias\u0131 ortal\u0131\u011f\u0131 kar\u0131\u015ft\u0131rd\u0131. G\u00f6r\u00fc\u015flerini sordu\u011fumuz hukuk\u00e7ular ve CHP kurmaylar\u0131, iddian\u0131n do\u011fru olmas\u0131 durumunda AK Parti&#8217;ye kapatma davas\u0131 a\u00e7\u0131labilece\u011fini belirtti..<\/p>\n","protected":false},"author":1,"featured_media":0,"comment_status":"open","ping_status":"closed","sticky":false,"template":"","format":"standard","meta":{"footnotes":""},"categories":[105],"tags":[],"class_list":["post-25715","post","type-post","status-publish","format-standard","hentry","category-gundem","odd"],"_links":{"self":[{"href":"http:\/\/www.korhanyilmaz.com\/index.php?rest_route=\/wp\/v2\/posts\/25715","targetHints":{"allow":["GET"]}}],"collection":[{"href":"http:\/\/www.korhanyilmaz.com\/index.php?rest_route=\/wp\/v2\/posts"}],"about":[{"href":"http:\/\/www.korhanyilmaz.com\/index.php?rest_route=\/wp\/v2\/types\/post"}],"author":[{"embeddable":true,"href":"http:\/\/www.korhanyilmaz.com\/index.php?rest_route=\/wp\/v2\/users\/1"}],"replies":[{"embeddable":true,"href":"http:\/\/www.korhanyilmaz.com\/index.php?rest_route=%2Fwp%2Fv2%2Fcomments&post=25715"}],"version-history":[{"count":0,"href":"http:\/\/www.korhanyilmaz.com\/index.php?rest_route=\/wp\/v2\/posts\/25715\/revisions"}],"wp:attachment":[{"href":"http:\/\/www.korhanyilmaz.com\/index.php?rest_route=%2Fwp%2Fv2%2Fmedia&parent=25715"}],"wp:term":[{"taxonomy":"category","embeddable":true,"href":"http:\/\/www.korhanyilmaz.com\/index.php?rest_route=%2Fwp%2Fv2%2Fcategories&post=25715"},{"taxonomy":"post_tag","embeddable":true,"href":"http:\/\/www.korhanyilmaz.com\/index.php?rest_route=%2Fwp%2Fv2%2Ftags&post=25715"}],"curies":[{"name":"wp","href":"https:\/\/api.w.org\/{rel}","templated":true}]}}