{"id":25707,"date":"2010-09-16T14:00:25","date_gmt":"2010-09-16T11:00:25","guid":{"rendered":"http:\/\/www.korhanyilmaz.com\/?p=25707"},"modified":"2010-09-16T14:00:25","modified_gmt":"2010-09-16T11:00:25","slug":"hakkaride-minibuse-mayin-tuzagi-9-olu","status":"publish","type":"post","link":"http:\/\/www.korhanyilmaz.com\/?p=25707","title":{"rendered":"Hakkari&#8217;de minib\u00fcse may\u0131n tuza\u011f\u0131: 9 \u00f6l\u00fc"},"content":{"rendered":"<p style=\"text-align: justify;\"><a href=\"http:\/\/www.korhanyilmaz.com\/wp-content\/uploads\/2010\/09\/0013.jpg\"  class=\"lightview\"><img loading=\"lazy\" decoding=\"async\" class=\"aligncenter size-full wp-image-25708\" src=\"http:\/\/www.korhanyilmaz.com\/wp-content\/uploads\/2010\/09\/0013.jpg\" alt=\"\" width=\"292\" height=\"224\" \/><\/a><\/p>\n<p style=\"text-align: justify;\">Hakkari&#8217;de Durankaya beldesi ile Ge\u00e7itli k\u00f6y\u00fc aras\u0131ndaki karayolunda sivilleri ta\u015f\u0131yan bir minib\u00fcs may\u0131na \u00e7arpt\u0131. Olayda \u00f6nce 10 ki\u015finin \u00f6ld\u00fc\u011f\u00fc belirtildi, ancak bu rakam daha sonra 9 olarak d\u00fczeltildi. 4 de yaral\u0131 var. Ba\u015fbakan Erdo\u011fan, &#8220;S\u00fcrecin kararl\u0131 bir \u015fekilde takipcisiyiz. Bu t\u00fcr olaylar bizi y\u0131ld\u0131rmayacak&#8221; dedi. Patlamayla ilgili Hakkari Cumhuriyet Ba\u015fsavc\u0131l\u0131\u011f\u0131 adli tahkikat ba\u015flatt\u0131.<!--more--><\/p>\n<p style=\"text-align: justify;\">Olay, bu sabah meydana geldi.<\/p>\n<p style=\"text-align: justify;\">Ayd\u0131n Erol y\u00f6netimindeki minib\u00fcs\u00fcn, merkeze 28 kilometre uzakl\u0131ktaki Ge\u00e7itli k\u00f6y\u00fc ile Durankaya beldesi aras\u0131ndan ge\u00e7i\u015fi s\u0131ras\u0131nda \u00f6nceden yola d\u00f6\u015fenen patlay\u0131c\u0131 infilak etti.<\/p>\n<p style=\"text-align: justify;\">Hakkari Valisi Muammer T\u00fcrker, patlamada \u00f6nce 10 ki\u015finin \u00f6ld\u00fc\u011f\u00fcn\u00fc a\u00e7\u0131klad\u0131; daha sonra bu rakam d\u00fczeltildi.<\/p>\n<p style=\"text-align: justify;\">Vali Vekili Davut Sinano\u011flu, ilk a\u015famada patlama b\u00f6lgesinde toplanan ceset par\u00e7alar\u0131ndan \u00f6lenlerin say\u0131s\u0131n\u0131n 10 olarak tesbit edildi\u011fini, ancak daha sonra Hakkari Devlet Hastanesi morgunda yap\u0131lan incelemelerde \u00f6l\u00fc say\u0131s\u0131n\u0131n fazla oldu\u011funun belirlendi\u011fini s\u00f6yledi.<\/p>\n<p style=\"text-align: justify;\">Bu hatan\u0131n may\u0131nl\u0131 sald\u0131r\u0131da cesetlerin par\u00e7alanmas\u0131ndan kaynakland\u0131\u011f\u0131n\u0131 belirten Vali Vekili Sinano\u011flu, \u00f6lenlerin aras\u0131nda adlar\u0131 bulunan Nurullah ve Umut \u00c7ift\u00e7i&#8217;nin tek ki\u015fi oldu\u011funu, \u00f6lenin Nurullah Umut \u00c7ift\u00e7i oldu\u011funu belirtti.<\/p>\n<p style=\"text-align: justify;\">Olayda, minib\u00fcste bulunan 15 ayl\u0131k bir bebek ile 3 ki\u015fi de yaraland\u0131. Yaral\u0131 bebek, Malatya&#8217;ya sevkedilirken, di\u011fer yaral\u0131lar Hakkari Devlet Hastanesi&#8217;nde tedavi alt\u0131na al\u0131nd\u0131.<\/p>\n<p style=\"text-align: justify;\"><strong>B\u00f6lgede bulunan patlay\u0131c\u0131lar <\/strong><\/p>\n<p style=\"text-align: justify;\">Hakkari Valili\u011fi&#8217;nden yap\u0131lan a\u00e7\u0131klamaya g\u00f6re, b\u00f6lgede yap\u0131lan incelemede patlatma d\u00fczene\u011finin bulundu\u011fu yerde i\u00e7inde \u00e7e\u015fitli ya\u015fam malzemesi ve elektronik d\u00fczenek bulunan 2 s\u0131rt \u00e7antas\u0131, 2 adet Rus yap\u0131m\u0131 anti tank may\u0131n ve havan m\u00fchimmat\u0131n\u0131n i\u00e7ine patlatma d\u00fczene\u011fi ile tuzaklanm\u0131\u015f C4 plastik patlay\u0131c\u0131 madde bulundu.<\/p>\n<p style=\"text-align: justify;\">Olayla ilgili inceleme ve soru\u015fturma devam ediyor.<\/p>\n<p style=\"text-align: justify;\"><strong>\u00d6l\u00fc ve yaral\u0131lar\u0131n kimlikleri <\/strong><\/p>\n<p style=\"text-align: justify;\">\u00d6lenlerin s\u00fcr\u00fcc\u00fc Ayd\u0131n Erol ile E\u015fref G\u00fcr, Enes Erol, Abuzeyd \u0130den, \u015eirin Kurt, Semiha Dayan, Raife \u00c7ift\u00e7i, Cane Dayan, Nurullah Umut \u00c7ift\u00e7i; yaral\u0131lar\u0131n ise \u00d6zg\u00fcr \u0130den, Sudenaz Kurt (3), Berivan Dayan ile 15 ayl\u0131k Zeynep Kurt oldu\u011fu belirlendi.<\/p>\n<p style=\"text-align: justify;\"><strong>Genelkurmay&#8217;dan a\u00e7\u0131klama <\/strong><\/p>\n<p style=\"text-align: justify;\">Genelkurmay Ba\u015fkanl\u0131\u011f\u0131 ise Ge\u00e7itli K\u00f6y\u00fc yak\u0131nlar\u0131nda meydana gelen patlamada 9 ki\u015finin hayat\u0131n\u0131 kaybetti\u011fini, 4 ki\u015finin de yaraland\u0131\u011f\u0131 sald\u0131r\u0131 ile iligili olarak a\u00e7\u0131klama yapt\u0131.<\/p>\n<p style=\"text-align: justify;\">A\u00e7\u0131klamada olayla ilgili olarak Hakk\u00e2ri Cumhuriyet Ba\u015fsavc\u0131l\u0131\u011f\u0131nca adli tahkikata ba\u015fland\u0131\u011f\u0131 belirtildi.<\/p>\n<p style=\"text-align: justify;\">Yap\u0131lan a\u00e7\u0131klama \u015f\u00f6yle: &#8220;Hakk\u00e2ri ili merkeze ba\u011fl\u0131 Ge\u00e7itli k\u00f6y\u00fcnden, 16 Eyl\u00fcl 2010 g\u00fcn\u00fc sabah saatlerinde k\u00f6yl\u00fcleri Hakk\u00e2ri&#8217;ye g\u00f6t\u00fcrmek \u00fczere hareket eden minib\u00fcs\u00fcn, k\u00f6y\u00fcn 3 km g\u00fcneydo\u011fusunda bulunan Karata\u015f mevkiinden saat 09:10 s\u0131ralar\u0131nda ge\u00e7i\u015fi esnas\u0131nda, b\u00f6l\u00fcc\u00fc ter\u00f6r \u00f6rg\u00fct\u00fc mensuplar\u0131 taraf\u0131ndan yola d\u00f6\u015fenen may\u0131n\u0131n patlamas\u0131 sonucu; minib\u00fcste bulunan 9 vatanda\u015f hayat\u0131n\u0131 kaybetmi\u015f, 4 vatanda\u015f \u00e7e\u015fitli yerlerinden yaralanm\u0131\u015ft\u0131r. Yaral\u0131 vatanda\u015flar helikopter ile derhal b\u00f6lgedeki hastanelere sevk edilerek tedavi alt\u0131na al\u0131nm\u0131\u015ft\u0131r. Olayla ilgili olarak Hakk\u00e2ri Cumhuriyet Ba\u015fsavc\u0131l\u0131\u011f\u0131nca adli tahkikata ba\u015flanm\u0131\u015ft\u0131r.&#8221;<\/p>\n<p style=\"text-align: justify;\"><strong>Siyasilerden mesaj <\/strong><\/p>\n<p style=\"text-align: justify;\">Cumhurba\u015fkan\u0131 Abdullah G\u00fcl, Hakkari&#8217;deki may\u0131n patlamas\u0131na ili\u015fkin, &#8220;May\u0131n kullanarak sivil insanlara kar\u015f\u0131, onlara bask\u0131 yapmak, onlar\u0131 tehdit etmek, sindirmek i\u00e7in bir \u015fekilde onlara kar\u015f\u0131 ter\u00f6r kullanmak, bunu \u015fiddetle telin ediyorum&#8221; dedi.<\/p>\n<p style=\"text-align: justify;\">G\u00fcl, &#8220;\u00dcz\u00fcnt\u00fcm\u00fcz b\u00fcy\u00fck. K\u00fc\u00e7\u00fck \u00e7ocuklar var. Bu, ter\u00f6r\u00fcn ac\u0131mas\u0131zl\u0131\u011f\u0131n\u0131 ve ter\u00f6r\u00fcn g\u00f6z\u00fcnde hi\u00e7bir insani duygular\u0131n kalmad\u0131\u011f\u0131n\u0131 g\u00f6steren bir sald\u0131r\u0131. Devletimiz hi\u00e7bir zaman vatanda\u015f\u0131n\u0131 ter\u00f6r organizasyonu, ter\u00f6r \u00f6rg\u00fct\u00fc kar\u015f\u0131s\u0131nda yaln\u0131z b\u0131rakmayacakt\u0131r, ezdirmeyecektir. Ne gerekirse her t\u00fcrl\u00fc tedbiri de alacakt\u0131r. \u00dcmit ediyorum ki b\u00f6lgedeki vatanda\u015flar\u0131m\u0131z da o y\u00f6relerde ya\u015fayan b\u00fct\u00fcn insanlar\u0131m\u0131z da K\u00fcrt-T\u00fcrk hi\u00e7bir ayr\u0131m yapmadan hepsi bu ter\u00f6r sald\u0131r\u0131s\u0131ndan ibret al\u0131p, T\u00fcrkiye&#8217;de neler yap\u0131lmak istendi\u011fini, bu ter\u00f6r \u00f6rg\u00fct\u00fcn\u00fcn neler yapmak istedi\u011fini en iyi \u015fekilde de\u011ferlendireceklerdir&#8221; dedi.<\/p>\n<p style=\"text-align: justify;\">TBMM Ba\u015fkan\u0131 Mehmet Ali \u015eahin de, &#8220;\u00dclkemizin istikrar ve g\u00fcven ortam\u0131n\u0131 zedeleyerek toplumsal huzurumuzu ve bar\u0131\u015f\u0131m\u0131z\u0131 bozmay\u0131 hedef alan ter\u00f6r\u00fc \u015fiddetle k\u0131n\u0131yorum&#8221; ifadelerini kulland\u0131.<\/p>\n<p style=\"text-align: justify;\">Ba\u015fbakan Recep Tayyip Erdo\u011fan da, &#8220;S\u00fcrecin kararl\u0131 bir \u015fekilde takipcisiyiz bu t\u00fcr olaylar bizi y\u0131ld\u0131rmayacak&#8221; diye konu\u015ftu.<\/p>\n<p style=\"text-align: justify;\">Fransa D\u0131\u015fi\u015fleri ve Avrupa \u0130\u015fleri Bakanl\u0131\u011f\u0131 Bas\u0131n S\u00f6zc\u00fcs\u00fc Bernard Valero, olayla ilgili olarak, Fransa&#8217;n\u0131n sald\u0131r\u0131y\u0131 kesin bir \u015fekilde k\u0131nad\u0131\u011f\u0131n\u0131 belirtti; &#8220;Fransa, bu sabah T\u00fcrkiye&#8217;nin g\u00fcneydo\u011fusunda meydana gelen ve on ki\u015finin hayat\u0131n\u0131 kaybetti\u011fi kanl\u0131 sald\u0131r\u0131y\u0131 en kesin \u015fekilde k\u0131nar. Hayatlar\u0131n\u0131 kaybedenlerin ailelerine ve yak\u0131nlar\u0131na ba\u015fsa\u011fl\u0131\u011f\u0131 diliyoruz. Ayn\u0131 zamanda ter\u00f6rizme ve \u015fiddete kar\u015f\u0131 m\u00fccadelelerinde T\u00fcrk yetkilileri ve T\u00fcrk halk\u0131 ile tam bir dayan\u0131\u015fma i\u00e7inde oldu\u011fumuzu ve kendilerine olan deste\u011fimizi de ifade ediyoruz&#8221; dedi.<\/p>\n<p style=\"text-align: justify;\">CHP Genel Ba\u015fkan\u0131 Kemal K\u0131l\u0131\u00e7daro\u011flu, Hakkari&#8217;deki may\u0131n patlamas\u0131na ili\u015fkin &#8220;Bir insanl\u0131k su\u00e7u olan ter\u00f6r\u00fc ve sivilleri de hedef alan patlamaya neden olanlar\u0131&#8221; \u015fiddetle k\u0131nad\u0131\u011f\u0131n\u0131 belirtti.<\/p>\n<p style=\"text-align: justify;\"><strong>BDP b\u00f6lgeye gidiyor <\/strong><\/p>\n<p style=\"text-align: justify;\">Bu arada, BDP Genel Ba\u015fkan\u0131 Selahattin Demirta\u015f ile Genel Ba\u015fkan Yard\u0131mc\u0131s\u0131 G\u00fcltan K\u0131\u015fanak, may\u0131n patlamas\u0131n\u0131n oldu\u011fu yerde incelemelerde bulunmak \u00fczere yar\u0131n Hakkari&#8217;ye gidecek.<\/p>\n<p style=\"text-align: justify;\">BDP Bas\u0131n B\u00fcrosundan yap\u0131lan yaz\u0131l\u0131 a\u00e7\u0131klamada, daha \u00f6nce Demirta\u015f ve K\u0131\u015fanak&#8217;\u0131n yar\u0131n, Diyarbak\u0131r \u00d6zel Yetkili A\u011f\u0131r Ceza Mahkemesi&#8217;nde g\u00f6r\u00fclecek olan &#8220;Cemal Temiz\u00f6z duru\u015fmas\u0131n\u0131&#8221; izleyece\u011finin duyuruldu\u011fu an\u0131msat\u0131ld\u0131.<\/p>\n<p style=\"text-align: justify;\">A\u00e7\u0131klamada, Demirta\u015f ve K\u0131\u015fanak&#8217;\u0131n bug\u00fcn Hakkari&#8217;de meydana gelen ve 10 vatanda\u015f\u0131n \u00f6l\u00fcm\u00fc ile sonu\u00e7lanan patlama sebebiyle Diyarbak\u0131r&#8217;da g\u00f6r\u00fclecek olan duru\u015fmaya kat\u0131lmayarak patlaman\u0131n meydana geldi\u011fi Hakkari&#8217;ye gidecekleri belirtildi.<\/p>\n<p style=\"text-align: justify;\"><a href=\"http:\/\/www.cnnturk.com\/2010\/turkiye\/09\/16\/hakkaride.minibuse.mayin.tuzagi.9.olu\/589824.0\/index.html\" target=\"_blank\"><span style=\"color: #888888;\">CNN T\u00dcRK<\/span><\/a><\/p>\n","protected":false},"excerpt":{"rendered":"<p style=\"text-align: justify;\">\n<p style=\"text-align: justify;\">Hakkari&#8217;de Durankaya beldesi ile Ge\u00e7itli k\u00f6y\u00fc aras\u0131ndaki karayolunda sivilleri ta\u015f\u0131yan bir minib\u00fcs may\u0131na \u00e7arpt\u0131. Olayda \u00f6nce 10 ki\u015finin \u00f6ld\u00fc\u011f\u00fc belirtildi, ancak bu rakam daha sonra 9 olarak d\u00fczeltildi. 4 de yaral\u0131 var. Ba\u015fbakan Erdo\u011fan, &#8220;S\u00fcrecin kararl\u0131 bir \u015fekilde takipcisiyiz. Bu t\u00fcr olaylar bizi y\u0131ld\u0131rmayacak&#8221; dedi. Patlamayla ilgili Hakkari Cumhuriyet Ba\u015fsavc\u0131l\u0131\u011f\u0131 <\/p>\n","protected":false},"author":1,"featured_media":0,"comment_status":"open","ping_status":"closed","sticky":false,"template":"","format":"standard","meta":{"footnotes":""},"categories":[105],"tags":[],"class_list":["post-25707","post","type-post","status-publish","format-standard","hentry","category-gundem","odd"],"_links":{"self":[{"href":"http:\/\/www.korhanyilmaz.com\/index.php?rest_route=\/wp\/v2\/posts\/25707","targetHints":{"allow":["GET"]}}],"collection":[{"href":"http:\/\/www.korhanyilmaz.com\/index.php?rest_route=\/wp\/v2\/posts"}],"about":[{"href":"http:\/\/www.korhanyilmaz.com\/index.php?rest_route=\/wp\/v2\/types\/post"}],"author":[{"embeddable":true,"href":"http:\/\/www.korhanyilmaz.com\/index.php?rest_route=\/wp\/v2\/users\/1"}],"replies":[{"embeddable":true,"href":"http:\/\/www.korhanyilmaz.com\/index.php?rest_route=%2Fwp%2Fv2%2Fcomments&post=25707"}],"version-history":[{"count":0,"href":"http:\/\/www.korhanyilmaz.com\/index.php?rest_route=\/wp\/v2\/posts\/25707\/revisions"}],"wp:attachment":[{"href":"http:\/\/www.korhanyilmaz.com\/index.php?rest_route=%2Fwp%2Fv2%2Fmedia&parent=25707"}],"wp:term":[{"taxonomy":"category","embeddable":true,"href":"http:\/\/www.korhanyilmaz.com\/index.php?rest_route=%2Fwp%2Fv2%2Fcategories&post=25707"},{"taxonomy":"post_tag","embeddable":true,"href":"http:\/\/www.korhanyilmaz.com\/index.php?rest_route=%2Fwp%2Fv2%2Ftags&post=25707"}],"curies":[{"name":"wp","href":"https:\/\/api.w.org\/{rel}","templated":true}]}}