{"id":25702,"date":"2010-09-15T15:47:41","date_gmt":"2010-09-15T12:47:41","guid":{"rendered":"http:\/\/www.korhanyilmaz.com\/?p=25702"},"modified":"2010-09-15T15:47:41","modified_gmt":"2010-09-15T12:47:41","slug":"telegraph-muhabiri-haberinin-arkasinda","status":"publish","type":"post","link":"http:\/\/www.korhanyilmaz.com\/?p=25702","title":{"rendered":"Telegraph muhabiri haberinin arkas\u0131nda"},"content":{"rendered":"<p style=\"text-align: center;\"><a href=\"http:\/\/www.korhanyilmaz.com\/wp-content\/uploads\/2010\/09\/1051.jpeg\"  class=\"lightview\"><img loading=\"lazy\" decoding=\"async\" class=\"aligncenter size-full wp-image-25703\" src=\"http:\/\/www.korhanyilmaz.com\/wp-content\/uploads\/2010\/09\/1051.jpeg\" alt=\"\" width=\"417\" height=\"278\" \/><\/a><\/p>\n<p style=\"text-align: justify;\">\u0130ngiliz The Daily Telegraph gazetesi, AK Parti taraf\u0131ndan bug\u00fcn jet h\u0131z\u0131yla yalanlanan \u201c\u0130ran T\u00fcrkiye&#8217;nin iktidar partisine referandum kampanyas\u0131n\u0131 y\u00fcr\u00fctmede destek i\u00e7in 25 milyon dolar ba\u011f\u0131\u015flad\u0131\u201d ba\u015fl\u0131kl\u0131 haberinin arkas\u0131nda. AKP ise dava a\u00e7maya s\u00fcrecini ba\u015flatt\u0131klar\u0131n\u0131 duyurdu.<!--more--><\/p>\n<p style=\"text-align: justify;\">Gazeteport&#8217;tan Safiye Usul&#8217;\u00fcn haberine g\u00f6re AK Parti taraf\u0131ndan yap\u0131lan yalanlama \u00fczerine Daily Telegraph D\u0131\u015f Haberler Masas\u0131 Sorumlusu, 25 milyon dolarl\u0131k \u00f6nemli iddiayla ilgili olarak Gazeteport\u2019a \u015funlar\u0131 s\u00f6yledi: \u201cHaber halen yay\u0131nda. Geri \u00e7ekilmedi. Bizde haberler r\u00fcyada g\u00f6r\u00fclerek yaz\u0131lmaz.\u201d<\/p>\n<p style=\"text-align: justify;\"><strong>&#8220;KAYNAK BATILI D\u0130PLOMATLAR&#8221;<\/strong><\/p>\n<p style=\"text-align: justify;\">Daily Telegraph\u2019daki haber ismi a\u00e7\u0131klanmayan bat\u0131l\u0131 diplomatlara dayand\u0131r\u0131l\u0131yor ve \u015fu ifadeye de yer veriliyor: \u201cBat\u0131l\u0131 diplomatlar alarmda. \u0130slami partinin lideri Erdo\u011fan\u2019\u0131n sek\u00fcler T\u00fcrk anayasas\u0131n\u0131 ortadan kald\u0131rmak i\u00e7in ba\u015fvurdu\u011fu referandum kampanyas\u0131 i\u00e7in \u0130ran Cumhurba\u015fkan\u0131 Ahmedinecad&#8217;dan 25 milyon dolarl\u0131k bir ba\u011f\u0131\u015f ald\u0131\u011f\u0131 bilgisi verildi.\u201d<\/p>\n<p style=\"text-align: justify;\"><strong>BOMBA A\u00c7IKLAMA HABER\u0130 YAPANDAN GELD\u0130<\/strong><\/p>\n<p style=\"text-align: justify;\">H\u00fck\u00fcmetin yalanlamas\u0131 \u00fczerine s\u00f6z konusu haberi yazan Daily Telegraph D\u0131\u015f Haberler Masas\u0131\u2019ndan Con Coughlin\u2019in a\u00e7\u0131klamas\u0131 \u015f\u00f6yle: \u201cHaberimin sonuna kadar arkas\u0131nday\u0131m. Para \u0130ranl\u0131 Ahl-Beit kurulu\u015fu taraf\u0131ndan \u0130HH \u00fczerinden Erdo\u011fan\u2019a ula\u015ft\u0131r\u0131ld\u0131.\u201d<\/p>\n<p style=\"text-align: justify;\">\u0130nsani Yard\u0131m Vakf\u0131 (\u0130HH), Gazze&#8217;ye yard\u0131m g\u00f6t\u00fcr\u00fcrken \u0130srailli askerlerin sald\u0131r\u0131s\u0131na u\u011frayan Mavi Marmara bask\u0131n\u0131 ile T\u00fcrkiye&#8217;nin g\u00fcndemine oturmu\u015ftu. \u0130HH&#8217;n\u0131n ABD taraf\u0131ndan ter\u00f6rist \u00f6rg\u00fctler listesine al\u0131nmas\u0131 konusunda Kongre&#8217;de b\u00fcy\u00fck bask\u0131 bulunuyor.<\/p>\n<p style=\"text-align: justify;\"><strong>\u0130HH YALANLADI<\/strong><\/p>\n<p style=\"text-align: justify;\">\u0130HH avukat\u0131 G\u00fclden S\u00f6nmez, Coughlin&#8217;in iddias\u0131n\u0131n uydurma oldu\u011fu a\u00e7\u0131klamas\u0131n\u0131 yapt\u0131. S\u00f6nmez \u201cGer\u00e7ekten \u015fa\u015fk\u0131nl\u0131k i\u00e7ersindeyiz. Bu habere hala inanam\u0131yoruz. Bu haberi yapan gazetenin baz\u0131 kesimlerce kullan\u0131ld\u0131\u011f\u0131n\u0131 d\u00fc\u015f\u00fcn\u00fcyoruz. Kas\u0131tl\u0131 ve ama\u00e7l\u0131 uydurma bir haber. \u015eu anda da bu gazeteye d\u00fczeltme ve \u00f6z\u00fcr talebimizi i\u00e7eren bir mektup yazmakla me\u015fgul\u00fcz\u201d dedi.<\/p>\n<p style=\"text-align: justify;\"><strong>ARKADA\u015eLARIMIZ AHL-BE\u0130T\u2019\u0130 TANIYOR OLAB\u0130L\u0130R<\/strong><\/p>\n<p style=\"text-align: justify;\">\u0130HH\u2019n\u0131n avukat\u0131 G\u00fclden S\u00f6nmez , \u201c\u0130HH olarak haberde ad\u0131 ge\u00e7en \u0130ranl\u0131 Ahl-Beit kurulu\u015funu tan\u0131yor musunuz?\u201d \u015feklindeki soruya \u015fu cevab\u0131 verdi: \u201cA\u00e7\u0131k\u00e7as\u0131 ben \u015fu anda hat\u0131rlayamad\u0131m ama baz\u0131 arkada\u015flar\u0131m\u0131z tan\u0131yor olabilir bu kurulu\u015fu.\u201d (Gazeteport)<\/p>\n<p style=\"text-align: justify;\"><strong>\u0130RAN&#8217;DAN YALANLAMA<\/strong><\/p>\n<p style=\"text-align: justify;\">\u0130ran\u2019\u0131n Ankara B\u00fcy\u00fckel\u00e7ili\u011finden yap\u0131lan yaz\u0131l\u0131 a\u00e7\u0131klamada, Londra\u2019da yay\u0131mlanan Daily Telgraf Gazetesi\u2019nde \u0130ran\u2019\u0131n Adalet ve Kalk\u0131nma Partisi\u2019ne mali yard\u0131m yapaca\u011f\u0131na ili\u015fkin bir dizi iddia ve su\u00e7lamalara yer verildi\u011fi hat\u0131rlat\u0131larak, &#8220;S\u00f6z konusu iddialar\u0131 ve su\u00e7lamalar\u0131 \u0130ran \u0130slam Cumhuriyeti Ankara B\u00fcy\u00fckel\u00e7ili\u011fi olarak kesin bir dille tekzip ediyoruz&#8221; denildi.<\/p>\n<p style=\"text-align: justify;\">A\u00e7\u0131klamada, \u015funlar kaydedildi: &#8220;Baz\u0131 \u00f6zel \u00e7evrelere yak\u0131nl\u0131\u011f\u0131yla bilinen ve bu t\u00fcr d\u00fczmece ve yalan haberleri yay\u0131nlamak konusunda ge\u00e7mi\u015fi bulunan bu gazetenin, s\u00f6z konusu iddia ve su\u00e7lamalarla \u0130ran ve T\u00fcrkiye aras\u0131ndaki dostlu\u011fa dayal\u0131 iyi kom\u015fuluk ili\u015fkilerini baltalamaktan ba\u015fka amac\u0131 bulunmamaktad\u0131r. Daily Telgraf, profesyonel d\u0131\u015f\u0131 bu davran\u0131\u015f\u0131 ile ger\u00e7ekte T\u00fcrkiye halk\u0131n\u0131n son olarak elde etti\u011fi b\u00fcy\u00fck ba\u015far\u0131s\u0131na g\u00f6lge d\u00fc\u015f\u00fcrmek istemi\u015ftir ki, b\u00f6yle bir giri\u015fim gazetecilik mesle\u011fi ile ba\u011fda\u015fmayan etik d\u0131\u015f\u0131 bir davran\u0131\u015ft\u0131r.&#8221;<\/p>\n<p style=\"text-align: justify;\">B\u00fcy\u00fckel\u00e7ilik, tarihi, k\u00fclt\u00fcrel, dini ba\u011flar gibi ortak ba\u011flara sahip \u0130ran ve T\u00fcrkiye ile iki \u00fclke halklar\u0131 aras\u0131ndaki ili\u015fkilerin, dostlu\u011fa dayal\u0131 olup y\u00fczy\u0131llard\u0131r devam etti\u011fini belirterek, &#8220;Dolay\u0131s\u0131yla de\u011fersiz ve komik su\u00e7lamalar, bu ili\u015fkilere en k\u00fc\u00e7\u00fck bir zarar bile veremeyecektir&#8221; ifadesini kulland\u0131.<\/p>\n<p style=\"text-align: justify;\"><strong>AKP DAVA A\u00c7IYOR <\/strong><\/p>\n<p style=\"text-align: justify;\">AK Parti Genel Ba\u015fkan Yard\u0131mc\u0131s\u0131 \u00d6mer \u00c7elik, The Daily Telegraph gazetesinde d\u00fcn yay\u0131mlanan ve partilerince yalan oldu\u011fu belirtilen haberle ilgili ulusal ve uluslararas\u0131 mahkemelerde dava a\u00e7ma s\u00fcreci ba\u015flatt\u0131klar\u0131n\u0131 bildirdi.<\/p>\n<p style=\"text-align: justify;\">\u00c7elik, yaz\u0131l\u0131 a\u00e7\u0131klamas\u0131nda, The Daily Telegraph gazetesinde d\u00fcn yay\u0131mlanan ve Ak Parti&#8217;nin \u0130ran&#8217;dan yard\u0131m ald\u0131\u011f\u0131na dair yalan ve provokatif haberi yalanlad\u0131klar\u0131n\u0131, ancak ayn\u0131 gazetenin bug\u00fcn de yalan haberinin arkas\u0131nda durdu\u011funu ifade eden bir a\u00e7\u0131klamada bulundu\u011funu belirtti.<\/p>\n<p style=\"text-align: justify;\">\u00c7elik, \u015funlar\u0131 kaydetti:\u201cHi\u00e7bir dayana\u011f\u0131 olmayan bu haberin, \u0130srail&#8217;in Mavi Marmara gemisinde ger\u00e7ekle\u015ftirdi\u011fi katliam\u0131 me\u015frula\u015ft\u0131rmaya \u00e7al\u0131\u015fan \u00e7evrelerin tezlerini yans\u0131tmas\u0131 d\u00fc\u015f\u00fcnd\u00fcr\u00fcc\u00fcd\u00fcr. Haberde \u0130HH&#8217;yi ter\u00f6rist ilan etme ve Ak Parti ile \u0130HH aras\u0131nda kurumsal ba\u011f kurma gayreti a\u00e7\u0131k\u00e7a g\u00f6r\u00fclmektedir. Bu a\u00e7\u0131k bir komplodur. Bu haberin gazetecilik ge\u00e7mi\u015fi belli bir ki\u015fi taraf\u0131ndan, T\u00fcrkiye&#8217;deki referandumun hemen sonras\u0131nda yap\u0131lmas\u0131 ayr\u0131ca dikkat \u00e7ekicidir.Bu provokatif komploya kar\u015f\u0131 ulusal ve uluslararas\u0131 mahkemelerde dava a\u00e7ma s\u00fcreci ba\u015flatm\u0131\u015f bulunmaktay\u0131z.\u201d<\/p>\n<p style=\"text-align: justify;\"><strong>HABER YAYINDAN KALDIRILMADI <\/strong><\/p>\n<p style=\"text-align: justify;\">\u00d6te yandan \u0130ngiliz gazetesinin s\u00f6z konusu haberi internet sitesinden hala kald\u0131rmad\u0131\u011f\u0131 belirlendi.<\/p>\n<p style=\"text-align: justify;\"><a href=\"http:\/\/www.radikal.com.tr\/Radikal.aspx?aType=RadikalDetay&amp;ArticleID=1019098&amp;Date=15.09.2010&amp;CategoryID=77\" target=\"_blank\"><span style=\"color: #888888;\">Radikal<\/span><\/a><\/p>\n","protected":false},"excerpt":{"rendered":"<p style=\"text-align: center;\">\n<p style=\"text-align: justify;\">\u0130ngiliz The Daily Telegraph gazetesi, AK Parti taraf\u0131ndan bug\u00fcn jet h\u0131z\u0131yla yalanlanan \u201c\u0130ran T\u00fcrkiye&#8217;nin iktidar partisine referandum kampanyas\u0131n\u0131 y\u00fcr\u00fctmede destek i\u00e7in 25 milyon dolar ba\u011f\u0131\u015flad\u0131\u201d ba\u015fl\u0131kl\u0131 haberinin arkas\u0131nda. AKP ise dava a\u00e7maya s\u00fcrecini ba\u015flatt\u0131klar\u0131n\u0131 duyurdu.<\/p>\n","protected":false},"author":1,"featured_media":0,"comment_status":"open","ping_status":"closed","sticky":false,"template":"","format":"standard","meta":{"footnotes":""},"categories":[105],"tags":[],"class_list":["post-25702","post","type-post","status-publish","format-standard","hentry","category-gundem","odd"],"_links":{"self":[{"href":"http:\/\/www.korhanyilmaz.com\/index.php?rest_route=\/wp\/v2\/posts\/25702","targetHints":{"allow":["GET"]}}],"collection":[{"href":"http:\/\/www.korhanyilmaz.com\/index.php?rest_route=\/wp\/v2\/posts"}],"about":[{"href":"http:\/\/www.korhanyilmaz.com\/index.php?rest_route=\/wp\/v2\/types\/post"}],"author":[{"embeddable":true,"href":"http:\/\/www.korhanyilmaz.com\/index.php?rest_route=\/wp\/v2\/users\/1"}],"replies":[{"embeddable":true,"href":"http:\/\/www.korhanyilmaz.com\/index.php?rest_route=%2Fwp%2Fv2%2Fcomments&post=25702"}],"version-history":[{"count":0,"href":"http:\/\/www.korhanyilmaz.com\/index.php?rest_route=\/wp\/v2\/posts\/25702\/revisions"}],"wp:attachment":[{"href":"http:\/\/www.korhanyilmaz.com\/index.php?rest_route=%2Fwp%2Fv2%2Fmedia&parent=25702"}],"wp:term":[{"taxonomy":"category","embeddable":true,"href":"http:\/\/www.korhanyilmaz.com\/index.php?rest_route=%2Fwp%2Fv2%2Fcategories&post=25702"},{"taxonomy":"post_tag","embeddable":true,"href":"http:\/\/www.korhanyilmaz.com\/index.php?rest_route=%2Fwp%2Fv2%2Ftags&post=25702"}],"curies":[{"name":"wp","href":"https:\/\/api.w.org\/{rel}","templated":true}]}}