{"id":25672,"date":"2010-09-15T12:03:25","date_gmt":"2010-09-15T09:03:25","guid":{"rendered":"http:\/\/www.korhanyilmaz.com\/?p=25672"},"modified":"2010-09-15T12:03:25","modified_gmt":"2010-09-15T09:03:25","slug":"bdpden-okullari-boykot-cagrisina-destek","status":"publish","type":"post","link":"http:\/\/www.korhanyilmaz.com\/?p=25672","title":{"rendered":"BDP&#8217;den okullar\u0131 boykot \u00e7a\u011fr\u0131s\u0131na destek"},"content":{"rendered":"<p style=\"text-align: center;\"><a href=\"http:\/\/www.korhanyilmaz.com\/wp-content\/uploads\/2010\/09\/1001.jpg\"  class=\"lightview\"><img loading=\"lazy\" decoding=\"async\" class=\"aligncenter size-full wp-image-25673\" src=\"http:\/\/www.korhanyilmaz.com\/wp-content\/uploads\/2010\/09\/1001.jpg\" alt=\"\" width=\"307\" height=\"236\" \/><\/a><\/p>\n<p style=\"text-align: justify;\">BDP Genel Ba\u015fkan\u0131 Selahattin Demirta\u015f referandurumun ard\u0131ndan yeni Anayasa \u00e7al\u0131\u015fmalar\u0131n\u0131 de\u011ferlendirdi&#8230; Yeni Anayasa&#8217;da &#8216;demokratik \u00f6zerklik&#8217; yazmas\u0131nda \u0131srarc\u0131 olmad\u0131klar\u0131n\u0131 belirten Demirta\u015f, &#8220;Anayasaya &#8216;b\u00f6lge y\u00f6netimi&#8217; ifadesi eklensin&#8221; dedi ve ayr\u0131nt\u0131lar\u0131n\u0131 anlatt\u0131. Demirta\u015f, anadilde e\u011fitim i\u00e7in b\u00f6lgedeki \u00e7ocuklar\u0131n bir hafta okula g\u00f6nderilmemesiyle ilgili y\u00fcr\u00fct\u00fclen kampanyay\u0131 da destekledikleri s\u00f6yledi. <!--more--><\/p>\n<p style=\"text-align: justify;\">BDP Genel Ba\u015fkan\u0131 Selahattin Demirta\u015f yeni yap\u0131lacak Anayasa&#8217;yla ilgili Do\u011fan Haber Ajans\u0131&#8217;na de\u011ferlendirmede bulundu.<\/p>\n<p style=\"text-align: justify;\">Demirta\u015f, Anayasa&#8217;ya &#8216;\u00f6zerklik&#8217; ifadesinin konulmas\u0131nda \u0131srarc\u0131 olmayacaklar\u0131 s\u00f6yledi yeni bir \u00f6neride bulundu.<\/p>\n<p style=\"text-align: justify;\">Anayasa&#8217;ya &#8216;b\u00f6lgesel y\u00f6netim&#8217; ifadesinin konulmas\u0131n\u0131 isteyen Demirta\u015f bunun ayr\u0131nt\u0131lar\u0131n\u0131 anlatt\u0131:<\/p>\n<p style=\"text-align: justify;\">&#8220;\u015eu anda \u00f6rne\u011fin idari modelimiz il, il\u00e7e, belediye ve k\u00f6y \u015feklinde diye ayr\u0131lm\u0131\u015f. Bunlara bir de b\u00f6lge eklensin diyoruz. Dolay\u0131s\u0131yla bir b\u00f6lge y\u00f6netimi anayasada tariflenirse, bu b\u00f6lge y\u00f6netiminin yetkileri ve i\u015fte se\u00e7im usulleri vesaire bunlar yasa ile belirlenir.&#8221;<\/p>\n<p style=\"text-align: justify;\">Demirta\u015f, ana dilde e\u011fitim i\u00e7in b\u00f6lgedeki \u00e7ocuklar\u0131n bir hafta okula g\u00f6nderilmemesiyle ilgili y\u00fcr\u00fct\u00fclen kampanyay\u0131 desteklediklerini de s\u00f6yledi:<\/p>\n<p style=\"text-align: justify;\">&#8220;Okullar\u0131n a\u00e7\u0131ld\u0131\u011f\u0131 ilk 5 g\u00fcn anadilde e\u011fitim isteyenlerin \u00e7ocuklar\u0131n\u0131 okullara g\u00f6ndermeyerek sivil bir itaatsizlik \u00f6rne\u011fi sergilemeleri anlaml\u0131d\u0131r. \u00c7ocuklar e\u011fer kendi anadilinde e\u011fitim almak istiyorsa ve veliler de anadilde e\u011fitim istiyorsa bu \u00e7ok anlaml\u0131 bir kampanya i\u00e7in BDP olarak biz de \u00e7a\u011fr\u0131 yapaca\u011f\u0131z. Ben de kendi \u00e7ocu\u011fumu okula g\u00f6ndermeyece\u011fim 5 g\u00fcn. \u00c7\u00fcnk\u00fc \u00e7ocu\u011fumun anadilde e\u011fitim almas\u0131n\u0131 istiyorum.&#8221;<\/p>\n<p style=\"text-align: justify;\">BDP lideri partisinin merkez y\u00f6netim kurulu toplant\u0131s\u0131ndan \u00f6nce de gazetecilerin sorular\u0131n\u0131 yan\u0131tlad\u0131.<\/p>\n<p style=\"text-align: justify;\">Demirta\u015f ter\u00f6r \u00f6rg\u00fct\u00fcn\u00fcn eylemsizlik karar\u0131n\u0131 de\u011ferlendirdi ve &#8220;20 Eyl\u00fcl&#8217;den \u00f6nce PKK ve \u00d6calan ile temas kurulabilir&#8221; dedi.<\/p>\n<p style=\"text-align: justify;\">Demirta\u015f, &#8220;20 Eyl\u00fcl&#8217;de PKK&#8217;n\u0131n ilan etti\u011fi tek tarafl\u0131 ate\u015fkesin bitme ihtimali var. \u00d6yle g\u00f6r\u00fcn\u00fcyor. Bizim talebimiz, bizim iste\u011fimiz beklentimiz kal\u0131c\u0131 ve s\u00fcresiz bir ate\u015fkesin ger\u00e7ekle\u015fmesi ve bunun iki tafl\u0131 olmas\u0131 \u015feklinde. Biz devlet silah b\u0131raks\u0131n demiyoruz, operasyon yapmas\u0131n diyoruz&#8221; diye konu\u015ftu.<\/p>\n<p style=\"text-align: justify;\"><strong>Atalay g\u00f6r\u00fc\u015f beyan etmedi <\/strong><\/p>\n<p style=\"text-align: justify;\">Bu arada, Demirta\u015f&#8217;\u0131n \u00e7ocuklar\u0131n okula g\u00f6nderilmemesiyle ilgili  a\u00e7\u0131klamas\u0131 \u0130\u00e7i\u015fleri Bakan\u0131 Be\u015fir Atalay&#8217;a soruldu.<\/p>\n<p style=\"text-align: justify;\">Atalay, &#8220;Ben, bu konuda g\u00f6r\u00fc\u015f beyan etmeye bile gerek g\u00f6rm\u00fcyorum&#8221; dedi.<\/p>\n<p style=\"text-align: justify;\">B\u00f6lgedeki vatanda\u015flara nas\u0131l bir \u00e7a\u011fr\u0131da bulunaca\u011f\u0131n\u0131n sorulmas\u0131 \u00fczerine de Atalay, &#8220;\u00c7a\u011fr\u0131 yapm\u0131yorum, yapmayaca\u011f\u0131m&#8221; diye konu\u015ftu.<\/p>\n<p style=\"text-align: justify;\"><a href=\"http:\/\/www.cnnturk.com\/2010\/turkiye\/09\/15\/bdpden.okullari.boykot.cagrisina.destek\/589713.0\/index.html\" target=\"_blank\"><span style=\"color: #888888;\">CNN T\u00dcRK<\/span><\/a><\/p>\n","protected":false},"excerpt":{"rendered":"<p style=\"text-align: center;\">\n<p style=\"text-align: justify;\">BDP Genel Ba\u015fkan\u0131 Selahattin Demirta\u015f referandurumun ard\u0131ndan yeni Anayasa \u00e7al\u0131\u015fmalar\u0131n\u0131 de\u011ferlendirdi&#8230; Yeni Anayasa&#8217;da &#8216;demokratik \u00f6zerklik&#8217; yazmas\u0131nda \u0131srarc\u0131 olmad\u0131klar\u0131n\u0131 belirten Demirta\u015f, &#8220;Anayasaya &#8216;b\u00f6lge y\u00f6netimi&#8217; ifadesi eklensin&#8221; dedi ve ayr\u0131nt\u0131lar\u0131n\u0131 anlatt\u0131. Demirta\u015f, anadilde e\u011fitim i\u00e7in b\u00f6lgedeki \u00e7ocuklar\u0131n bir hafta okula g\u00f6nderilmemesiyle ilgili y\u00fcr\u00fct\u00fclen kampanyay\u0131 da destekledikleri s\u00f6yledi. <\/p>\n","protected":false},"author":1,"featured_media":0,"comment_status":"open","ping_status":"closed","sticky":false,"template":"","format":"standard","meta":{"footnotes":""},"categories":[105],"tags":[],"class_list":["post-25672","post","type-post","status-publish","format-standard","hentry","category-gundem","odd"],"_links":{"self":[{"href":"http:\/\/www.korhanyilmaz.com\/index.php?rest_route=\/wp\/v2\/posts\/25672","targetHints":{"allow":["GET"]}}],"collection":[{"href":"http:\/\/www.korhanyilmaz.com\/index.php?rest_route=\/wp\/v2\/posts"}],"about":[{"href":"http:\/\/www.korhanyilmaz.com\/index.php?rest_route=\/wp\/v2\/types\/post"}],"author":[{"embeddable":true,"href":"http:\/\/www.korhanyilmaz.com\/index.php?rest_route=\/wp\/v2\/users\/1"}],"replies":[{"embeddable":true,"href":"http:\/\/www.korhanyilmaz.com\/index.php?rest_route=%2Fwp%2Fv2%2Fcomments&post=25672"}],"version-history":[{"count":0,"href":"http:\/\/www.korhanyilmaz.com\/index.php?rest_route=\/wp\/v2\/posts\/25672\/revisions"}],"wp:attachment":[{"href":"http:\/\/www.korhanyilmaz.com\/index.php?rest_route=%2Fwp%2Fv2%2Fmedia&parent=25672"}],"wp:term":[{"taxonomy":"category","embeddable":true,"href":"http:\/\/www.korhanyilmaz.com\/index.php?rest_route=%2Fwp%2Fv2%2Fcategories&post=25672"},{"taxonomy":"post_tag","embeddable":true,"href":"http:\/\/www.korhanyilmaz.com\/index.php?rest_route=%2Fwp%2Fv2%2Ftags&post=25672"}],"curies":[{"name":"wp","href":"https:\/\/api.w.org\/{rel}","templated":true}]}}