{"id":25657,"date":"2010-09-12T21:17:02","date_gmt":"2010-09-12T18:17:02","guid":{"rendered":"http:\/\/www.korhanyilmaz.com\/?p=25657"},"modified":"2010-09-12T21:17:02","modified_gmt":"2010-09-12T18:17:02","slug":"istanbulda-korkunc-kaza-11-olu","status":"publish","type":"post","link":"http:\/\/www.korhanyilmaz.com\/?p=25657","title":{"rendered":"\u0130stanbul&#8217;da korkun\u00e7 kaza: 11 \u00f6l\u00fc"},"content":{"rendered":"<p style=\"text-align: center;\"><a href=\"http:\/\/www.korhanyilmaz.com\/wp-content\/uploads\/2010\/09\/006.jpg\"  class=\"lightview\"><img loading=\"lazy\" decoding=\"async\" class=\"aligncenter size-full wp-image-25658\" src=\"http:\/\/www.korhanyilmaz.com\/wp-content\/uploads\/2010\/09\/006.jpg\" alt=\"\" width=\"307\" height=\"236\" \/><\/a><\/p>\n<p style=\"text-align: justify;\">Ba\u015fak\u015fehir&#8217;de meydana gelen trafik kazas\u0131nda \u00f6lenlerin say\u0131s\u0131 11&#8217;e y\u00fckseldi. Kazada yaralanan 14 ki\u015fi ise \u00e7evredeki hastanelere kald\u0131r\u0131ld\u0131.<\/p>\n<p style=\"text-align: justify;\">Ba\u015fak\u015fehir&#8217;den K\u00fc\u00e7\u00fck\u00e7ekmece Alt\u0131n\u015fehir y\u00f6n\u00fcne giden 34 M 5384 plakal\u0131 yolcu minib\u00fcs\u00fc ile Adem Cildan&#8217;\u0131n kulland\u0131\u011f\u0131 34 GC 0053 plakal\u0131 su tankeri \u0130stanbul B\u00fcy\u00fck\u015fehir Belediyesi Lojistik Destek Merkezi \u00f6n\u00fcnde \u00e7arp\u0131\u015ft\u0131. <!--more--><\/p>\n<p style=\"text-align: justify;\">Kazada minib\u00fcste bulunan yolculardan 5&#8217;i olay yerinde, 6&#8217;s\u0131 ise hastanelere kald\u0131r\u0131l\u0131rken yolda hayat\u0131n\u0131 kaybetti. Kazada yaralanan 14 ki\u015fi ise \u00e7evredeki hastanelere kald\u0131r\u0131ld\u0131.<\/p>\n<p style=\"text-align: justify;\">Gelenlerden yaln\u0131zca g\u00fcvenlik g\u00f6revlisi Selahattin Bekta\u015f&#8217;\u0131n kimli\u011fi belirlenirken, di\u011fer 10 ki\u015finin kimlikleri halen belirsizli\u011fini koruyor.<\/p>\n<p style=\"text-align: justify;\">Dolmu\u015f \u015fof\u00f6r\u00fc Fuat Bar\u0131n&#8217;\u0131n Cerrahpa\u015fa T\u0131p Fak\u00fclltesinde tedavi alt\u0131nda oldu\u011fu ve tankerin \u015fof\u00f6r\u00fcn\u00fcn ad\u0131n\u0131n Adem Cildan oldu\u011fu a\u00e7\u0131kland\u0131.<\/p>\n<p style=\"text-align: justify;\">Kaza saat 16.45 s\u0131ralar\u0131nda \u0130kitelli ile Alt\u0131n\u015fehir aras\u0131ndaki TEM yan yolda meydana geldi.<\/p>\n<p style=\"text-align: justify;\">Edinilen bilgiye g\u00f6re Ba\u015fak\u015fehir&#8217;den K\u00fc\u00e7\u00fck\u00e7ekmece Alt\u0131n\u015fehir y\u00f6n\u00fcne giden  yolcu minib\u00fcs\u00fc ile su tankeri \u00e7arp\u0131\u015ft\u0131.<\/p>\n<p style=\"text-align: justify;\">Olay yerine gelen \u00f6lenlerin yak\u0131nlar\u0131 g\u00f6rd\u00fckleri manzara kar\u015f\u0131s\u0131nda \u015fok ge\u00e7irdi.<\/p>\n<p style=\"text-align: justify;\"><strong>I\u015f\u0131k ihlali iddias\u0131 <\/strong><\/p>\n<p style=\"text-align: justify;\">\u0130ddiaya g\u00f6re kazaya minib\u00fcs s\u00fcr\u00fcc\u00fcs\u00fcn\u00fcn k\u0131rm\u0131z\u0131 \u0131\u015f\u0131kta ge\u00e7mesi yol a\u00e7t\u0131. Tanker s\u00fcr\u00fcs\u00fcn\u00fcn kendisine ye\u015fil \u0131\u015f\u0131k yand\u0131\u011f\u0131nda yapt\u0131\u011f\u0131 d\u00f6n\u00fc\u015f s\u0131ras\u0131nda meydana gelen kazay\u0131 duyan minib\u00fcsteki yolcu yak\u0131nlar\u0131 olay yerine geldi. Yolcular\u0131n yak\u0131nlar\u0131 ile kazay\u0131 g\u00f6rerek yard\u0131ma ko\u015fanlar yerde yatan cesetler ile yaral\u0131lar\u0131 g\u00f6r\u00fcnce g\u00f6zya\u015flar\u0131n\u0131 tutamad\u0131lar.<\/p>\n<p style=\"text-align: justify;\"><span style=\"color: #888888;\">CNN T\u00dcRK<\/span><\/p>\n","protected":false},"excerpt":{"rendered":"<p style=\"text-align: center;\">\n<p style=\"text-align: justify;\">Ba\u015fak\u015fehir&#8217;de meydana gelen trafik kazas\u0131nda \u00f6lenlerin say\u0131s\u0131 11&#8217;e y\u00fckseldi. Kazada yaralanan 14 ki\u015fi ise \u00e7evredeki hastanelere kald\u0131r\u0131ld\u0131.<\/p>\n<p style=\"text-align: justify;\">Ba\u015fak\u015fehir&#8217;den K\u00fc\u00e7\u00fck\u00e7ekmece Alt\u0131n\u015fehir y\u00f6n\u00fcne giden 34 M 5384 plakal\u0131 yolcu minib\u00fcs\u00fc ile Adem Cildan&#8217;\u0131n kulland\u0131\u011f\u0131 34 GC 0053 plakal\u0131 su tankeri \u0130stanbul B\u00fcy\u00fck\u015fehir Belediyesi Lojistik Destek Merkezi \u00f6n\u00fcnde \u00e7arp\u0131\u015ft\u0131. <\/p>\n","protected":false},"author":1,"featured_media":0,"comment_status":"open","ping_status":"closed","sticky":false,"template":"","format":"standard","meta":{"footnotes":""},"categories":[105],"tags":[],"class_list":["post-25657","post","type-post","status-publish","format-standard","hentry","category-gundem","odd"],"_links":{"self":[{"href":"http:\/\/www.korhanyilmaz.com\/index.php?rest_route=\/wp\/v2\/posts\/25657","targetHints":{"allow":["GET"]}}],"collection":[{"href":"http:\/\/www.korhanyilmaz.com\/index.php?rest_route=\/wp\/v2\/posts"}],"about":[{"href":"http:\/\/www.korhanyilmaz.com\/index.php?rest_route=\/wp\/v2\/types\/post"}],"author":[{"embeddable":true,"href":"http:\/\/www.korhanyilmaz.com\/index.php?rest_route=\/wp\/v2\/users\/1"}],"replies":[{"embeddable":true,"href":"http:\/\/www.korhanyilmaz.com\/index.php?rest_route=%2Fwp%2Fv2%2Fcomments&post=25657"}],"version-history":[{"count":0,"href":"http:\/\/www.korhanyilmaz.com\/index.php?rest_route=\/wp\/v2\/posts\/25657\/revisions"}],"wp:attachment":[{"href":"http:\/\/www.korhanyilmaz.com\/index.php?rest_route=%2Fwp%2Fv2%2Fmedia&parent=25657"}],"wp:term":[{"taxonomy":"category","embeddable":true,"href":"http:\/\/www.korhanyilmaz.com\/index.php?rest_route=%2Fwp%2Fv2%2Fcategories&post=25657"},{"taxonomy":"post_tag","embeddable":true,"href":"http:\/\/www.korhanyilmaz.com\/index.php?rest_route=%2Fwp%2Fv2%2Ftags&post=25657"}],"curies":[{"name":"wp","href":"https:\/\/api.w.org\/{rel}","templated":true}]}}