{"id":25653,"date":"2010-09-12T23:09:23","date_gmt":"2010-09-12T20:09:23","guid":{"rendered":"http:\/\/www.korhanyilmaz.com\/?p=25653"},"modified":"2010-09-12T23:09:23","modified_gmt":"2010-09-12T20:09:23","slug":"gursel-tekin-turkiyeden-ozur-diledi","status":"publish","type":"post","link":"http:\/\/www.korhanyilmaz.com\/?p=25653","title":{"rendered":"G\u00fcrsel Tekin T\u00fcrkiye&#8217;den \u00f6z\u00fcr diledi&#8230;"},"content":{"rendered":"<p style=\"text-align: center;\"><a href=\"http:\/\/www.korhanyilmaz.com\/wp-content\/uploads\/2010\/09\/005.jpg\"  class=\"lightview\"><img loading=\"lazy\" decoding=\"async\" class=\"aligncenter size-full wp-image-25654\" src=\"http:\/\/www.korhanyilmaz.com\/wp-content\/uploads\/2010\/09\/005.jpg\" alt=\"\" width=\"307\" height=\"236\" \/><\/a><\/p>\n<p style=\"text-align: justify;\">CHP MYK \u00fcyesi G\u00fcrsel Tekin, CHP Genel Ba\u015fkan\u0131 Kemal K\u0131l\u0131\u00e7daro\u011flu&#8217;nun, referandumda oy kullanamamas\u0131 ile ilgili olarak, &#8220;Eksik bizde, ba\u015fta bende, \u00f6z\u00fcr diliyorum&#8221; dedi.<\/p>\n<p style=\"text-align: justify;\">Tekin, CNN T\u00dcRK&#8217;\u00fcn konu\u011fu oldu.<\/p>\n<p style=\"text-align: justify;\">G\u00fcrsel Tekin, CHP Genel Ba\u015fkan\u0131 K\u0131l\u0131\u00e7daro\u011flu&#8217;nun referandumda oy kullanamamas\u0131 ile ilgili bir soru \u00fczerine \u015funlar\u0131 kaydetti: <!--more--><\/p>\n<p style=\"text-align: justify;\">&#8220;Ben bug\u00fcn hi\u00e7bir bilgi alamad\u0131m ama \u015funu \u00e7ok iyi biliyorum. Yerel se\u00e7imlerde \u0130stanbul Ka\u011f\u0131thane&#8217;de oy kullanm\u0131\u015ft\u0131, yine orada kullanmas\u0131 gerekiyordu ama burada bir yasal de\u011fi\u015fiklikleri olmu\u015f onu tam bilmiyorum. Ama sizde takdir edersiniz ki Say\u0131n K\u0131l\u0131\u00e7daro\u011flu bir kongreden \u00e7\u0131kt\u0131, sonra da \u00e7izmelerini giydi, T\u00fcrkiye&#8217;yi dola\u015ft\u0131. &#8216;Nerede oy kullanaca\u011f\u0131m, ka\u011f\u0131d\u0131m geldi mi gelmedi mi?&#8217; diyemezdi. Bu konuda eksik, hata varsa bizlerin var. Ba\u015fta benim etraf\u0131mdaki arkada\u015flar\u0131m\u0131n, bundan dolay\u0131 b\u00fct\u00fcn T\u00fcrkiye&#8217;den \u00f6z\u00fcr dilemek istiyorum.<\/p>\n<p style=\"text-align: justify;\">Say\u0131n K\u0131l\u0131\u00e7daro\u011flu&#8217;nun buna zaman ay\u0131rabilecek bir durumu s\u00f6z konusu de\u011fildi. Herkesin \u00e7ok iyi bilmesi gereken \u015fu, Say\u0131n K\u0131l\u0131\u00e7daro\u011flu \u00e7ok hassas bir insan bu konularda, yakinen tan\u0131d\u0131\u011f\u0131m i\u00e7in&#8230; Nas\u0131l nas\u0131l ka\u00e7\u0131rd\u0131 bunu do\u011frusu ben de bilmiyorum. \u00c7\u00fcnk\u00fc buna ay\u0131rabilecek zaman\u0131 da yoktu, &#8216;Nas\u0131l olsa ben bir \u00f6nceki se\u00e7imde oy kulland\u0131\u011f\u0131m yerde oyumu kullan\u0131r\u0131m&#8217; diye d\u00fc\u015f\u00fcnm\u00fc\u015ft\u00fc. Ama bizler, arkada\u015flar\u0131 bu konuda daha hassas davranmas\u0131 gerekiyordu, eksik bizde ba\u015fta bende, herkesten \u00f6z\u00fcr diliyorum.&#8221;<\/p>\n<p style=\"text-align: justify;\"><span style=\"color: #888888;\">CNN T\u00dcRK<\/span><\/p>\n","protected":false},"excerpt":{"rendered":"<p style=\"text-align: center;\">\n<p style=\"text-align: justify;\">CHP MYK \u00fcyesi G\u00fcrsel Tekin, CHP Genel Ba\u015fkan\u0131 Kemal K\u0131l\u0131\u00e7daro\u011flu&#8217;nun, referandumda oy kullanamamas\u0131 ile ilgili olarak, &#8220;Eksik bizde, ba\u015fta bende, \u00f6z\u00fcr diliyorum&#8221; dedi.<\/p>\n<p style=\"text-align: justify;\">Tekin, CNN T\u00dcRK&#8217;\u00fcn konu\u011fu oldu.<\/p>\n<p style=\"text-align: justify;\">G\u00fcrsel Tekin, CHP Genel Ba\u015fkan\u0131 K\u0131l\u0131\u00e7daro\u011flu&#8217;nun referandumda oy kullanamamas\u0131 ile ilgili bir soru \u00fczerine \u015funlar\u0131 kaydetti: <\/p>\n","protected":false},"author":1,"featured_media":0,"comment_status":"open","ping_status":"closed","sticky":false,"template":"","format":"standard","meta":{"footnotes":""},"categories":[105],"tags":[],"class_list":["post-25653","post","type-post","status-publish","format-standard","hentry","category-gundem","odd"],"_links":{"self":[{"href":"http:\/\/www.korhanyilmaz.com\/index.php?rest_route=\/wp\/v2\/posts\/25653","targetHints":{"allow":["GET"]}}],"collection":[{"href":"http:\/\/www.korhanyilmaz.com\/index.php?rest_route=\/wp\/v2\/posts"}],"about":[{"href":"http:\/\/www.korhanyilmaz.com\/index.php?rest_route=\/wp\/v2\/types\/post"}],"author":[{"embeddable":true,"href":"http:\/\/www.korhanyilmaz.com\/index.php?rest_route=\/wp\/v2\/users\/1"}],"replies":[{"embeddable":true,"href":"http:\/\/www.korhanyilmaz.com\/index.php?rest_route=%2Fwp%2Fv2%2Fcomments&post=25653"}],"version-history":[{"count":0,"href":"http:\/\/www.korhanyilmaz.com\/index.php?rest_route=\/wp\/v2\/posts\/25653\/revisions"}],"wp:attachment":[{"href":"http:\/\/www.korhanyilmaz.com\/index.php?rest_route=%2Fwp%2Fv2%2Fmedia&parent=25653"}],"wp:term":[{"taxonomy":"category","embeddable":true,"href":"http:\/\/www.korhanyilmaz.com\/index.php?rest_route=%2Fwp%2Fv2%2Fcategories&post=25653"},{"taxonomy":"post_tag","embeddable":true,"href":"http:\/\/www.korhanyilmaz.com\/index.php?rest_route=%2Fwp%2Fv2%2Ftags&post=25653"}],"curies":[{"name":"wp","href":"https:\/\/api.w.org\/{rel}","templated":true}]}}