{"id":25641,"date":"2010-09-12T22:15:20","date_gmt":"2010-09-12T19:15:20","guid":{"rendered":"http:\/\/www.korhanyilmaz.com\/?p=25641"},"modified":"2010-09-12T22:15:20","modified_gmt":"2010-09-12T19:15:20","slug":"erdogan-demokrasi-bayrami","status":"publish","type":"post","link":"http:\/\/www.korhanyilmaz.com\/?p=25641","title":{"rendered":"Erdo\u011fan: &#8220;Demokrasi bayram\u0131&#8230;.&#8221;"},"content":{"rendered":"<p style=\"text-align: center;\"><a href=\"http:\/\/www.korhanyilmaz.com\/wp-content\/uploads\/2010\/09\/0021.jpg\"  class=\"lightview\"><img loading=\"lazy\" decoding=\"async\" class=\"aligncenter size-full wp-image-25642\" src=\"http:\/\/www.korhanyilmaz.com\/wp-content\/uploads\/2010\/09\/0021.jpg\" alt=\"\" width=\"307\" height=\"236\" \/><\/a><\/p>\n<p style=\"text-align: justify;\">Ba\u015fbakan Recep Tayyip Erdo\u011fan referandum sonras\u0131 ilk de\u011ferlendirmesini yapt\u0131, &#8220;T\u00fcrkiye Ramazan  bayram\u0131n\u0131n ard\u0131ndan demokrasi bayram\u0131ndan da y\u00fcz\u00fcn\u00fcn ak\u0131yla \u00e7\u0131km\u0131\u015ft\u0131r&#8221; dedi. Erdo\u011fan, &#8220;Her vesayet\u00e7i anlay\u0131\u015f kaybetmi\u015ftir. Bug\u00fcn, bu ak\u015fam kaybeden darbeci anlay\u0131\u015f olmu\u015ftur&#8221; diye konu\u015ftu. Ba\u015fbakan, Fettullah G\u00fclen&#8217;e de at\u0131fta bulundu.<!--more--><\/p>\n<p style=\"text-align: justify;\">Erdo\u011fan, &#8220;Bug\u00fcn halk oylamas\u0131ndan \u00e7\u0131kan evet karar\u0131 milletimizin demokrasi \u00f6zleminin bir neticesidir&#8221; diye konu\u015ftu.<\/p>\n<p style=\"text-align: justify;\">Erdo\u011fan, partisinin \u0130stanbul \u0130l Ba\u015fkanl\u0131\u011f\u0131nda yapt\u0131\u011f\u0131 konu\u015fmada, halk oylamas\u0131nda g\u00f6rev alanlara te\u015fekk\u00fcr ederek, ileri demokrasi ve hukukun \u00fcst\u00fcnl\u00fc\u011f\u00fc m\u00fccadelesinde tarihi bir e\u015fi\u011fin millet\u00e7e a\u015f\u0131ld\u0131\u011f\u0131n\u0131 s\u00f6yledi.<\/p>\n<p style=\"text-align: justify;\">Ba\u015fbakan Erdo\u011fan referandum de\u011ferlendirmesine, &#8220;Sevgili vatanda\u015flar\u0131m, de\u011ferli karde\u015flerim, \u00f6ncelikle milletimize Ramazan Bayram\u0131&#8217;n\u0131 bir kez daha kutluyorum. T\u00fcrkiye Ramazan Bayram\u0131&#8217;n\u0131n ard\u0131ndan demokrasi bayram\u0131ndan da y\u00fcz\u00fcn\u00fcn ak\u0131yla \u00e7\u0131km\u0131\u015ft\u0131r&#8221; s\u00f6zleriyle ba\u015flad\u0131.<\/p>\n<p style=\"text-align: justify;\">Ba\u015fbakan&#8217;\u0131n konu\u015fmas\u0131ndan \u00f6ne \u00e7\u0131kan sat\u0131rlar \u015f\u00f6yle:<\/p>\n<p style=\"text-align: justify;\">Halkoylamas\u0131ndan y\u00fczde 50 nin \u00fczerinden evet oyu \u00e7\u0131km\u0131\u015ft\u0131r.  Anayasam\u0131z\u0131n 26. maddesinde de\u011fi\u015fiklik yapan d\u00fczenleme yakla\u015f\u0131k y\u00fczde 58 oy oran\u0131 ile kabul edilmi\u015ftir.<\/p>\n<p style=\"text-align: justify;\">T\u00fcrkiye \u00e7ap\u0131nda kat\u0131l\u0131m y\u00fczde 77-78 aral\u0131\u011f\u0131nda oldu. Bundan \u00f6nceki referandumda y\u00fczde 67 idi. Milletimiz takdir yetkisini kullanarak anayasa de\u011fi\u015fikli\u011fi paketini onaylam\u0131\u015ft\u0131r.<\/p>\n<p style=\"text-align: justify;\">Bu sonucun \u00fclkemize, milletimize ve vatanda\u015flar\u0131m\u0131za hay\u0131rl\u0131 olmas\u0131n\u0131 Allah&#8217;tan temenni ediyorum. \u00d6ncelikle halkoylamas\u0131n\u0131n \u00fclke genelinde huzurlu ve esenlikle ge\u00e7mesinden dolay\u0131 memnuyetimi ifade ediyorum. Vatanda\u015f huzur i\u00e7inde sand\u0131\u011fa gitti ve h\u00fcr iradelerini ortaya koydu. Demokratik olgunluk t\u00fcm d\u00fcnyaya g\u00fczel mesaj verdi. G\u00fcvenlik birimlerinden, sa\u011fl\u0131k \u00e7al\u0131\u015fanlar\u0131na, herkese \u015fahs\u0131m, te\u015fkilatim ve miilletim ad\u0131na te\u015fekk\u00fcrlerimi sunuyorum.<\/p>\n<p style=\"text-align: justify;\">Ne mutlu bize ki demokrasinin, adaletin \u00e7\u0131tas\u0131n\u0131 elbirli\u011fiyle y\u00fckseltik. \u00d6zg\u00fcrli\u00fc\u011f\u00fcn, adaletin me\u015falesini birlikte tutu\u015fturduk. Ba\u015f\u0131m\u0131z dik diyoruz ki: Milletimizin iradesi tecelli etsin. Milletimizin iradesi sayg\u0131nd\u0131r, makbuldur, k\u0131ymetlidir.<\/p>\n<p style=\"text-align: justify;\">Evet diyenlerin, hay\u0131r diyenlerin, sand\u0131\u011fa gitmeyenlerin de iradesi sayg\u0131de\u011ferdir. Kimsenin bunlar\u0131 g\u00f6rmezden gelme, k\u00fc\u00e7\u00fcmseme hakk\u0131 yoktur. Kimsenin bu iradeyi yok sayma hakk\u0131 yoktur. Demokrasi halk\u0131n iradesini kabullenmekle, bunu s\u00fcrece katmakla anlam kazan\u0131r. 12 Eyl\u00fcl g\u00fcn\u00fc kazanan demokrasimiz olmu\u015ftur.<\/p>\n<p style=\"text-align: justify;\"><strong>&#8220;Kaybeden darbeci anlay\u0131\u015f oldu&#8221; <\/strong><\/p>\n<p style=\"text-align: justify;\">Demokrasiye olan g\u00fcven bir kez daha ortaya \u00e7\u0131kt\u0131. Demokrasinin, milli iradenin g\u00fcc\u00fc bug\u00fcn kat be kat artm\u0131\u015ft\u0131r. Bug\u00fcn evet diyenler de hay\u0131r diyenler de kazanm\u0131\u015ft\u0131r. \u0130ler i demokrasi herkes i\u00e7indir. Hukukun \u00fcst\u00fcnl\u00fc\u011f\u00fc herkes i\u00e7indir. Herkes bu ak\u015fam b\u00fcy\u00fck bir kazan\u00e7 i\u00e7indedir. Her vesayet\u00e7i anlay\u0131\u015f kaybetmi\u015ftir. Bug\u00fcn, bu ak\u015fam kaybeden darbeci anlay\u0131\u015f olmu\u015ftur. De\u011fi\u015fime ve de\u011fi\u015fimin getireceklerine direnen anlay\u0131\u015f kaybetti.<\/p>\n<p style=\"text-align: justify;\">12 Eyl\u00fcl g\u00fcn\u00fc T\u00fcrk demokrasi tarihine bir d\u00f6n\u00fcm noktas\u0131 olarak ge\u00e7ecektir. Hep bununla an\u0131lacaks\u0131n\u0131z. Hep bununla an\u0131laca\u011f\u0131z. Darbe anayasas\u0131 ile kirlenen 12 Eyl\u00fcl tarihi veya ba\u015flayan s\u00fcre\u00e7 bu halk oylamas\u0131yla demokrasi i\u00e7in bir milat olarak tarihe bir parlak sayfa a\u00e7m\u0131\u015f, bu olumsuzluktan kurtulmu\u015ftur.<\/p>\n<p style=\"text-align: justify;\">T\u00fcrkiye&#8217;de art\u0131k vesayet rejimi tarihe kar\u0131\u015facakt\u0131r. T\u00fcrkiye&#8217;de art\u0131k darbe heveslilerinin hevesleri kursa\u011f\u0131nda kalacakt\u0131r. T\u00fcrkiye&#8217;de art\u0131k milli iradenin g\u00fcc\u00fc her t\u00fcrl\u00fc kirli oyunu bozacakt\u0131r. T\u00fcrkiye&#8217;de art\u0131k de\u011fi\u015fime, demokratikle\u015fmeye, b\u00fcy\u00fcmeye engel olanlar hi\u00e7bir \u015feyin yanlar\u0131na kar kalmayaca\u011f\u0131n\u0131 daha iyi anlayacakt\u0131r. T\u00fcrkiye&#8217;de art\u0131k \u00e7etelerden, ter\u00f6r \u00f6rg\u00fctlerinden, karanl\u0131k odaklardan medet umanlar hayal k\u0131r\u0131kl\u0131\u011f\u0131 ya\u015fayacaklard\u0131r.&#8221;<\/p>\n<p style=\"text-align: justify;\"><strong>MHP&#8217;ye ele\u015ftiri <\/strong><\/p>\n<p style=\"text-align: justify;\">Bu anayasa de\u011fi\u015fikli\u011fi AK Parti projesine verilen destek de\u011fildir. Muhalefet partisi &#8220;bu bir g\u00fcvenoylamas\u0131&#8221; diyordu. Acaba bundan sonras\u0131n\u0131 ne olarak tarif edecek.<\/p>\n<p style=\"text-align: justify;\">&#8220;T\u00fcrkiye karanl\u0131k bir d\u00f6neme girdi&#8221; diyor, bug\u00fcn \u00fclke karanl\u0131ktan ayd\u0131nl\u0131\u011fa \u00e7\u0131k\u0131yor tam aksine.<\/p>\n<p style=\"text-align: justify;\">Bu de\u011fi\u015fikli\u011fe onay veren her vatanda\u015f\u0131m\u0131 g\u00f6n\u00fclden kutluyorum. Bu anayasa paketine destek veren CHP&#8217;li karde\u015flerimi, MHP&#8217;li, BDP&#8217;li karde\u015flerimi kutluyorum. Tehditlere ald\u0131rmadan sand\u0131\u011fa giden karde\u015flerimi kutluyorum. Ba\u015f\u0131ndan itibaren deste\u011fini ortaya koyan Saadet ve BBP&#8217;li, HAK-PAR&#8217;l\u0131, ba\u011f\u0131ms\u0131z \u00fclk\u00fcc\u00fcleri, K\u00fcrt ayd\u0131nlar\u0131n\u0131, \u0130\u015f\u00e7i Partilileri kutluyorum. Bu harekete inanan g\u00fcvenen AK Partili karde\u015flerimi kutluyorum.<\/p>\n<p style=\"text-align: justify;\">Bu s\u00fcre\u00e7 i\u00e7inde her t\u00fcrl\u00fc mahalle bask\u0131lar\u0131na ald\u0131rmadan, her \u015feyini ortaya koyan sanat camias\u0131 i\u00e7erisindekilere de \u015f\u00fckranlar\u0131n\u0131 sunuyorum. Sokak ad\u0131n\u0131 de\u011fi\u015ftirmeye var\u0131ncaya kadar bask\u0131lar yap\u0131ld\u0131 ve zaman\u0131 gelince de bunlar a\u00e7\u0131klanacak.<\/p>\n<p style=\"text-align: justify;\">Sand\u0131\u011fa giderek hay\u0131r da dese, evet de dese iradesini yans\u0131tan ve demokrasiye g\u00fc\u00e7 veren t\u00fcm vatanda\u015flar\u0131ma te\u015fekk\u00fcr ediyorum.<\/p>\n<p style=\"text-align: justify;\"><strong>Fettullah G\u00fclen&#8217;e at\u0131f <\/strong><\/p>\n<p style=\"text-align: justify;\">Okyanus \u00f6tesinden destek veren karde\u015flerimi kutluyorum.<\/p>\n<p style=\"text-align: justify;\">Yar\u0131ndan itibaren ilgili kurullar\u0131m\u0131zda de\u011ferlendirerek, yeni anayasa \u00e7al\u0131\u015fmalar\u0131 i\u00e7in nas\u0131l bir yol izleyece\u011fimizi, nas\u0131l bir yol haritas\u0131 takip edece\u011fimizi kararla\u015ft\u0131raca\u011f\u0131z. Toplumun t\u00fcm kesimlerinin kanaatlerini ve d\u00fc\u015f\u00fcncelerini alarak, en geni\u015f anlamda uzla\u015f\u0131 arayarak s\u00fcreci devam ettirece\u011fiz.<\/p>\n<p style=\"text-align: justify;\">\n<p style=\"text-align: justify;\">Kanaatimizce sand\u0131ktan \u00e7\u0131kan ana mesaj \u015fudur; Halk\u0131m\u0131z demi\u015ftir ki evet art\u0131k ileri demokrasi, evet art\u0131k \u00f6zg\u00fcrl\u00fckler, evet art\u0131k \u00fcst\u00fcnlerin hukuku de\u011fil, hukukun \u00fcst\u00fcnl\u00fc\u011f\u00fc, evet art\u0131k milli irade egemen olsun, evet art\u0131k vesayet\u00e7i anlay\u0131\u015flar son bulsun. Milletimizin bu g\u00fc\u00e7l\u00fc mesaj\u0131n\u0131 herkes almak durumundad\u0131r. Evet bug\u00fcn imtiyazlar\u0131n\u0131 korumak isteyenler de\u011fil, toplumun adalet talebi kazand\u0131, hak ve hakkaniyet kazand\u0131.<\/p>\n<p style=\"text-align: justify;\">\u00c7ok \u00e7ile \u00e7ektik, \u00e7ok \u00e7ile \u00e7ektirdiler. Biz \u00e7ektik, gelecek nesiller bu \u00e7ileleri \u00e7ekmesinler. Diyorum ki darbelere kar\u015f\u0131 \u00e7\u0131karak demokrasiye g\u00fc\u00e7 verenlere m\u00fcjdeler olsun. Bir daha darbeler ve onlar\u0131n yol a\u00e7t\u0131\u011f\u0131 zul\u00fcmler ya\u015fanmamas\u0131 i\u00e7in darbecilerin dokunulmazl\u0131klar\u0131n\u0131 kald\u0131rd\u0131k.<\/p>\n<p style=\"text-align: justify;\">Ki\u015fisel bilgilerin ortaya d\u00f6k\u00fclmesinden ve mahremiyetinin ihlal edilmesinden dolay\u0131 ma\u011fdur olanlara da m\u00fcjde veriyoruz. Bilgi g\u00fcvenli\u011fini esasl\u0131 bir sisteme dayand\u0131rarak fi\u015fleme d\u00f6nemini sona erdirdik.<\/p>\n<p style=\"text-align: justify;\">Bundan dolay\u0131 art\u0131k benim vatanda\u015f\u0131m sabah \u00e7ok daha farkl\u0131, \u00e7ok daha g\u00fczel, \u00e7ok daha ayd\u0131nl\u0131k bir g\u00fcne uyanacak. Ger\u00e7ekle\u015ftirdi\u011fimiz bu de\u011fi\u015fim \u00e7ok \u00f6nemli, ama yeterli g\u00f6rm\u00fcyoruz. Bu de\u011fi\u015fikliklerin \u00fclkedeki b\u00fct\u00fcn sorunlar\u0131 \u00e7\u00f6zece\u011fi iddias\u0131nda da de\u011filiz. Ama bunun iyi bir ba\u015flang\u0131\u00e7 oldu\u011funa inan\u0131yoruz. Siyasi g\u00f6r\u00fc\u015f\u00fc, sosyal stat\u00fcs\u00fc, ekonomik durumu her ne olursa olsun 81 vilayetimizdeki 73 milyon insan\u0131m\u0131z\u0131n ortak taleplerini hayata ge\u00e7irmek i\u00e7in bundan sonra daha \u00e7ok \u00e7al\u0131\u015faca\u011f\u0131z.<\/p>\n<p style=\"text-align: justify;\">12 Eyl\u00fcl g\u00fcn\u00fc nas\u0131l tarihi bir milat olduysa, 13 Eyl\u00fcl g\u00fcn\u00fc de yeni anayasa \u00e7al\u0131\u015fmalar\u0131 i\u00e7in bir milat olacakt\u0131r.<\/p>\n<p style=\"text-align: justify;\"><strong>Burhan Kuzu&#8217;ya talimat <\/strong><\/p>\n<p style=\"text-align: justify;\">Konu\u015fmas\u0131nda, TBMM Anayasa Komisyonu Ba\u015fkan\u0131 Burhan Kuzu&#8217;ya yar\u0131ndan itibaren anayasa \u00e7al\u0131\u015fmalar\u0131na ba\u015flamalar\u0131 konusunda talimat veren Erdo\u011fan, \u00f6n\u00fcm\u00fczdeki s\u00fcre\u00e7te toplumun t\u00fcm kesimlerinin kanaat ve d\u00fc\u015f\u00fcncelerini alarak en<\/p>\n<p style=\"text-align: justify;\">geni\u015f anlamda uzla\u015f\u0131 arayarak, bu s\u00fcreci devam ettireceklerini kaydetti.<\/p>\n<p style=\"text-align: justify;\">Erdo\u011fan, &#8220;Ama biz Anayasa yapaca\u011f\u0131z iddias\u0131nda olmayaca\u011f\u0131z. Fakat \u00e7al\u0131\u015fmam\u0131z\u0131 yapar\u0131z, 2011 se\u00e7imlerinden hemen sonra Meclis Ba\u015fkan\u0131 kim olacaksa onunla payla\u015f\u0131r\u0131z&#8221; dedi.<\/p>\n<p style=\"text-align: justify;\">Ge\u00e7mi\u015fte de anayasa haz\u0131rlanmas\u0131na y\u00f6nelik teklifi yapt\u0131klar\u0131n\u0131 an\u0131msatan Erdo\u011fan, bu uzla\u015f\u0131 aray\u0131\u015flar\u0131n\u0131n o d\u00f6nem kabul g\u00f6rmedi\u011fini hat\u0131rlatt\u0131.<\/p>\n<p style=\"text-align: justify;\">Erdo\u011fan, &#8220;\u015eimdi 2011 sonras\u0131nda biz yine buna haz\u0131r\u0131z. Bu teklifi yine yapar\u0131z. Bizim bir \u00e7ekincemiz yok. Bizim derdimiz \u00fcz\u00fcm\u00fc yemek, ba\u011fc\u0131 d\u00f6vmek de\u011fil&#8221; diye konu\u015ftu.<\/p>\n<p style=\"text-align: justify;\">Milletin emanetine sadakatle vefa g\u00f6stermeye devam edeceklerini anlatan Erdo\u011fan, b\u0131kmadan usanmadan yorulmadan demokrasiyi geli\u015ftirmeye, hukuk d\u00fczenini evrensel standartlara kavu\u015fturmaya devam edeceklerini belirtti.<\/p>\n<p style=\"text-align: justify;\">Ba\u015fbakan Erdo\u011fan, se\u00e7imlerin halk oylamalar\u0131n\u0131n, demokratik iradeyi ve halk iradesini ortaya koyan en \u00f6nemli g\u00f6stergeler oldu\u011funu kaydederek, halk\u0131n ne istedi\u011fini anlamak ne mesaj verdi\u011fini okuman\u0131n herkesin g\u00f6revi oldu\u011funu ifade etti.<\/p>\n<p style=\"text-align: justify;\">Erdo\u011fan, &#8220;Demokrasi tarihimizde \u00f6nemli bir d\u00f6n\u00fcm noktas\u0131 olaca\u011f\u0131 kesinle\u015fmi\u015ftir, 12 Eyl\u00fcl 2010 halk oylamas\u0131ndan herkes kendine g\u00f6re dersler \u00e7\u0131karacakt\u0131r&#8221; dedi.<\/p>\n<p style=\"text-align: justify;\"><strong>\u00d6z\u00fcr diledi <\/strong><\/p>\n<p style=\"text-align: justify;\">Kendilerinin de bu sonu\u00e7lardan milletin mesaj\u0131n\u0131 daha iyi anlamaya \u00e7al\u0131\u015facaklar\u0131n\u0131 dile getiren Erdo\u011fan, s\u00f6zlerini \u015f\u00f6yle s\u00fcrd\u00fcrd\u00fc:<\/p>\n<p style=\"text-align: justify;\">&#8220;Sand\u0131ktan \u00e7\u0131kan ana mesaj \u015fudur; Halk\u0131m\u0131z demi\u015ftir ki evet art\u0131k ileri demokrasi, evet art\u0131k \u00f6zg\u00fcrl\u00fckler, evet art\u0131k \u00fcst\u00fcnlerin hukuku de\u011fil hukukun \u00fcst\u00fcnl\u00fc\u011f\u00fc, evet art\u0131k milli irade egemen olsun, evet art\u0131k vesayet\u00e7i anlay\u0131\u015flar son bulsun. Milletimizin bu g\u00fc\u00e7l\u00fc mesaj\u0131n\u0131 herkes almak zorundad\u0131r. Evet bug\u00fcn imtiyazlar\u0131n\u0131 korumak isteyenler de\u011fil, toplumun adalet talebi kazand\u0131, hak ve hakkaniyet kazand\u0131. Ara rejimlerde b\u00f6l\u00fcnm\u00fc\u015f duvarlar bundan b\u00f6yle bir daha milletimizin \u00fcst\u00fcne d\u00fc\u015fmeyecek in\u015fallah. Bundan mutluluk duyuyoruz. Tek bir \u015fey istiyoruz. Tek bir \u015fey istiyoruz ki T\u00fcrkiye&#8217;nin b\u00fct\u00fcn yollar\u0131 adalete \u00e7\u0131ks\u0131n, hukuka \u00e7\u0131ks\u0131n, demokrasiye \u00e7\u0131ks\u0131n ve istiyoruz ki krallar\u0131n de\u011fil, kurallar\u0131n egemen oldu\u011fu bir T\u00fcrkiye olsun. Kimse kimseye \u00fcst\u00fcnl\u00fck iddias\u0131nda bulunmas\u0131n. Devlet her t\u00fcrl\u00fc tasarrufunun me\u015fruiyetini milletten als\u0131n. Herkes kendini millet kar\u015f\u0131s\u0131nda sorumlu g\u00f6rs\u00fcn. Hele hele siyaset\u00e7i, oturdu\u011fu koltuktan g\u00fc\u00e7 almas\u0131n, oturdu\u011fu koltu\u011fa g\u00fc\u00e7 kazand\u0131rs\u0131n.<\/p>\n<p style=\"text-align: justify;\">Millete kaybettirecek eylem ve s\u00f6ylemlerden herkes ka\u00e7\u0131ns\u0131n, bak\u0131n\u0131z referandum s\u00fcrecinde b\u00fcy\u00fck \u00f6l\u00e7\u00fcde T\u00fcrkiye yak\u0131n ge\u00e7mi\u015fiyle y\u00fczle\u015fme imkan\u0131 buldu. Bu s\u00fcre\u00e7te, y\u00fcreklerimizi da\u011flayan ac\u0131lar\u0131m\u0131z, vicdanlar\u0131m\u0131z\u0131 karartan an\u0131larla tazelendi.<\/p>\n<p style=\"text-align: justify;\">Siyasetin rekabet\u00e7i karakteri gere\u011fi meydanlarda, ekranlarda maksad\u0131 a\u015fan beyanlar da oldu. B\u00fct\u00fcn bunlar\u0131n hepsini geride b\u0131rakmak, yeni bir sayfa a\u00e7mak durumunday\u0131z. Ben se\u00e7im s\u00fcrecinde maksad\u0131 a\u015fan yanl\u0131\u015f anla\u015f\u0131lan ifadelerden m\u00fcmk\u00fcn oldu\u011funca ka\u00e7\u0131nd\u0131m. \u015eahs\u0131ma y\u00f6nelik, partime y\u00f6nelik a\u011f\u0131r ithamlar, hakaretler ve olmayan yak\u0131\u015ft\u0131rmalar sebebiyle ben hakk\u0131m\u0131 helal ediyorum.<\/p>\n<p style=\"text-align: justify;\">E\u011fer ger\u00e7ekten ben de birilerini incittiysem, \u00f6z\u00fcr diliyorum. Art\u0131k ge\u00e7mi\u015fe tak\u0131l\u0131p kalmadan ileri bakmak, hele hele birinci derecede ter\u00f6r konusunda iktidar\u0131 ile muhalefeti ile i\u015f birli\u011fi yapmak, milletimiz i\u00e7in \u00fclkemiz i\u00e7in hep birlikte samimiyetle \u00e7al\u0131\u015fmak, \u00e7abalamak durumunday\u0131z. B\u00fct\u00fcn siyasi parti ba\u015fkanlar\u0131n\u0131, bu kutlu yolculu\u011fa, bu demokratikle\u015fme s\u00fcrecine katk\u0131da bulunmaya, yeni bir anlay\u0131\u015fla \u00fclkemizin menfaati i\u00e7in i\u015f birli\u011fi yapmaya davet ediyorum.<\/p>\n<p style=\"text-align: justify;\">Sand\u0131\u011fa giderken, &#8216;S\u00f6z de m\u00fch\u00fcr de karar da milletindir&#8217; demi\u015ftim. 12 Eyl\u00fcl 2010 tarihi milat&#8230; B\u00fcy\u00fck kap\u0131 a\u00e7\u0131lm\u0131\u015ft\u0131r. \u0130n\u015fallah ard\u0131na kadar a\u00e7\u0131lacak. Demokratik hukuk devleti olarak \u00fclkemizin, d\u00fcnyan\u0131n en g\u00fc\u00e7l\u00fc \u00fclkelerinden biri olmay\u0131 hak eden T\u00fcrkiye&#8217;nin ayd\u0131nl\u0131k yar\u0131nlar\u0131 i\u00e7in 7&#8217;den 70&#8217;e bu \u00fclkenin b\u00fct\u00fcn evlatlar\u0131n\u0131n huzuru, mutlulu\u011fu i\u00e7in yeni bir sayfa a\u00e7\u0131ld\u0131. Yeni bir \u015fafak s\u00f6kt\u00fc. \u0130stisnas\u0131z 73 milyon insan\u0131m\u0131z\u0131n, istisnas\u0131z 81 vilayetimizin mutlulu\u011fu i\u00e7in bu yola girdik.<\/p>\n<p style=\"text-align: justify;\">A\u015fkla, heyecanla inan\u00e7la bu yolda ko\u015fmaya al\u0131n teri d\u00f6kmeye devam edece\u011fiz. \u015eimdi T\u00fcrkiye&#8217;nin t\u0131kanan yollar\u0131n\u0131 a\u015fmak i\u00e7in daha \u00e7ok imkana sahibiz. \u015eimdi T\u00fcrkiye&#8217;nin enerjisini y\u00fcreklerimizde daha \u00e7ok hissediyoruz. Bu aziz millet i\u00e7in daha \u00e7ok azim ve gayret g\u00f6sterme sevdas\u0131nday\u0131z. Demokrasimiz buradan sadece daha ileri gidecektir. Bundan kimsenin \u015f\u00fcphesi olmas\u0131n. &#8220;<\/p>\n<p style=\"text-align: justify;\">Erdo\u011fan, iki bayram\u0131n ya\u015fand\u0131\u011f\u0131n\u0131, \u015fu anda da \u00fc\u00e7\u00fcnc\u00fc bir bayram\u0131n beklendi\u011fini ifade ederek, &#8220;Basket Milli Tak\u0131m\u0131n\u0131n final ma\u00e7\u0131na kat\u0131laca\u011f\u0131n\u0131, ma\u00e7\u0131 izleyece\u011fini s\u00f6yledi. &#8220;Dualar\u0131m\u0131zla 12 dev adam\u0131n yan\u0131nda olaca\u011f\u0131z&#8221; diyen Erdo\u011fan, Milli Tak\u0131m\u0131n bu ak\u015famki ma\u00e7\u0131n\u0131 da kazanmas\u0131 temennisinde bulundu.<\/p>\n<p style=\"text-align: justify;\"><strong>Bir a\u00e7\u0131klama da Ar\u0131n\u00e7&#8217;tan&#8230; K\u0131l\u0131\u00e7daro\u011flu&#8217;na \u00e7att\u0131&#8230;. <\/strong><\/p>\n<p style=\"text-align: justify;\">Devlet Bakan\u0131 ve Ba\u015fbakan Yard\u0131mc\u0131s\u0131 B\u00fclent Ar\u0131n\u00e7 da, &#8220;Her g\u00fcn &#8216;hay\u0131r&#8217;lakalkan, &#8216;hay\u0131r&#8217; i\u00e7in her t\u00fcrl\u00fc \u015feyi s\u00f6yleyen insanlar, &#8216;hay\u0131r&#8217; oyu bile kullanamad\u0131lar. Bu b\u00fcy\u00fck bir ciddiyetsizliktir&#8221; dedi.<\/p>\n<p style=\"text-align: justify;\">Ar\u0131n\u00e7, &#8220;(Evet)ler, &#8216;Hay\u0131r&#8217;lar de\u011fil, sonu\u00e7 itibariyleT\u00fcrkiye demokrasisi kazanm\u0131\u015ft\u0131r ve bug\u00fcnden itibaren daha ileri demokrasi, daha \u00e7ok \u00f6zg\u00fcrl\u00fckler, yeni sivil ve \u00e7a\u011fda\u015f bir anayasaya do\u011fru \u00f6nemli bir ad\u0131m at\u0131lm\u0131\u015ft\u0131r&#8221; \u015feklinde konu\u015ftu.<\/p>\n<p style=\"text-align: justify;\">AK Parti Genel Ba\u015fkan Yard\u0131mc\u0131s\u0131 H\u00fcseyin \u00c7elik de, &#8220;Say\u0131n K\u0131l\u0131\u00e7daro\u011flu, bir &#8216;hay\u0131r&#8217; oyu vermeyerek hay\u0131rl\u0131 bir i\u015f yapm\u0131\u015ft\u0131r&#8221; diye konu\u015ftu.<\/p>\n<p style=\"text-align: justify;\"><strong>AK Parti Genel Merkezi&#8217;nde bayram havas\u0131 <\/strong><\/p>\n<p style=\"text-align: justify;\">Baz\u0131 bakan ve parti y\u00f6neticileri, halk oylamas\u0131 sonu\u00e7lar\u0131n\u0131 takip etmek amac\u0131yla AK Parti Genel Merkezi&#8217;ne gitti.  Partililer, halk oylamas\u0131 sonu\u00e7lar\u0131n\u0131 sevin\u00e7le kar\u015f\u0131lad\u0131. Ayn\u0131 zamanda Ankara milletvekilleri olan Devlet Bakan\u0131 ve Ba\u015fbakan Yard\u0131mc\u0131s\u0131 Cemil \u00c7i\u00e7ek ile Devlet Bakan\u0131 Zafer \u00c7a\u011flayan halk oylamas\u0131 sonucunu parti genel merkezinden takip etti.<\/p>\n<p style=\"text-align: justify;\">Genel ba\u015fkan yard\u0131mc\u0131lar\u0131 Abd\u00fclkadir Aksu, H\u00fcseyin \u00c7elik, Salih Kapusuz, Ekrem Erdem ve Haluk \u0130pek ile Se\u00e7im Koordinasyon Merkezi Ba\u015fkan\u0131, \u0130stanbul Milletvekili Mustafa Ata\u015f da genel merkezde.<\/p>\n<p style=\"text-align: justify;\">Bu arada partililer de genel merkeze gelmeye ba\u015flarken, sonu\u00e7lar\u0131n izlenmesi i\u00e7in parti \u00f6n\u00fcndeki otoparka 2 sinevizyon kuruldu. Partililerin halk oylamas\u0131 sonu\u00e7lar\u0131n\u0131 sevin\u00e7le kar\u015f\u0131lad\u0131\u011f\u0131 ve zaman zaman alk\u0131\u015flad\u0131klar\u0131 g\u00f6r\u00fcld\u00fc.<\/p>\n<p style=\"text-align: justify;\"><span style=\"color: #888888;\">CNN T\u00dcRK<\/span><\/p>\n","protected":false},"excerpt":{"rendered":"<p style=\"text-align: center;\">\n<p style=\"text-align: justify;\">Ba\u015fbakan Recep Tayyip Erdo\u011fan referandum sonras\u0131 ilk de\u011ferlendirmesini yapt\u0131, &#8220;T\u00fcrkiye Ramazan bayram\u0131n\u0131n ard\u0131ndan demokrasi bayram\u0131ndan da y\u00fcz\u00fcn\u00fcn ak\u0131yla \u00e7\u0131km\u0131\u015ft\u0131r&#8221; dedi. Erdo\u011fan, &#8220;Her vesayet\u00e7i anlay\u0131\u015f kaybetmi\u015ftir. Bug\u00fcn, bu ak\u015fam kaybeden darbeci anlay\u0131\u015f olmu\u015ftur&#8221; diye konu\u015ftu. Ba\u015fbakan, Fettullah G\u00fclen&#8217;e de at\u0131fta bulundu.<\/p>\n","protected":false},"author":1,"featured_media":0,"comment_status":"open","ping_status":"closed","sticky":false,"template":"","format":"standard","meta":{"footnotes":""},"categories":[105],"tags":[],"class_list":["post-25641","post","type-post","status-publish","format-standard","hentry","category-gundem","odd"],"_links":{"self":[{"href":"http:\/\/www.korhanyilmaz.com\/index.php?rest_route=\/wp\/v2\/posts\/25641","targetHints":{"allow":["GET"]}}],"collection":[{"href":"http:\/\/www.korhanyilmaz.com\/index.php?rest_route=\/wp\/v2\/posts"}],"about":[{"href":"http:\/\/www.korhanyilmaz.com\/index.php?rest_route=\/wp\/v2\/types\/post"}],"author":[{"embeddable":true,"href":"http:\/\/www.korhanyilmaz.com\/index.php?rest_route=\/wp\/v2\/users\/1"}],"replies":[{"embeddable":true,"href":"http:\/\/www.korhanyilmaz.com\/index.php?rest_route=%2Fwp%2Fv2%2Fcomments&post=25641"}],"version-history":[{"count":0,"href":"http:\/\/www.korhanyilmaz.com\/index.php?rest_route=\/wp\/v2\/posts\/25641\/revisions"}],"wp:attachment":[{"href":"http:\/\/www.korhanyilmaz.com\/index.php?rest_route=%2Fwp%2Fv2%2Fmedia&parent=25641"}],"wp:term":[{"taxonomy":"category","embeddable":true,"href":"http:\/\/www.korhanyilmaz.com\/index.php?rest_route=%2Fwp%2Fv2%2Fcategories&post=25641"},{"taxonomy":"post_tag","embeddable":true,"href":"http:\/\/www.korhanyilmaz.com\/index.php?rest_route=%2Fwp%2Fv2%2Ftags&post=25641"}],"curies":[{"name":"wp","href":"https:\/\/api.w.org\/{rel}","templated":true}]}}