{"id":25617,"date":"2010-09-09T15:37:44","date_gmt":"2010-09-09T12:37:44","guid":{"rendered":"http:\/\/www.korhanyilmaz.com\/?p=25617"},"modified":"2010-09-09T15:37:44","modified_gmt":"2010-09-09T12:37:44","slug":"erdogandan-camide-evet-mitingi","status":"publish","type":"post","link":"http:\/\/www.korhanyilmaz.com\/?p=25617","title":{"rendered":"Erdo\u011fan&#8217;dan camide &#8216;evet&#8217; mitingi"},"content":{"rendered":"<p style=\"text-align: justify;\"><a href=\"http:\/\/www.korhanyilmaz.com\/wp-content\/uploads\/2010\/09\/144.jpg\"  class=\"lightview\"><img loading=\"lazy\" decoding=\"async\" class=\"size-full wp-image-25618 aligncenter\" src=\"http:\/\/www.korhanyilmaz.com\/wp-content\/uploads\/2010\/09\/144.jpg\" alt=\"\" width=\"328\" height=\"214\" \/><\/a><\/p>\n<p style=\"text-align: justify;\">Ba\u015fbakan Recep Tayyip Erdo\u011fan, bayram namaz\u0131n\u0131 Sultanbeyli Merkez Camii\u2019de k\u0131ld\u0131.  Erdo\u011fan, namaz\u0131n ard\u0131ndan sonra camide toplanan binlerce ki\u015fiye \u201cevet\u201d kampanyas\u0131yla ilgili miting yapt\u0131.<!--more--><\/p>\n<p style=\"text-align: justify;\"><span style=\"color: #888888;\"><span style=\"color: #000000;\">\u0130STANBUL<\/span> <\/span>&#8211; Ba\u015fbakan Recep Tayyip Erdo\u011fan, bayram namaz\u0131n\u0131 Sultanbeyli Merkez Camii\u2019de k\u0131ld\u0131. Erdo\u011fan, namaz\u0131n ard\u0131ndan sonra camide toplanan binlerce ki\u015fiye \u201cevet\u201d kampanyas\u0131yla ilgili miting yapt\u0131.<\/p>\n<p style=\"text-align: justify;\">Gelirken yolda bir pankart g\u00f6rd\u00fc\u011f\u00fcn\u00fc ve pankartta &#8221;b\u00f6l\u00fcnmeye hay\u0131r&#8221; denildi\u011fini ifade eden Erdo\u011fan, &#8221;Biz birli\u011fe, beraberli\u011fe, b\u00fct\u00fcnl\u00fc\u011fe &#8216;evet&#8217; diyoruz, b\u00f6l\u00fcnmeye &#8216;hay\u0131r&#8217; diyenler &#8216;evet&#8217; diyorlar. Ele\u015ftirdikleri o Silopi&#8217;dekilerle \u015fimdi beraber hareket ediyorlar&#8221; dedi.<\/p>\n<p style=\"text-align: justify;\">&#8221;Hay\u0131r cephesinde CHP, MHP, BDP, YARSAV, TKP, \u0130\u015f\u00e7i Partisi ve \u00e7eteler var&#8221; diyen Erdo\u011fan, &#8221;Bayram\u0131n bu anlaml\u0131 g\u00fcn\u00fcnde tabii ki sizlerin bu isyan\u0131n\u0131 dile getirmenizi istemem. \u0130stiyorum ki bunlar pazar g\u00fcn\u00fc sand\u0131klarda &#8216;evet&#8217; olarak dile gelsin&#8221; \u015feklinde konu\u015ftu.<\/p>\n<p style=\"text-align: justify;\">Anayasa Mahkemesi ve HSYK&#8217;n\u0131n yeniden \u015fekillenmeye gitti\u011fini de ifade eden Erdo\u011fan, &#8221;Bunlar rahats\u0131z. Niye? Kurduklar\u0131 saltanat zinciri bozuluyor&#8221; dedi. Ba\u015fbakan daha sonra Sancaktepe&#8217; ye ge\u00e7ti. Erdo\u011fan, orada da ba\u015f\u00f6rt\u00fc meselesine dikkat \u00e7ektiCHP lideri Kemal K\u0131l\u0131\u00e7daro\u011flu\u2019nun ba\u015f\u00f6rt\u00fc meselesini \u00e7\u00f6zece\u011fini s\u00f6yledi\u011fini hat\u0131rlatan Erdo\u011fan, &#8220;Ke\u015fke halletse yollar\u0131na g\u00fcl d\u00f6kerim&#8221; dedi.<\/p>\n<p style=\"text-align: justify;\">Erdo\u011fan, s\u00f6zlerini \u015f\u00f6yle s\u00fcrd\u00fcrd\u00fc: \u201cAncak sonras\u0131nda biz ba\u015f\u00f6rt\u00fc meselesini halletmi\u015ftik ama CHP Anayasa Mahkemesi\u2019ne g\u00f6t\u00fcrd\u00fc.\u201d<\/p>\n<p style=\"text-align: justify;\">Ba\u015fbakan Erdo\u011fan&#8217;\u0131n son adresi ise \u00c7ekmek\u00f6y oldu. Orada miting yapt\u0131ktan sonra evine geldi. Ba\u015fbakan, \u015fu s\u0131ralar yak\u0131nlar\u0131yla bayramla\u015f\u0131yor..<\/p>\n<p style=\"text-align: justify;\"><a href=\"http:\/\/www.gazeteport.com.tr\/SIYASET\/NEWS\/GP_760490\" target=\"_blank\"><span style=\"color: #888888;\">Radikal<\/span><\/a><\/p>\n","protected":false},"excerpt":{"rendered":"<p style=\"text-align: justify;\">\n<p style=\"text-align: justify;\">Ba\u015fbakan Recep Tayyip Erdo\u011fan, bayram namaz\u0131n\u0131 Sultanbeyli Merkez Camii\u2019de k\u0131ld\u0131. Erdo\u011fan, namaz\u0131n ard\u0131ndan sonra camide toplanan binlerce ki\u015fiye \u201cevet\u201d kampanyas\u0131yla ilgili miting yapt\u0131.<\/p>\n","protected":false},"author":1,"featured_media":0,"comment_status":"open","ping_status":"closed","sticky":false,"template":"","format":"standard","meta":{"footnotes":""},"categories":[105],"tags":[],"class_list":["post-25617","post","type-post","status-publish","format-standard","hentry","category-gundem","odd"],"_links":{"self":[{"href":"http:\/\/www.korhanyilmaz.com\/index.php?rest_route=\/wp\/v2\/posts\/25617","targetHints":{"allow":["GET"]}}],"collection":[{"href":"http:\/\/www.korhanyilmaz.com\/index.php?rest_route=\/wp\/v2\/posts"}],"about":[{"href":"http:\/\/www.korhanyilmaz.com\/index.php?rest_route=\/wp\/v2\/types\/post"}],"author":[{"embeddable":true,"href":"http:\/\/www.korhanyilmaz.com\/index.php?rest_route=\/wp\/v2\/users\/1"}],"replies":[{"embeddable":true,"href":"http:\/\/www.korhanyilmaz.com\/index.php?rest_route=%2Fwp%2Fv2%2Fcomments&post=25617"}],"version-history":[{"count":0,"href":"http:\/\/www.korhanyilmaz.com\/index.php?rest_route=\/wp\/v2\/posts\/25617\/revisions"}],"wp:attachment":[{"href":"http:\/\/www.korhanyilmaz.com\/index.php?rest_route=%2Fwp%2Fv2%2Fmedia&parent=25617"}],"wp:term":[{"taxonomy":"category","embeddable":true,"href":"http:\/\/www.korhanyilmaz.com\/index.php?rest_route=%2Fwp%2Fv2%2Fcategories&post=25617"},{"taxonomy":"post_tag","embeddable":true,"href":"http:\/\/www.korhanyilmaz.com\/index.php?rest_route=%2Fwp%2Fv2%2Ftags&post=25617"}],"curies":[{"name":"wp","href":"https:\/\/api.w.org\/{rel}","templated":true}]}}