{"id":25606,"date":"2010-09-09T15:27:52","date_gmt":"2010-09-09T12:27:52","guid":{"rendered":"http:\/\/www.korhanyilmaz.com\/?p=25606"},"modified":"2010-09-09T15:27:52","modified_gmt":"2010-09-09T12:27:52","slug":"cumhurbaskani-topu-havaya-dikti","status":"publish","type":"post","link":"http:\/\/www.korhanyilmaz.com\/?p=25606","title":{"rendered":"Cumhurba\u015fkan\u0131 Topu Havaya Dikti"},"content":{"rendered":"<p style=\"text-align: justify;\"><a href=\"http:\/\/www.korhanyilmaz.com\/wp-content\/uploads\/2010\/09\/142.jpg\"  class=\"lightview\"><img loading=\"lazy\" decoding=\"async\" class=\"aligncenter size-full wp-image-25607\" src=\"http:\/\/www.korhanyilmaz.com\/wp-content\/uploads\/2010\/09\/142.jpg\" alt=\"\" width=\"419\" height=\"203\" \/><\/a><\/p>\n<p style=\"text-align: justify;\">G\u00dcBRETA\u015e taraf\u0131ndan \u0130ran\u2019da sat\u0131n al\u0131nan bir g\u00fcbre fabrikas\u0131na Ba\u015fbakan Erdo\u011fan\u2019\u0131n baz\u0131 yak\u0131nlar\u0131n\u0131n gizli hissedar yap\u0131ld\u0131\u011f\u0131 iddialar\u0131n\u0131n soru\u015fturulmas\u0131na Cumhurba\u015fkan\u0131 Abdullah G\u00fcl de yana\u015fmad\u0131. G\u00fcl\u2019\u00fcn Devlet Denetleme Kurulu\u2019nu devreye sokmamas\u0131na MHP\u2019liler, \u201cCumhurba\u015fkan\u0131 topu havaya dikti\u201d \u015feklinde tepki g\u00f6sterdi. <!--more--><\/p>\n<p style=\"text-align: justify;\">AKP-MHP aras\u0131nda ba\u015flayan \u201cg\u00fcbre sava\u015f\u0131\u201dn\u0131 Odatv ad\u0131m ad\u0131m izledi. Bu konuda \u015fu ana kadar \u00fc\u00e7 haber yapt\u0131k, bu da d\u00f6rd\u00fcnc\u00fcs\u00fc ve muhtemelen sonuncusu. \u00c7\u00fcnk\u00fc MHP\u2019nin yolsuzluk iddialar\u0131n\u0131 ara\u015ft\u0131r\u0131lmas\u0131 i\u00e7in son m\u00fcracaat yeri olarak g\u00f6rd\u00fc\u011f\u00fc \u00c7ankaya K\u00f6\u015fk\u00fc\u2019nden olumsuz cevap geldi. \u00c7ankaya K\u00f6\u015fk\u00fc, 20 MHP milletvekilinin imzas\u0131yla g\u00f6nderilen dosyay\u0131, yolsuzluk iddialar\u0131n\u0131n merkezinde g\u00f6r\u00fclen Tar\u0131m Bakanl\u0131\u011f\u0131\u2019na g\u00f6nderdi. Bir di\u011fer ifadeyle, kad\u0131n\u0131n davas\u0131 kad\u0131ya havale edildi.<\/p>\n<p style=\"text-align: justify;\">MHP Genel Ba\u015fkan Yard\u0131mc\u0131s\u0131 ve Yozgat Milletvekili Mehmet Ekici\u2019nin takip etti\u011fi \u201cg\u00fcbre\u201d dosyas\u0131 \u015fuydu:<\/p>\n<p style=\"text-align: justify;\">Tar\u0131m ve Kredi Kooperatifleri Birli\u011fi\u2019nin en b\u00fcy\u00fck hissedar\u0131 oldu\u011fu G\u00fcbreta\u015f A.\u015e. 2008\u2019de \u0130ran\u2019daki Razi isimli g\u00fcbre fabrikas\u0131n\u0131 \u00f6zelle\u015ftirme yoluyla 656 milyon dolara sat\u0131n ald\u0131. Yolsuzluk iddialar\u0131, bu fabrikan\u0131n baz\u0131 hisselerinin, \u201c\u015f\u00fcpheli\u201d baz\u0131 firmalara, hem de hi\u00e7bir sermaye katk\u0131s\u0131nda bulunmadan verilmesinden \u00e7\u0131kt\u0131. Bu firmalar\u0131n arkas\u0131nda da Ba\u015fbakan Erdo\u011fan\u2019a yak\u0131n baz\u0131 isimlerin oldu\u011fu bilgisine ula\u015fan MHP\u2019li Ekici, iddialar\u0131 defalarca Tar\u0131m Bakan\u0131 Mehdi Eker\u2019e sordu. Ancak \u201cdevlet s\u0131rr\u0131\u201d gerek\u00e7esiyle bilgi verilmedi.<\/p>\n<p style=\"text-align: justify;\">Bunun \u00fczerine son \u00e7are olarak Ekici\u2019nin haz\u0131rlad\u0131\u011f\u0131, alt\u0131na 20 MHP Milletvekilinin de imza att\u0131\u011f\u0131 \u201cg\u00fcbre\u201d dosyas\u0131, MHP Grup Ba\u015fkanvekili Oktay Vural arac\u0131l\u0131\u011f\u0131yla \u00c7ankaya K\u00f6\u015fk\u00fc\u2019ne g\u00f6nderildi. Dosyada, yolsuzluk iddialar\u0131, belgeleriyle anlat\u0131l\u0131yor, Tar\u0131m Bakan\u0131 Eker \u015fikayet ediliyor ve Cumhurba\u015fkan\u0131 G\u00fcl\u2019\u00fcn Devlet Denetleme Kurulu\u2019nu devreye sokmas\u0131 isteniyordu.<\/p>\n<p style=\"text-align: justify;\">\u00c7ankaya K\u00f6\u015fk\u00fc\u2019nden, MHP Grubu\u2019na yakla\u015f\u0131k 20 g\u00fcn sonra cevap geldi. Cumhurba\u015fkanl\u0131\u011f\u0131 Devlet Denetleme Kurulu Ba\u015fkan\u0131 Cemal Boyal\u0131 imzas\u0131yla (Say\u0131 B.01.0.DDK-83-505, tarih 25 A\u011fustos 2010) g\u00f6nderilen mektupta \u015f\u00f6yle denildi:<\/p>\n<p style=\"text-align: justify;\">\u201cTar\u0131m ve Kredi Kooperatifleri Merkez Birli\u011fi ile ilgili olarak Say\u0131n Cumhurba\u015fkan\u0131m\u0131za g\u00f6nderilen dilek\u00e7eniz ve ekleri, ad\u0131 ge\u00e7en Merkez Birli\u011fi\u2019nin kooperatif stat\u00fcs\u00fcnde bulunu\u015fu ve \u00f6zel hukuk h\u00fck\u00fcmlerine tabi olmas\u0131 nedeniyle Anayasa\u2019n\u0131n 108. maddesi uyar\u0131nca Devlet Denetleme Kurulu taraf\u0131ndan incelenememekle birlikte, bahse konu hususlar 1581 say\u0131l\u0131 Tar\u0131m Kredi Kooperatifleri ve Birlikleri Kanunu\u2019nun Ek 2. maddesi uyar\u0131nca, incelenmesini teminen Tar\u0131m ve K\u00f6yi\u015fleri Bakanl\u0131\u011f\u0131na g\u00f6nderilmi\u015ftir. Bilgilerine arz ederim.\u201d<\/p>\n<p style=\"text-align: justify;\">\u00d6zetle \u00c7ankaya K\u00f6\u015fk\u00fc, bu incelemeyi yapma yetkileri olmad\u0131\u011f\u0131n\u0131 bildirip, dosyay\u0131 da kendisine \u015fikayet edilen Tar\u0131m Bakanl\u0131\u011f\u0131\u2019na paslad\u0131.<\/p>\n<p style=\"text-align: justify;\">Devlet Denetleme Kurulu\u2019nun b\u00f6yle bir yetkisi ger\u00e7ekten yok mu? Bunun i\u00e7in DDK Kanunu\u2019ndaki \u201cg\u00f6rev\u201d maddesine bakal\u0131m: \u201cDevlet Denetleme Kurulu\u2019nun g\u00f6revi Cumhurba\u015fkan\u0131n\u0131n iste\u011fi \u00fczerine, T\u00fcrk Silahl\u0131 Kuvvetleri ve yarg\u0131 organlar\u0131 d\u0131\u015f\u0131ndaki t\u00fcm kamu kurulu\u015f ve kurumlar\u0131nda, kamu niteli\u011finde olan meslek kurulu\u015flar\u0131nda, her d\u00fczeydeki i\u015f\u00e7i ve i\u015fveren meslek te\u015fekk\u00fcllerinde ve kamuya yararl\u0131 derneklerde her t\u00fcrl\u00fc inceleme, ara\u015ft\u0131rma ve denetlemelerde bulunmakt\u0131r\u201d deniyor.<\/p>\n<p style=\"text-align: justify;\">DDK\u2019n\u0131n yetki kapsam\u0131n\u0131n ne kadar geni\u015f oldu\u011fu ortada. Kald\u0131 ki daha ge\u00e7en y\u0131l DDK, kamu kurumu niteli\u011findeki meslek kurulu\u015flar\u0131n\u0131n t\u00fcm\u00fc hakk\u0131nda inceleme yap\u0131p, bin sayfay\u0131 bulan bir rapor haz\u0131rlad\u0131. \u0130ncelenen kurulu\u015flar aras\u0131nda sendikalar ve meslek \u00f6rg\u00fctlerinin yan\u0131 s\u0131ra kooperatifler de vard\u0131.<\/p>\n<p style=\"text-align: justify;\">\u00c7ankaya K\u00f6\u015fk\u00fc\u2019n\u00fcn cevab\u0131 MHP\u2019lileri epey k\u0131zd\u0131rd\u0131. Yolsuzluk iddialar\u0131n\u0131n pe\u015fine d\u00fc\u015fen ve ortaya o b\u00fcy\u00fck dosyay\u0131 \u00e7\u0131karan MHP Genel Ba\u015fkan Yard\u0131mc\u0131s\u0131 Mehmet Ekici, Cumhurba\u015fkan\u0131 G\u00fcl\u2019\u00fc \u015fu sert s\u00f6zlerle ele\u015ftirdi.<\/p>\n<p style=\"text-align: justify;\">\u201cDevlet Denetleme Kurulu\u2019na 20 milletvekiliyle yapt\u0131\u011f\u0131m\u0131z m\u00fcracaat ters k\u00f6\u015fe yapt\u0131. Biz Say\u0131n Cumhurba\u015fkan\u0131\u2019ndan Devlet Denetleme Kurulunu \u00e7al\u0131\u015ft\u0131rmas\u0131n\u0131 beklerdik. Asl\u0131nda Tar\u0131m Bakanl\u0131\u011f\u0131 \u00e7al\u0131\u015fmad\u0131\u011f\u0131 i\u00e7in Cumhurba\u015fkan\u0131na m\u00fcracaat ettik. Tar\u0131m Bakanl\u0131\u011f\u0131 ka\u00e7ak g\u00fcre\u015fmeseydi, bu m\u00fcracaat\u0131 yapmazd\u0131k. G\u00f6r\u00fclen odur ki, ancak \u00f6n\u00fcm\u00fczdeki m\u00fcstakbel iktidar bu i\u015fi \u00e7\u00f6zecek. Say\u0131n Cumhurba\u015fkan\u0131 topu havaya dikti diye d\u00fc\u015f\u00fcn\u00fcyorum.\u201d<\/p>\n<p style=\"text-align: justify;\"><span style=\"color: #888888;\">Kaynak : <a href=\"http:\/\/www.odatv.com\/n.php?n=cumhurbaskani-gul-topu-havaya-dikti--0909101200\" target=\"_blank\">Odatv.com<\/a><\/span><\/p>\n","protected":false},"excerpt":{"rendered":"<p style=\"text-align: justify;\">\n<p style=\"text-align: justify;\">G\u00dcBRETA\u015e taraf\u0131ndan \u0130ran\u2019da sat\u0131n al\u0131nan bir g\u00fcbre fabrikas\u0131na Ba\u015fbakan Erdo\u011fan\u2019\u0131n baz\u0131 yak\u0131nlar\u0131n\u0131n gizli hissedar yap\u0131ld\u0131\u011f\u0131 iddialar\u0131n\u0131n soru\u015fturulmas\u0131na Cumhurba\u015fkan\u0131 Abdullah G\u00fcl de yana\u015fmad\u0131. G\u00fcl\u2019\u00fcn Devlet Denetleme Kurulu\u2019nu devreye sokmamas\u0131na MHP\u2019liler, \u201cCumhurba\u015fkan\u0131 topu havaya dikti\u201d \u015feklinde tepki g\u00f6sterdi. <\/p>\n","protected":false},"author":1,"featured_media":0,"comment_status":"open","ping_status":"closed","sticky":false,"template":"","format":"standard","meta":{"footnotes":""},"categories":[105],"tags":[],"class_list":["post-25606","post","type-post","status-publish","format-standard","hentry","category-gundem","odd"],"_links":{"self":[{"href":"http:\/\/www.korhanyilmaz.com\/index.php?rest_route=\/wp\/v2\/posts\/25606","targetHints":{"allow":["GET"]}}],"collection":[{"href":"http:\/\/www.korhanyilmaz.com\/index.php?rest_route=\/wp\/v2\/posts"}],"about":[{"href":"http:\/\/www.korhanyilmaz.com\/index.php?rest_route=\/wp\/v2\/types\/post"}],"author":[{"embeddable":true,"href":"http:\/\/www.korhanyilmaz.com\/index.php?rest_route=\/wp\/v2\/users\/1"}],"replies":[{"embeddable":true,"href":"http:\/\/www.korhanyilmaz.com\/index.php?rest_route=%2Fwp%2Fv2%2Fcomments&post=25606"}],"version-history":[{"count":0,"href":"http:\/\/www.korhanyilmaz.com\/index.php?rest_route=\/wp\/v2\/posts\/25606\/revisions"}],"wp:attachment":[{"href":"http:\/\/www.korhanyilmaz.com\/index.php?rest_route=%2Fwp%2Fv2%2Fmedia&parent=25606"}],"wp:term":[{"taxonomy":"category","embeddable":true,"href":"http:\/\/www.korhanyilmaz.com\/index.php?rest_route=%2Fwp%2Fv2%2Fcategories&post=25606"},{"taxonomy":"post_tag","embeddable":true,"href":"http:\/\/www.korhanyilmaz.com\/index.php?rest_route=%2Fwp%2Fv2%2Ftags&post=25606"}],"curies":[{"name":"wp","href":"https:\/\/api.w.org\/{rel}","templated":true}]}}