{"id":25573,"date":"2010-09-08T15:50:32","date_gmt":"2010-09-08T12:50:32","guid":{"rendered":"http:\/\/www.korhanyilmaz.com\/?p=25573"},"modified":"2010-09-08T15:50:32","modified_gmt":"2010-09-08T12:50:32","slug":"%e2%80%9cbayrami-kurtlere-haram-ettiniz%e2%80%9d","status":"publish","type":"post","link":"http:\/\/www.korhanyilmaz.com\/?p=25573","title":{"rendered":"\u201cBayram\u0131 K\u00fcrtlere haram ettiniz!\u201d"},"content":{"rendered":"<p style=\"text-align: center;\"><a href=\"http:\/\/www.korhanyilmaz.com\/wp-content\/uploads\/2010\/09\/137.jpeg\"  class=\"lightview\"><img loading=\"lazy\" decoding=\"async\" class=\"aligncenter size-full wp-image-25574\" src=\"http:\/\/www.korhanyilmaz.com\/wp-content\/uploads\/2010\/09\/137.jpeg\" alt=\"\" width=\"370\" height=\"247\" \/><\/a><\/p>\n<p style=\"text-align: justify;\">Bar\u0131\u015f ve Demokrasi Partisi (BDP) Genel Ba\u015fkan\u0131 Selahattin Demirta\u015f, &#8220;Ba\u015fbakan&#8217;\u0131n, T\u00fcrkiye Cumhuriyeti H\u00fck\u00fcmeti&#8217;nin bar\u0131\u015f konusunda samimiyeti varsa, bar\u0131\u015f\u0131 sa\u011flamak veya en az\u0131ndan \u00e7at\u0131\u015fmas\u0131zl\u0131\u011f\u0131 sa\u011flamak birka\u00e7 saatin i\u015fidir&#8221; dedi. Demirta\u015f, Hakkari&#8217;de 9 PKK&#8217;l\u0131n\u0131n \u00f6ld\u00fcr\u00fclmesini de \u201cK\u00fcrtlere bayram\u0131 haram ettiniz\u201d diye yorumlad\u0131. <!--more--><\/p>\n<p style=\"text-align: justify;\">D\u0130YARBAKIR &#8211; Demirta\u015f, beraberinde Diyarbak\u0131r B\u00fcy\u00fck\u015fehir Belediye Ba\u015fkan\u0131 Osman Baydemir, Sur Belediye Ba\u015fkan\u0131 Abdullah Demirba\u015f, Ba\u011flar Belediye Ba\u015fkan\u0131 Y\u00fcksel Baran, Yeni\u015fehir Belediye Ba\u015fkan\u0131 Selim Kurbano\u011flu, Kayap\u0131nar Belediye Ba\u015fkan\u0131 Mahmut Da\u011f ve BDP\u2019li y\u00f6neticilerle birlikte Sur il\u00e7esindeki Melikahmet Caddesi\u2019nde esnaf ve vatanda\u015flar\u0131 ziyaret etti.<\/p>\n<p style=\"text-align: justify;\">Dicle F\u0131rat K\u00fclt\u00fcr Merkezi\u2019nde gazetecilere a\u00e7\u0131klama yapan Demirta\u015f, Ba\u015fbakan\u2019\u0131n ter\u00f6r \u00f6rg\u00fct\u00fc PKK\u2019ya yapaca\u011f\u0131 bir \u00e7a\u011fr\u0131 varsa 13 Eyl\u00fclden itibaren bu \u00e7a\u011fr\u0131y\u0131 direkt yapmas\u0131nda bir fayda g\u00f6rd\u00fc\u011f\u00fcn\u00fc belirtti.<\/p>\n<p style=\"text-align: justify;\">&#8220;Bug\u00fcne kadar 8 ate\u015fkes yap\u0131ld\u0131. Bizdeki h\u00fck\u00fcmetler bu ate\u015fkeslere \u2019s\u00f6zde ate\u015fkes\u2019 demekle yetindiler. Bak\u0131n PKK ate\u015fkes ilan etmi\u015f durumda, 40 g\u00fcnden fazlad\u0131r PKK\u2019n\u0131n ate\u015fkesi var. Fakat bu s\u00fcre zarf\u0131nda h\u00fck\u00fcmet hi\u00e7bir \u015fekilde ate\u015fkeslere ara vermedi&#8221; diyen Demirta\u015f, d\u00fcn de Hakkari\u2019de yap\u0131lan operasyonlarda ter\u00f6r \u00f6rg\u00fct\u00fc PKK mensubu 9 ki\u015finin \u00f6ld\u00fcr\u00fcld\u00fc\u011f\u00fcn\u00fc s\u00f6yledi.<\/p>\n<p style=\"text-align: justify;\"><strong>&#8220;HERKES \u00d6NCE B\u0130R \u0130NSAN OLSUN&#8221;<\/strong><\/p>\n<p style=\"text-align: justify;\">H\u00fck\u00fcmetin &#8220;bar\u0131\u015f&#8221; s\u00f6yleminin &#8220;s\u00f6zde bar\u0131\u015f&#8221; oldu\u011funu ileri s\u00fcren Demirta\u015f, \u015f\u00f6yle dedi:<\/p>\n<p style=\"text-align: justify;\">&#8220;Ba\u015fbakan\u2019\u0131n, T\u00fcrkiye Cumhuriyeti H\u00fck\u00fcmeti\u2019nin bar\u0131\u015f konusunda samimiyeti varsa, bar\u0131\u015f\u0131 sa\u011flamak veya en az\u0131ndan \u00e7at\u0131\u015fmas\u0131zl\u0131\u011f\u0131 sa\u011flamak birka\u00e7 saatin i\u015fidir. Sadece birka\u00e7 saatte ger\u00e7ekle\u015fir. Ama devlet ve h\u00fck\u00fcmet s\u00fcrekli T\u00fcrkiye kamuoyunu yan\u0131lt\u0131yor, aldat\u0131yor. Sanki bu i\u015f \u00e7ok zormu\u015f gibi, ba\u015far\u0131lamazm\u0131\u015f gibi bir hava yarat\u0131yorlar. Sadece birka\u00e7 saatte \u00e7at\u0131\u015fmas\u0131zl\u0131k, ate\u015fkes ve bar\u0131\u015fa giden yollar sa\u011flanabilir. Ba\u015fbakan art\u0131k bu konuda m\u0131r\u0131ldanmay\u0131, karn\u0131ndan konu\u015fmay\u0131 b\u0131rakmal\u0131. 40 bin insan\u0131n \u00f6l\u00fcm\u00fcnden s\u00f6z ediyoruz. Bak\u0131n bayram arefesi Van\u2019da 9 K\u00fcrt gencini morga koyuyorsunuz. K\u00fcrtlere bayram\u0131 haram ediyorsunuz. Sonra da \u00e7\u0131k\u0131p efendim \u2019Gelsinler, teslim olsunlar\u2019 bilmem ne yaps\u0131nlar, deyip i\u015fin i\u00e7inden \u00e7\u0131kmaya \u00e7al\u0131\u015f\u0131yorsunuz. B\u00f6yle bir rezalet olabilir mi? B\u00f6yle bir bar\u0131\u015f anlay\u0131\u015f\u0131 olabilir mi? \u00c7\u00f6z\u00fcm anlay\u0131\u015f\u0131 olabilir mi? Daha birka\u00e7 g\u00fcn \u00f6nce Ba\u015fbakan burada, Van\u2019da efendim ac\u0131lardan, analar\u0131n g\u00f6zya\u015f\u0131ndan Diyarbak\u0131r cezaevinin ya\u015fatt\u0131\u011f\u0131 ac\u0131dan Musa Anter\u2019in ortaya \u00e7\u0131kard\u0131\u011f\u0131 ac\u0131dan falan s\u00f6z ediyor. Ba\u015fbakan daha Ankara\u2019ya yeti\u015fmeden 9 K\u00fcrt gencinin cenazesi Van\u2019da morga konuluyor, bayram\u0131n arefesinde bu nedenle ortada b\u00fcy\u00fck bir manip\u00fclasyon var.&#8221;<\/p>\n<p style=\"text-align: justify;\">Demirta\u015f, bar\u0131\u015f\u0131n sa\u011flanmas\u0131yla ilgili h\u00fck\u00fcmetin kafas\u0131nda bir proje varsa, bunu \u00e7ok daha fazla geciktirmemesi gerekti\u011fini belirtti.<\/p>\n<p style=\"text-align: justify;\">&#8220;Herkes \u00f6nce bir insan olsun. Say\u0131n Ba\u015fbakan \u00f6nce bir insan oldu\u011funu hat\u0131rlas\u0131n, ondan sonra etnik kimlikleri konu\u015fsun. \u00d6zg\u00fcrl\u00fckleri savunmak i\u00e7in K\u00fcrt olmak, T\u00fcrk olmak, Arap olmak; \u015fu, bu olmak gerekmiyor. Biz bug\u00fcne kadar K\u00fcrtl\u00fc\u011f\u00fcm\u00fczle b\u00fcy\u00fck mutluluklar duymad\u0131k, etnik kimli\u011fimizle utan\u00e7 da duymad\u0131k. Biz insan olmaya \u00e7al\u0131\u015f\u0131yoruz, insan\u0131z diyoruz, insan kimli\u011fimizi \u00f6ne \u00e7\u0131kar\u0131yoruz&#8221; diyen Demirta\u015f, Ba\u015fbakan\u2019\u0131n &#8220;\u0131rk\u00e7\u0131, milliyet\u00e7i&#8221; bir yakla\u015f\u0131ma sahip oldu\u011funu ileri s\u00fcrd\u00fc.<\/p>\n<p style=\"text-align: justify;\"><strong>HAKKAR\u0130\u2019DEK\u0130 \u00c7ATI\u015eMA<\/strong><\/p>\n<p style=\"text-align: justify;\">Demirta\u015f, Hakkari\u2019deki olaylar\u0131n detaylar\u0131n\u0131, bu operasyonlar\u0131n hangi zihniyetle, hangi ama\u00e7la ger\u00e7ekle\u015ftirildi\u011fini bilmediklerini belirterek, \u015f\u00f6yle dedi:<\/p>\n<p style=\"text-align: justify;\">&#8220;Kim ne dersin, \u2019Ate\u015fkes d\u00f6neminde eylem yapmayaca\u011f\u0131m\u2019 diye a\u00e7\u0131klama yapm\u0131\u015f bir \u00f6rg\u00fct\u00fcn silahl\u0131 da olsa, \u00fcyelerine kar\u015f\u0131 imha ama\u00e7l\u0131 operasyon d\u00fczenlemek provokasyondur. Bunun ter\u00f6rle m\u00fccadele ile alakas\u0131 yoktur. Orada bir katliam ya\u015fanm\u0131\u015ft\u0131r, bunu herkes b\u00f6yle bilsin. Ate\u015fkes d\u00f6nemlerinde ate\u015fkes ilan etmi\u015f \u00f6rg\u00fctlere kar\u015f\u0131, bu \u015fekilde davran\u0131lamaz. Bu uluslararas\u0131 hukukun ihlalidir. Vicdanlar\u0131n, ahlaki siyasetin, dibe vurdu\u011funun g\u00f6stergesidir.&#8221;<\/p>\n<p style=\"text-align: justify;\">Demirta\u015f, b\u00f6lgede 30 y\u0131ld\u0131r haddinden fazla kan akt\u0131\u011f\u0131n\u0131, \u00e7ok b\u00fcy\u00fck ac\u0131lar ya\u015fand\u0131\u011f\u0131n\u0131, s\u0131k\u0131nt\u0131lar\u0131n b\u00fct\u00fcn T\u00fcrkiye\u2019nin ya\u015fad\u0131\u011f\u0131n\u0131, ancak ate\u015fin d\u00fc\u015ft\u00fc\u011f\u00fc yerin G\u00fcneydo\u011fu oldu\u011funu belirtti.<\/p>\n<p style=\"text-align: justify;\">&#8220;40 bin insan\u0131n \u00f6l\u00fcm\u00fcnden s\u00f6z ediyorlar, bunlardan 35 bini K\u00fcrt gencidir. Bu topraklarda yas g\u00f6rmemi\u015f, \u00e7at\u0131\u015fmalarda, sava\u015fta, evlad\u0131n\u0131 kaybetmeyen aile kalmad\u0131. Biz halk\u0131m\u0131z\u0131n bayram\u0131n\u0131 co\u015fkuyla kutlayam\u0131yoruz. \u00c7\u00f6z\u00fcm bekliyor ve biz siyaset\u00e7iler de \u00e7\u00f6z\u00fcm aray\u0131\u015f\u0131 i\u00e7erisindeyiz, sava\u015f\u0131 durdurmaya \u00e7al\u0131\u015f\u0131yoruz. O insanlar\u0131 sa\u011f salim da\u011fdan indirmeye \u00e7al\u0131\u015f\u0131yoruz. Ama birileri \u0131srarla bu gen\u00e7leri \u00f6ld\u00fcrmeye \u00e7al\u0131\u015f\u0131yor. Dolay\u0131s\u0131yla bizim \u015fu andaki bar\u0131\u015f aray\u0131\u015flar\u0131m\u0131z\u0131 da ciddi anlamda sekteye u\u011fratan ve ate\u015fkes s\u00fcrecini de bize g\u00f6re \u00e7ok ciddi bir tehlikeye atm\u0131\u015f bir geli\u015fmedir&#8221; diyen Demirta\u015f, Ba\u015fbakan\u2019\u0131n acil bir \u015fekilde a\u00e7\u0131klama yapmas\u0131 gerekti\u011fini s\u00f6yledi.<\/p>\n<p style=\"text-align: justify;\">Gazetecilerin Hakkari ve \u015e\u0131rnak\u2019ta imamlar\u0131n \u00f6ld\u00fcr\u00fclmesi ile ilgili sorusunu yan\u0131tlayan Demirta\u015f, &#8220;Hakkari\u2019de de, \u015e\u0131rnak\u2019ta da, \u00f6ld\u00fcr\u00fclen imamlarla ilgili kim \u00f6ld\u00fcrm\u00fc\u015fse bilmiyorum. Kim \u00f6ld\u00fcrm\u00fc\u015fse a\u00e7\u0131k\u00e7a k\u0131n\u0131yorum. \u0130mamlara, sivillere y\u00f6nelik bu t\u00fcr sald\u0131r\u0131lar asla tasvip edebilece\u011fimiz \u015feyler de\u011fildir. Asla kabul edilmez, hangi ama\u00e7la yap\u0131lm\u0131\u015f olursa olsun. Sorumlular\u0131n\u0131n da a\u00e7\u0131\u011fa \u00e7\u0131kmas\u0131n\u0131 istiyoruz&#8221; dedi.(aa)<\/p>\n<p style=\"text-align: justify;\"><a href=\"http:\/\/www.radikal.com.tr\/Radikal.aspx?aType=RadikalDetay&amp;ArticleID=1017952&amp;Date=09.09.2010&amp;CategoryID=77\" target=\"_blank\"><span style=\"color: #888888;\">Radikal<\/span><\/a><\/p>\n","protected":false},"excerpt":{"rendered":"<p style=\"text-align: center;\">\n<p style=\"text-align: justify;\">Bar\u0131\u015f ve Demokrasi Partisi (BDP) Genel Ba\u015fkan\u0131 Selahattin Demirta\u015f, &#8220;Ba\u015fbakan&#8217;\u0131n, T\u00fcrkiye Cumhuriyeti H\u00fck\u00fcmeti&#8217;nin bar\u0131\u015f konusunda samimiyeti varsa, bar\u0131\u015f\u0131 sa\u011flamak veya en az\u0131ndan \u00e7at\u0131\u015fmas\u0131zl\u0131\u011f\u0131 sa\u011flamak birka\u00e7 saatin i\u015fidir&#8221; dedi. Demirta\u015f, Hakkari&#8217;de 9 PKK&#8217;l\u0131n\u0131n \u00f6ld\u00fcr\u00fclmesini de \u201cK\u00fcrtlere bayram\u0131 haram ettiniz\u201d diye yorumlad\u0131. <\/p>\n","protected":false},"author":1,"featured_media":0,"comment_status":"open","ping_status":"closed","sticky":false,"template":"","format":"standard","meta":{"footnotes":""},"categories":[105],"tags":[],"class_list":["post-25573","post","type-post","status-publish","format-standard","hentry","category-gundem","odd"],"_links":{"self":[{"href":"http:\/\/www.korhanyilmaz.com\/index.php?rest_route=\/wp\/v2\/posts\/25573","targetHints":{"allow":["GET"]}}],"collection":[{"href":"http:\/\/www.korhanyilmaz.com\/index.php?rest_route=\/wp\/v2\/posts"}],"about":[{"href":"http:\/\/www.korhanyilmaz.com\/index.php?rest_route=\/wp\/v2\/types\/post"}],"author":[{"embeddable":true,"href":"http:\/\/www.korhanyilmaz.com\/index.php?rest_route=\/wp\/v2\/users\/1"}],"replies":[{"embeddable":true,"href":"http:\/\/www.korhanyilmaz.com\/index.php?rest_route=%2Fwp%2Fv2%2Fcomments&post=25573"}],"version-history":[{"count":0,"href":"http:\/\/www.korhanyilmaz.com\/index.php?rest_route=\/wp\/v2\/posts\/25573\/revisions"}],"wp:attachment":[{"href":"http:\/\/www.korhanyilmaz.com\/index.php?rest_route=%2Fwp%2Fv2%2Fmedia&parent=25573"}],"wp:term":[{"taxonomy":"category","embeddable":true,"href":"http:\/\/www.korhanyilmaz.com\/index.php?rest_route=%2Fwp%2Fv2%2Fcategories&post=25573"},{"taxonomy":"post_tag","embeddable":true,"href":"http:\/\/www.korhanyilmaz.com\/index.php?rest_route=%2Fwp%2Fv2%2Ftags&post=25573"}],"curies":[{"name":"wp","href":"https:\/\/api.w.org\/{rel}","templated":true}]}}