{"id":25568,"date":"2010-09-08T08:31:56","date_gmt":"2010-09-08T05:31:56","guid":{"rendered":"http:\/\/www.korhanyilmaz.com\/?p=25568"},"modified":"2010-09-08T08:31:56","modified_gmt":"2010-09-08T05:31:56","slug":"hakkaride-dokuz-pkkli-olduruldu","status":"publish","type":"post","link":"http:\/\/www.korhanyilmaz.com\/?p=25568","title":{"rendered":"Hakk\u00e2ri&#8217;de dokuz PKK&#8217;l\u0131 \u00f6ld\u00fcr\u00fcld\u00fc"},"content":{"rendered":"<p style=\"text-align: center;\"><a href=\"http:\/\/www.korhanyilmaz.com\/wp-content\/uploads\/2010\/09\/136.jpeg\"  class=\"lightview\"><img loading=\"lazy\" decoding=\"async\" class=\"aligncenter size-full wp-image-25569\" src=\"http:\/\/www.korhanyilmaz.com\/wp-content\/uploads\/2010\/09\/136.jpeg\" alt=\"\" width=\"324\" height=\"215\" \/><\/a><\/p>\n<p style=\"text-align: justify;\">PKK ile g\u00fcvenlik g\u00fc\u00e7leri aras\u0131nda Hakk\u00e2ri&#8217;nin merkez il\u00e7esi da\u011fl\u0131k arazi kesiminde \u00e7\u0131kan \u00e7at\u0131\u015fmada dokuz PKK&#8217;l\u0131n\u0131n \u00f6ld\u00fcr\u00fcld\u00fc\u011f\u00fc a\u00e7\u0131kland\u0131. Genelkurmay \u015e\u0131rnak&#8217;ta ise 13 PKK&#8217;l\u0131n\u0131n teslim oldu\u011funu a\u00e7\u0131klad\u0131. <!--more--><\/p>\n<p style=\"text-align: justify;\">HAKK\u00c2R\u0130- PKK \u00fcyeleri taraf\u0131ndan \u00f6nceki g\u00fcn kent merkezine ba\u011fl\u0131 \u00c7alt\u0131kuru Jandarma Karakol Komutanl\u0131\u011f\u0131\u2019na yap\u0131lan roketatarl\u0131 sald\u0131r\u0131n\u0131n ard\u0131ndan b\u00f6lgede geni\u015f \u00e7apl\u0131 operasyon ba\u015flat\u0131ld\u0131.<\/p>\n<p style=\"text-align: justify;\">Operasyonlar kapsam\u0131nda arazi arama-tarama faaliyetini s\u00fcrd\u00fcren g\u00fcvenlik g\u00fc\u00e7leri, Aksu k\u00f6y\u00fc G\u00fcng\u00f6ren mevkisiinde bir grup ter\u00f6r \u00f6rg\u00fct\u00fc \u00fcyesi ile s\u0131cak temas sa\u011flad\u0131. \u00c7at\u0131\u015fmada, dokuz PKK\u2019l\u0131 \u00f6ld\u00fcr\u00fcld\u00fc.<\/p>\n<p style=\"text-align: justify;\">Hakk\u00e2ri Valisi Muammer T\u00fcrker ise b\u00f6lgedeki operasyonlar\u0131n hava destekli devam etti\u011fini belirterek, ter\u00f6ristlerce a\u00e7\u0131lan ilk ate\u015f sonucu hafif yaralanan bir uzman \u00e7avu\u015fun hastanede tedavisinin devam etti\u011fini bildirdi.<\/p>\n<p style=\"text-align: justify;\"><strong>13 PKK\u2019LI TESL\u0130M OLDU<\/strong><\/p>\n<p style=\"text-align: justify;\">\u00d6te yandan Genelkurmay \u015e\u0131rnak\u2019ta 13 ter\u00f6ristin teslim oldu\u011funu duyurdu. Genelkurmay internet sitesinde b\u00f6l\u00fcc\u00fc ter\u00f6r \u00f6rg\u00fct\u00fcn\u00fcn Irak\u2019\u0131n kuzeyindeki bar\u0131nma alanlar\u0131ndan ka\u00e7an 13 ter\u00f6ristin, \u00f6nceki g\u00fcn \u015e\u0131rnak\u2019\u0131n Silopi il\u00e7esinde teslim oldu\u011fu belirtildi.<\/p>\n<p style=\"text-align: justify;\"><a href=\"http:\/\/www.radikal.com.tr\/Radikal.aspx?aType=RadikalDetay&amp;ArticleID=1017900&amp;Date=09.09.2010&amp;CategoryID=77\" target=\"_blank\"><span style=\"color: #888888;\">Radikal<\/span><\/a><\/p>\n","protected":false},"excerpt":{"rendered":"<p style=\"text-align: center;\">\n<p style=\"text-align: justify;\">PKK ile g\u00fcvenlik g\u00fc\u00e7leri aras\u0131nda Hakk\u00e2ri&#8217;nin merkez il\u00e7esi da\u011fl\u0131k arazi kesiminde \u00e7\u0131kan \u00e7at\u0131\u015fmada dokuz PKK&#8217;l\u0131n\u0131n \u00f6ld\u00fcr\u00fcld\u00fc\u011f\u00fc a\u00e7\u0131kland\u0131. Genelkurmay \u015e\u0131rnak&#8217;ta ise 13 PKK&#8217;l\u0131n\u0131n teslim oldu\u011funu a\u00e7\u0131klad\u0131. <\/p>\n","protected":false},"author":1,"featured_media":0,"comment_status":"open","ping_status":"closed","sticky":false,"template":"","format":"standard","meta":{"footnotes":""},"categories":[105],"tags":[],"class_list":["post-25568","post","type-post","status-publish","format-standard","hentry","category-gundem","odd"],"_links":{"self":[{"href":"http:\/\/www.korhanyilmaz.com\/index.php?rest_route=\/wp\/v2\/posts\/25568","targetHints":{"allow":["GET"]}}],"collection":[{"href":"http:\/\/www.korhanyilmaz.com\/index.php?rest_route=\/wp\/v2\/posts"}],"about":[{"href":"http:\/\/www.korhanyilmaz.com\/index.php?rest_route=\/wp\/v2\/types\/post"}],"author":[{"embeddable":true,"href":"http:\/\/www.korhanyilmaz.com\/index.php?rest_route=\/wp\/v2\/users\/1"}],"replies":[{"embeddable":true,"href":"http:\/\/www.korhanyilmaz.com\/index.php?rest_route=%2Fwp%2Fv2%2Fcomments&post=25568"}],"version-history":[{"count":0,"href":"http:\/\/www.korhanyilmaz.com\/index.php?rest_route=\/wp\/v2\/posts\/25568\/revisions"}],"wp:attachment":[{"href":"http:\/\/www.korhanyilmaz.com\/index.php?rest_route=%2Fwp%2Fv2%2Fmedia&parent=25568"}],"wp:term":[{"taxonomy":"category","embeddable":true,"href":"http:\/\/www.korhanyilmaz.com\/index.php?rest_route=%2Fwp%2Fv2%2Fcategories&post=25568"},{"taxonomy":"post_tag","embeddable":true,"href":"http:\/\/www.korhanyilmaz.com\/index.php?rest_route=%2Fwp%2Fv2%2Ftags&post=25568"}],"curies":[{"name":"wp","href":"https:\/\/api.w.org\/{rel}","templated":true}]}}