{"id":25564,"date":"2010-09-08T16:30:27","date_gmt":"2010-09-08T13:30:27","guid":{"rendered":"http:\/\/www.korhanyilmaz.com\/?p=25564"},"modified":"2010-09-08T16:30:27","modified_gmt":"2010-09-08T13:30:27","slug":"dortyol-olaylari-ile-ilgili-ses-kaydi","status":"publish","type":"post","link":"http:\/\/www.korhanyilmaz.com\/?p=25564","title":{"rendered":"D\u00f6rtyol olaylar\u0131 ile ilgili ses kayd\u0131&#8230;"},"content":{"rendered":"<p style=\"text-align: center;\"><a href=\"http:\/\/www.korhanyilmaz.com\/wp-content\/uploads\/2010\/09\/135.jpg\"  class=\"lightview\"><img loading=\"lazy\" decoding=\"async\" class=\"aligncenter size-full wp-image-25565\" src=\"http:\/\/www.korhanyilmaz.com\/wp-content\/uploads\/2010\/09\/135.jpg\" alt=\"\" width=\"307\" height=\"236\" \/><\/a><\/p>\n<p style=\"text-align: justify;\">Hatay D\u00f6rtyol&#8217;da 4 polisin \u015fehit edilmesinin ard\u0131ndan \u00e7\u0131kan ve K\u00fcrtlere ait i\u015f yerlerinin yak\u0131lmas\u0131na kadar varan olaylarla ilgili ses kay\u0131tlar\u0131 ortaya \u00e7\u0131kt\u0131. Ses kay\u0131tlar\u0131nda \u00e7ok ciddi iddialar, su\u00e7lamalar var. \u00dclk\u00fc Ocaklar\u0131 yetkililerine ait oldu\u011fu \u00f6ne s\u00fcr\u00fclen konu\u015fmalarda, &#8220;\u0130\u015fyerlerine yap\u0131lan sald\u0131r\u0131larda \u00fclk\u00fcc\u00fclerin rol oynad\u0131\u011f\u0131&#8221; imas\u0131 var.<!--more--><\/p>\n<p style=\"text-align: justify;\">27 Temmuz&#8217;da T\u00fcrkiye&#8217;nin g\u00f6z\u00fc Hatay&#8217;\u0131n D\u00f6rtyol il\u00e7esindeydi. 4 polisin \u015fehit edilmesinin ard\u0131ndan bir s\u00f6ylenti ortal\u0131\u011f\u0131 kar\u0131\u015ft\u0131rd\u0131.<\/p>\n<p style=\"text-align: justify;\">Ter\u00f6ristlerin g\u00f6zalt\u0131na oldu\u011funu iddi eden bu grup emniyet binas\u0131n\u0131 basmak istedi.<\/p>\n<p style=\"text-align: justify;\">Jandarma ve polisin bu m\u00fcdahalesiyle da\u011f\u0131lan kalabal\u0131k, K\u00fcrt k\u00f6kenli baz\u0131 vatandaylar\u0131n i\u015flerlerini hedef ald\u0131. O binalar\u0131 yakt\u0131 y\u0131kt\u0131.<\/p>\n<p style=\"text-align: justify;\">Bu kalabal\u0131\u011f\u0131n nas\u0131l b\u00f6yle proveke edildi\u011fi halen soru\u015fturma konusu. Soru\u015fturma devam ederken, bir ses kayd\u0131, telefon g\u00f6r\u00fc\u015fmeleri ortaya \u00e7\u0131kt\u0131.<\/p>\n<p style=\"text-align: justify;\">G\u00f6r\u00fc\u015fmeleri yapan ki\u015filerden biri, Hatay \u00dclk\u00fc Ocaklar\u0131 Ba\u015fkan\u0131 L\u00fctf\u00fc Ka\u015f\u0131k\u00e7\u0131. Ka\u015f\u0131k\u00e7\u0131 g\u00f6r\u00fc\u015ft\u00fc\u011f\u00fc ki\u015fiye &#8220;ba\u015fkan\u0131m&#8221; diye hitap ediyor.<\/p>\n<p style=\"text-align: justify;\">\u0130kilinin aras\u0131nda ge\u00e7ti\u011fi \u00f6ne s\u00fcr\u00fclen g\u00f6r\u00fc\u015fmelerde kalabal\u0131\u011f\u0131n yeni sald\u0131r\u0131lar i\u00e7in y\u00f6nlendirildi\u011fi anla\u015f\u0131l\u0131yor.<\/p>\n<p style=\"text-align: justify;\">-Ba\u015fkan\u0131m meydanda 300-400 ki\u015fi var. Bir grup de\u011fil yani, iki \u00fc\u00e7 grup-var.<\/p>\n<p style=\"text-align: justify;\">-Ocaktay\u0131m Ba\u015fkan\u0131m. Yani \u015fimdi halk \u00f6yle ki, camdan \u00e7\u0131kay\u0131m, ba\u011f\u0131ray\u0131m, diyeyim ki &#8220;yeti\u015fin&#8221; b\u00fct\u00fcn millet bu tarafa d\u00f6necek. Haz\u0131r f\u0131rsat ele ge\u00e7mi\u015fken, birka\u00e7 yer yapal\u0131m. Y\u0131kal\u0131m yakal\u0131m.<\/p>\n<p style=\"text-align: justify;\">Ses kayd\u0131nda, L\u00fctfi Ka\u015f\u0131k\u00e7\u0131, K\u00fcrtlere ait ka\u00e7ak bir kahvehanenin y\u0131k\u0131lmas\u0131n\u0131 istiyor ve &#8220;bug\u00fcn y\u0131k\u0131lacak&#8221; diyor.<\/p>\n<p style=\"text-align: justify;\">Ka\u015f\u0131k\u00e7\u0131, reis dedi\u011fi ba\u015fka bir ki\u015fiyle de g\u00f6r\u00fc\u015f\u00fcyor.<\/p>\n<p style=\"text-align: justify;\">Ba\u015fbakan Recep Tayyip Erdo\u011fan NTV&#8217;ye verdi\u011fi r\u00f6portajda &#8220;derin devletten&#8221; bahsederken ortaya \u00e7\u0131kan bu ses kayd\u0131na de\u011findi, ama soru\u015fturma s\u00fcrd\u00fc\u011f\u00fc i\u00e7in \u00e7ok fazla a\u00e7\u0131klama yapmak isemedi\u011fini s\u00f6yledi.<\/p>\n<p style=\"text-align: justify;\">Hatay \u00dclk\u00fc Ocaklar\u0131 Ba\u015fkan\u0131 L\u00fctfi Ka\u015f\u0131k\u00e7\u0131 da CNN T\u00dcRK&#8217;e yapt\u0131\u011f\u0131 a\u00e7\u0131klamada telefon g\u00f6r\u00fc\u015fmelerindeki sesin kendisine ait oldu\u011funu do\u011frulad\u0131, ama kayd\u0131n bir haftal\u0131k telefon g\u00f6r\u00fc\u015fmelerinin montajlanarak olu\u015fturuldu\u011funu savundu.<\/p>\n<p style=\"text-align: justify;\"><a href=\"http:\/\/www.cnnturk.com\/2010\/turkiye\/09\/08\/dortyol.olaylari.ile.ilgili.ses.kaydi\/589163.0\/index.html\" target=\"_blank\"><span style=\"color: #888888;\">CNN T\u00dcRK<\/span><\/a><\/p>\n","protected":false},"excerpt":{"rendered":"<p style=\"text-align: center;\">\n<p style=\"text-align: justify;\">Hatay D\u00f6rtyol&#8217;da 4 polisin \u015fehit edilmesinin ard\u0131ndan \u00e7\u0131kan ve K\u00fcrtlere ait i\u015f yerlerinin yak\u0131lmas\u0131na kadar varan olaylarla ilgili ses kay\u0131tlar\u0131 ortaya \u00e7\u0131kt\u0131. Ses kay\u0131tlar\u0131nda \u00e7ok ciddi iddialar, su\u00e7lamalar var. \u00dclk\u00fc Ocaklar\u0131 yetkililerine ait oldu\u011fu \u00f6ne s\u00fcr\u00fclen konu\u015fmalarda, &#8220;\u0130\u015fyerlerine yap\u0131lan sald\u0131r\u0131larda \u00fclk\u00fcc\u00fclerin rol oynad\u0131\u011f\u0131&#8221; imas\u0131 var.<\/p>\n","protected":false},"author":1,"featured_media":0,"comment_status":"open","ping_status":"closed","sticky":false,"template":"","format":"standard","meta":{"footnotes":""},"categories":[105],"tags":[],"class_list":["post-25564","post","type-post","status-publish","format-standard","hentry","category-gundem","odd"],"_links":{"self":[{"href":"http:\/\/www.korhanyilmaz.com\/index.php?rest_route=\/wp\/v2\/posts\/25564","targetHints":{"allow":["GET"]}}],"collection":[{"href":"http:\/\/www.korhanyilmaz.com\/index.php?rest_route=\/wp\/v2\/posts"}],"about":[{"href":"http:\/\/www.korhanyilmaz.com\/index.php?rest_route=\/wp\/v2\/types\/post"}],"author":[{"embeddable":true,"href":"http:\/\/www.korhanyilmaz.com\/index.php?rest_route=\/wp\/v2\/users\/1"}],"replies":[{"embeddable":true,"href":"http:\/\/www.korhanyilmaz.com\/index.php?rest_route=%2Fwp%2Fv2%2Fcomments&post=25564"}],"version-history":[{"count":0,"href":"http:\/\/www.korhanyilmaz.com\/index.php?rest_route=\/wp\/v2\/posts\/25564\/revisions"}],"wp:attachment":[{"href":"http:\/\/www.korhanyilmaz.com\/index.php?rest_route=%2Fwp%2Fv2%2Fmedia&parent=25564"}],"wp:term":[{"taxonomy":"category","embeddable":true,"href":"http:\/\/www.korhanyilmaz.com\/index.php?rest_route=%2Fwp%2Fv2%2Fcategories&post=25564"},{"taxonomy":"post_tag","embeddable":true,"href":"http:\/\/www.korhanyilmaz.com\/index.php?rest_route=%2Fwp%2Fv2%2Ftags&post=25564"}],"curies":[{"name":"wp","href":"https:\/\/api.w.org\/{rel}","templated":true}]}}