{"id":25561,"date":"2010-09-08T20:47:02","date_gmt":"2010-09-08T17:47:02","guid":{"rendered":"http:\/\/www.korhanyilmaz.com\/?p=25561"},"modified":"2010-09-08T20:47:02","modified_gmt":"2010-09-08T17:47:02","slug":"basbakan-erdogan-alisveriste","status":"publish","type":"post","link":"http:\/\/www.korhanyilmaz.com\/?p=25561","title":{"rendered":"Ba\u015fbakan Erdo\u011fan al\u0131\u015fveri\u015fte&#8230;"},"content":{"rendered":"<p style=\"text-align: center;\"><a href=\"http:\/\/www.korhanyilmaz.com\/wp-content\/uploads\/2010\/09\/134.jpg\"  class=\"lightview\"><img loading=\"lazy\" decoding=\"async\" class=\"aligncenter size-full wp-image-25562\" src=\"http:\/\/www.korhanyilmaz.com\/wp-content\/uploads\/2010\/09\/134.jpg\" alt=\"\" width=\"307\" height=\"236\" \/><\/a><\/p>\n<p style=\"text-align: justify;\">Ba\u015fbakan Recep Tayyip Erdo\u011fan, Kas\u0131mpa\u015fa&#8217;da babas\u0131n\u0131n mezarl\u0131\u011f\u0131n\u0131 ziyaret ettikten sonra Dolmabah\u00e7e\u2019deki Ba\u015fbakanl\u0131k \u00c7al\u0131\u015fma Ofisi&#8217;ne ge\u00e7ti. Yakla\u015f\u0131k yar\u0131m saat i\u00e7eride kalan Erdo\u011fan, saat 18.00 s\u0131ralar\u0131nda K\u0131s\u0131kl\u0131\u2019daki evine geldi. Daha sonra markete giderek al\u0131\u015fveri\u015f yapan Ba\u015fbakan Erdo\u011fan, et fiyatlar\u0131n\u0131 y\u00fcksek buldu. <!--more--><\/p>\n<p style=\"text-align: justify;\">Erdo\u011fan bir s\u00fcre sonra sivil plakal\u0131 arac\u0131yla evden \u00e7\u0131kt\u0131.<\/p>\n<p style=\"text-align: justify;\">Ba\u015fbakan Erdo\u011fan, o\u011flu Bilal Erdo\u011fan ile birlikte mahallesindeki Meydan Market\u2019e girdi.<\/p>\n<p style=\"text-align: justify;\">Erdo\u011fan, yakla\u015f\u0131k yar\u0131m saat s\u00fcren al\u0131\u015fveri\u015fin ard\u0131ndan marketten ayr\u0131ld\u0131. Erdo\u011fan tekrar evine ge\u00e7ti.<\/p>\n<p style=\"text-align: justify;\">Marketin manav b\u00f6l\u00fcm\u00fcnden 2 kilo ye\u015fil elma, 2 kilo da armut alan Ba\u015fbakan Erdo\u011fan&#8217;\u0131n 18 lira \u00f6dedi\u011fi \u00f6\u011frenildi.<\/p>\n<p style=\"text-align: justify;\">Market sahibi Co\u015fkun \u00d6zkurt, &#8220;Armut verdik. Bir de bu ye\u015fil elmalardan verdik kendisine. 2\u2019\u015fer kilo. Kendisi istedi \u00f6zellikle. \u0130\u015flerden bahsettik. \u0130yi dedik&#8221; diye konu\u015ftu.<\/p>\n<p style=\"text-align: justify;\">\u00d6zkurt, Ba\u015fbakan\u2019\u0131n \u00f6zellikle ye\u015fil elmalar\u0131 sordu\u011funu s\u00f6yleyerek, &#8220;Biliyor demek ki ek\u015fi oldu\u011funu onlar\u0131 sordu ve onlardan ald\u0131. Ben se\u00e7tim. Ba\u015fka bir \u015fey almad\u0131 sadece dola\u015ft\u0131 bakt\u0131. Hay\u0131rl\u0131 i\u015fler dedi&#8221; \u015feklinde konu\u015ftu.<\/p>\n<p style=\"text-align: justify;\">\u00d6zkurt, Ba\u015fbakan Erdo\u011fan\u2019\u0131n et fiyatlar\u0131n\u0131 da sordu\u011funu kaydetti.<\/p>\n<p style=\"text-align: justify;\">\u00d6zkurt, &#8220;Et fiyatlar\u0131n\u0131 sordu, Biraz y\u00fcksek geldi et fiyatlar\u0131. K\u0131rm\u0131z\u0131 etin fiyat\u0131 biraz y\u00fcksek geldi. Alamad\u0131 tabii fiyat y\u00fcksek geldi. Y\u00fcksek fiyat oldu\u011fu i\u00e7in alamad\u0131. O\u011flu ise hi\u00e7bir \u015fey almad\u0131. 18 lira paras\u0131n\u0131 ald\u0131k Ba\u015fbakan&#8217;\u0131n. 2 liras\u0131n\u0131 da iade ettik\u201c dedi.<\/p>\n<p style=\"text-align: justify;\">\u00d6zkurt, Ba\u015fbakan\u2019\u0131n bug\u00fcne kadar kendisinden hi\u00e7 al\u0131\u015fveri\u015f yapmad\u0131\u011f\u0131n\u0131 s\u00f6yleyerek, \u201cKom\u015fumuz ama ilk defa g\u00f6rd\u00fck. Bayramla\u015ft\u0131k. \u0130yi bayramlar dedik. Buras\u0131 60 y\u0131ll\u0131k. Ben 30 seneden beri buraday\u0131m\u201c dedi.<\/p>\n<p style=\"text-align: justify;\">Meydan Market&#8217;in kasab\u0131 Ayhan Y\u0131ld\u0131r\u0131m ise Ba\u015fbakan ile et fiyatlar\u0131yla ilgili konu\u015ftuklar\u0131n\u0131 s\u00f6yledi.<\/p>\n<p style=\"text-align: justify;\">Y\u0131ld\u0131r\u0131m, \u201cKendisi de bana sordu fiyatlar\u0131. \u015eu anda y\u00fckseli\u015fte dedim et fiyatlar\u0131. Fiyatlar\u0131n inmedi\u011fini s\u00f6yledi kendisi de. &#8216;\u015eu etin fiyat\u0131 ne kadar&#8217; dedi. 31.5 TL dedim. Yan\u0131nda yard\u0131mc\u0131s\u0131 vard\u0131. &#8216;Kendisi baya y\u00fckselmi\u015f et fiyatlar\u0131 iki haftada&#8217; dedi. San\u0131r\u0131m \u015f\u00f6yle bir dola\u015fmaya geldi. Al\u0131c\u0131 olarak gelmedi ama normal \u015fartlarda ne kadar oldu\u011funu \u00f6\u011frenmek istedi fiyatlar\u0131n. Bana sordu ben de cevab\u0131n\u0131 verdim&#8221; diye konu\u015ftu.<\/p>\n<p style=\"text-align: justify;\"><a href=\"http:\/\/www.cnnturk.com\/2010\/turkiye\/09\/08\/basbakan.erdogan.alisveriste\/589180.0\/index.html\" target=\"_blank\"><span style=\"color: #888888;\">CNN T\u00dcRK<\/span><\/a><\/p>\n","protected":false},"excerpt":{"rendered":"<p style=\"text-align: center;\">\n<p style=\"text-align: justify;\">Ba\u015fbakan Recep Tayyip Erdo\u011fan, Kas\u0131mpa\u015fa&#8217;da babas\u0131n\u0131n mezarl\u0131\u011f\u0131n\u0131 ziyaret ettikten sonra Dolmabah\u00e7e\u2019deki Ba\u015fbakanl\u0131k \u00c7al\u0131\u015fma Ofisi&#8217;ne ge\u00e7ti. Yakla\u015f\u0131k yar\u0131m saat i\u00e7eride kalan Erdo\u011fan, saat 18.00 s\u0131ralar\u0131nda K\u0131s\u0131kl\u0131\u2019daki evine geldi. Daha sonra markete giderek al\u0131\u015fveri\u015f yapan Ba\u015fbakan Erdo\u011fan, et fiyatlar\u0131n\u0131 y\u00fcksek buldu. <\/p>\n","protected":false},"author":1,"featured_media":0,"comment_status":"open","ping_status":"closed","sticky":false,"template":"","format":"standard","meta":{"footnotes":""},"categories":[105],"tags":[],"class_list":["post-25561","post","type-post","status-publish","format-standard","hentry","category-gundem","odd"],"_links":{"self":[{"href":"http:\/\/www.korhanyilmaz.com\/index.php?rest_route=\/wp\/v2\/posts\/25561","targetHints":{"allow":["GET"]}}],"collection":[{"href":"http:\/\/www.korhanyilmaz.com\/index.php?rest_route=\/wp\/v2\/posts"}],"about":[{"href":"http:\/\/www.korhanyilmaz.com\/index.php?rest_route=\/wp\/v2\/types\/post"}],"author":[{"embeddable":true,"href":"http:\/\/www.korhanyilmaz.com\/index.php?rest_route=\/wp\/v2\/users\/1"}],"replies":[{"embeddable":true,"href":"http:\/\/www.korhanyilmaz.com\/index.php?rest_route=%2Fwp%2Fv2%2Fcomments&post=25561"}],"version-history":[{"count":0,"href":"http:\/\/www.korhanyilmaz.com\/index.php?rest_route=\/wp\/v2\/posts\/25561\/revisions"}],"wp:attachment":[{"href":"http:\/\/www.korhanyilmaz.com\/index.php?rest_route=%2Fwp%2Fv2%2Fmedia&parent=25561"}],"wp:term":[{"taxonomy":"category","embeddable":true,"href":"http:\/\/www.korhanyilmaz.com\/index.php?rest_route=%2Fwp%2Fv2%2Fcategories&post=25561"},{"taxonomy":"post_tag","embeddable":true,"href":"http:\/\/www.korhanyilmaz.com\/index.php?rest_route=%2Fwp%2Fv2%2Ftags&post=25561"}],"curies":[{"name":"wp","href":"https:\/\/api.w.org\/{rel}","templated":true}]}}