{"id":25551,"date":"2010-09-08T18:32:06","date_gmt":"2010-09-08T15:32:06","guid":{"rendered":"http:\/\/www.korhanyilmaz.com\/?p=25551"},"modified":"2010-09-08T18:32:06","modified_gmt":"2010-09-08T15:32:06","slug":"chpli-baskana-kesin-ihrac-istemi","status":"publish","type":"post","link":"http:\/\/www.korhanyilmaz.com\/?p=25551","title":{"rendered":"CHP&#8217;li Ba\u015fkana kesin ihra\u00e7 istemi"},"content":{"rendered":"<p><a href=\"http:\/\/www.korhanyilmaz.com\/wp-content\/uploads\/2010\/09\/132.jpg\"  class=\"lightview\"><img loading=\"lazy\" decoding=\"async\" class=\"aligncenter size-full wp-image-25554\" src=\"http:\/\/www.korhanyilmaz.com\/wp-content\/uploads\/2010\/09\/132.jpg\" alt=\"\" width=\"307\" height=\"236\" \/><\/a><\/p>\n<p style=\"text-align: justify;\">CHP  S\u00f6zc\u00fcs\u00fc ve Genel Ba\u015fkan Yard\u0131mc\u0131s\u0131 Hakk\u0131 Suha Okay, Avc\u0131lar Belediye Ba\u015fkan\u0131 Mustafa De\u011firmenci&#8217;nin kesin ihra\u00e7 istemiyle Disiplin Kurulu&#8217;na sevk edildi\u011fini bildirdi.<\/p>\n<p style=\"text-align: justify;\">CHP Merkez Y\u00f6netim Kurulu (MYK), Genel Ba\u015fkan Kemal K\u0131l\u0131\u00e7daro\u011flu ba\u015fkanl\u0131\u011f\u0131nda topland\u0131. <!--more--><\/p>\n<p style=\"text-align: justify;\">Genel Ba\u015fkan Yard\u0131mc\u0131s\u0131 Okay, toplant\u0131n\u0131n ard\u0131ndan yapt\u0131\u011f\u0131 a\u00e7\u0131klamada, toplant\u0131n\u0131n 13.00&#8217;te ba\u015flad\u0131\u011f\u0131n\u0131 15.30&#8217;da sona erdi\u011fini, MYK&#8217;da halk oylamas\u0131na ili\u015fkin genel de\u011ferlendirme ile 12 Eyl\u00fcl&#8217;de yap\u0131lacak referanduma ili\u015fkin \u00f6rg\u00fctlerin \u00e7al\u0131\u015fmas\u0131yla ilgili g\u00f6r\u00fc\u015f al\u0131\u015fveri\u015finde bulunuldu\u011funu s\u00f6yledi.<\/p>\n<p style=\"text-align: justify;\">Okay, referandum \u00e7al\u0131\u015fmalar\u0131 kapsam\u0131nda bug\u00fcne kadar 70 ilde miting yapt\u0131klar\u0131n\u0131, baz\u0131 illere ise iki kez gittiklerini, 181 il\u00e7ede 300 civar\u0131nda belde ile k\u00f6yde vatanda\u015flarla bulu\u015ftuklar\u0131n\u0131 s\u00f6yledi.<\/p>\n<p style=\"text-align: justify;\">Yar\u0131n CHP&#8217;nin kurulu\u015funun 87. y\u0131l d\u00f6n\u00fcm\u00fc oldu\u011funu an\u0131msatan Okay, &#8220;11.00&#8217;de Genel Ba\u015fkan\u0131m\u0131z \u00f6nderli\u011finde CHP&#8217;nin kurucu Genel Ba\u015fkan\u0131 Mustafa Kemal Atat\u00fcrk&#8217;\u00fcn mozolesi \u00f6n\u00fcnde sayg\u0131 duru\u015funda bulunup, ba\u011fl\u0131l\u0131\u011f\u0131m\u0131z\u0131 sunaca\u011f\u0131z&#8221; dedi.<\/p>\n<p style=\"text-align: justify;\">Okay, CHP Genel Ba\u015fkan\u0131 K\u0131l\u0131\u00e7daro\u011flu&#8217;nun yar\u0131ndan itibaren referandum \u00e7al\u0131\u015fmas\u0131n\u0131 \u0130stanbul&#8217;da s\u00fcrd\u00fcrece\u011fini, cumartesi g\u00fcn\u00fc saat 16.00&#8217;da Kartal mitingi ile referandum \u00e7al\u0131\u015fmalar\u0131n\u0131n tamamlanaca\u011f\u0131n\u0131 s\u00f6yledi.<\/p>\n<p style=\"text-align: justify;\">Okay, ilk kez bir referandum s\u00fcrecinin adeta se\u00e7im s\u00fcreci haline d\u00f6n\u00fc\u015ft\u00fc\u011f\u00fcn\u00fcn g\u00f6r\u00fcld\u00fc\u011f\u00fcn\u00fc, siyasal iktidar\u0131n bunu bir \u00f6l\u00fcm kal\u0131m m\u00fccadelesi haline \u00e7evirdi\u011fi, referandumda &#8220;hay\u0131r&#8221; \u00e7\u0131karsa, iktidar i\u00e7in sonun ba\u015flang\u0131c\u0131 olaca\u011f\u0131 endi\u015fesini ya\u015fad\u0131\u011f\u0131n\u0131 ileri s\u00fcrd\u00fc.<\/p>\n<p style=\"text-align: justify;\">\u0130ktidar\u0131n referandum s\u00fcrecinde devletin her t\u00fcrl\u00fc imkan\u0131n\u0131 kulland\u0131\u011f\u0131n\u0131 savunan Okay, \u015f\u00f6yle konu\u015ftu: &#8220;Bunu i\u015f adamlar\u0131na y\u00f6nelik &#8216;bitaraf olan bertaraf olur&#8217; s\u00fcrecinde ya\u015fad\u0131k. \u0130ktidar\u0131n bask\u0131s\u0131ndan medya da kurtulamad\u0131. Medya kurulu\u015flar\u0131n\u0131n y\u00fczde 90&#8217;\u0131 g\u00fcnde 2-3 saat \u00f6zel olarak iktidar\u0131n s\u00f6zc\u00fclerine tahsis edildi. Valiler, kaymakamlara da bu bask\u0131 yap\u0131ld\u0131. Valiler ve kaymakamlar, t\u0131pk\u0131 iktidar\u0131n il ve il\u00e7e ba\u015fkanlar\u0131 gibi bu referandumda aktif rol ald\u0131lar. Yard\u0131m da\u011f\u0131t\u0131lmas\u0131n\u0131n yan\u0131nda, &#8216;hay\u0131r&#8217;a ili\u015fkin afi\u015flerin toplat\u0131lmas\u0131nda bu g\u00f6r\u00fcld\u00fc.<\/p>\n<p style=\"text-align: justify;\">En sonunda \u0130\u00e7i\u015fleri Bakanl\u0131\u011f\u0131n\u0131n talimat\u0131yla vali ve kaymakamlar referandum s\u00fcrecinde da\u011f\u0131t\u0131lmayan se\u00e7men kartlar\u0131 ile sand\u0131klarda g\u00f6revli olanlar\u0131n telefon numaralar\u0131n\u0131 istedi. Bu referandumda vali ve kaymakamlar\u0131n\u0131n, bu sand\u0131klarda g\u00f6revli olanlar\u0131n telefon numaralar\u0131 ile ne ilgisi var, ni\u00e7in istiyorsun. Yaln\u0131z bu konuda YSK&#8217;n\u0131n telefon numaralar\u0131n\u0131n vali ve kaymakamlara verilmeyece\u011fi y\u00f6n\u00fcnde bir karar\u0131 oldu.&#8221;<\/p>\n<p style=\"text-align: justify;\"><strong>Bah\u00e7elievler&#8217;deki sald\u0131r\u0131 <\/strong><\/p>\n<p style=\"text-align: justify;\">Okay, referandum s\u00fcrecinde partilerine y\u00f6nelik fiili sald\u0131r\u0131lar ya\u015fand\u0131\u011f\u0131n\u0131 da ileri s\u00fcrerek, &#8220;Bah\u00e7elievler&#8217;de partili 3 kad\u0131n arkada\u015f\u0131m\u0131z\u0131 \u00e7ivili sopalarla d\u00f6vd\u00fcler. Kimi zaman &#8216;hay\u0131r&#8217; bro\u015f\u00fcrlerini da\u011f\u0131tan arkada\u015flar\u0131m\u0131z g\u00f6zalt\u0131na al\u0131nd\u0131. Kimi zaman &#8216;hay\u0131r&#8217; ti\u015f\u00f6rt\u00fc giyen gen\u00e7lerimiz g\u00f6zalt\u0131na al\u0131nd\u0131. T\u00fcm bunlar iktidar\u0131n bu referandumdan &#8216;hay\u0131r&#8217; \u00e7\u0131kmas\u0131 halindeki gelecek endi\u015fesinden kaynaklan\u0131yor, panik ve tela\u015f\u0131n\u0131 g\u00f6steriyor&#8221; dedi.<\/p>\n<p style=\"text-align: justify;\">CHP&#8217;nin halk oylamas\u0131nda sand\u0131k sonu\u00e7lar\u0131n\u0131 g\u00f6steren &#8220;tasdikli sand\u0131k kurulu tutanaklar\u0131n\u0131n siyasi parti temsilcilerine verilmesinin&#8221; karar alt\u0131na al\u0131nmas\u0131 iste\u011fiyle Y\u00fcksek Se\u00e7im Kuruluna (YSK) ba\u015fvurdu\u011fu bildiren Okay, YSK&#8217;dan ba\u015fvurunun g\u00f6z\u00f6n\u00fcne al\u0131nd\u0131\u011f\u0131na dair bir yaz\u0131n\u0131n kendilerine ula\u015ft\u0131\u011f\u0131n\u0131 s\u00f6yledi.<\/p>\n<p style=\"text-align: justify;\">Okay, YSK&#8217;n\u0131n temenniden ziyade, tutana\u011f\u0131n her siyasi parti m\u00fc\u015fahidine verilmesi y\u00f6n\u00fcnde derhal bir ilke karar\u0131 almas\u0131 gerekti\u011fini ifade ederek, &#8220;Bunun d\u00fc\u015f\u00fcn\u00fclm\u00fc\u015f olmas\u0131 dahi kafalarda referandum sonucuna ili\u015fkin \u00e7ok ciddi \u015f\u00fcpheler, \u015faibeler do\u011furmu\u015ftur&#8221; dedi.<\/p>\n<p style=\"text-align: justify;\"><strong>Avc\u0131lar Belediye Ba\u015fkan\u0131 <\/strong><\/p>\n<p style=\"text-align: justify;\">Okay, MYK&#8217;da ayr\u0131ca \u0130stanbul Avc\u0131lar Belediye Ba\u015fkan\u0131 Mustafa De\u011firmenci ile ilgili incelemenin tamamland\u0131\u011f\u0131n\u0131 s\u00f6yledi.<\/p>\n<p style=\"text-align: justify;\">Okay, &#8220;De\u011firmenci, t\u00fcz\u00fc\u011f\u00fcm\u00fcz\u00fcn 68. maddesinin B ve F bendi, 70. maddesinin b\u00fcy\u00fck A, B bendi uyar\u0131nca \u00f6nlemli olarak kesin ihra\u00e7 istemiyle disiplin kuruluna sevk edilmi\u015ftir&#8221; dedi.<\/p>\n<p style=\"text-align: justify;\">A\u00e7\u0131klamalar\u0131n\u0131n ard\u0131ndan sorular\u0131 da yan\u0131tlayan Okay, &#8220;De\u011firmenci taraf\u0131ndan yapt\u0131r\u0131ld\u0131\u011f\u0131 iddia edilen afi\u015flerin, \u0130stanbul \u0130l Ba\u015fkan\u0131 Berhan \u015eim\u015fek&#8217;in bilgisi do\u011frultusunda haz\u0131rland\u0131\u011f\u0131n\u0131n s\u00f6ylendi\u011fi&#8221; \u015feklindeki bir soruya, \u015fu yan\u0131t\u0131 verdi:<\/p>\n<p style=\"text-align: justify;\">&#8220;Bize gelen bu konuda Avc\u0131lar \u0130l\u00e7e \u00f6rg\u00fct\u00fcn\u00fcn su\u00e7 duyurusu ve su\u00e7 duyurusu sonras\u0131nda al\u0131nan ifadeleri de\u011ferlendirdik, \u015fu a\u015famada Say\u0131n De\u011firmenci ile ilgili bir de\u011ferlendirmede bulunulmu\u015ftur. \u0130l Ba\u015fkan\u0131m\u0131zla ilgili Say\u0131n De\u011firmenci&#8217;nin bas\u0131na yapt\u0131\u011f\u0131 a\u00e7\u0131klaman\u0131n d\u0131\u015f\u0131nda hi\u00e7 bir iddia ve isnat yoktur. Kald\u0131 ki Avc\u0131lar il\u00e7e \u00f6rg\u00fct\u00fcn\u00fcn haz\u0131rlad\u0131\u011f\u0131 bro\u015f\u00fcrler elimizdedir ve bunu do\u011frudan do\u011fruya belediye ba\u015fkan\u0131n\u0131 bireysel inisiyatifi oldu\u011fu y\u00f6n\u00fcnde bize gelen evraklar i\u00e7erisinde de bilgiler bulunmaktad\u0131r.<\/p>\n<p style=\"text-align: justify;\">Kald\u0131 ki \u0130stanbul \u0130l Ba\u015fkan\u0131 da bu konuda kendisi ile ilgili hi\u00e7 bir ilgisi olmad\u0131\u011f\u0131n\u0131 net olarak ifade etmi\u015ftir. Buna ili\u015fkin hi\u00e7 bir somut delil bulunmam\u0131\u015ft\u0131r. CHP&#8217;nin bu s\u00fcre\u00e7te kulland\u0131\u011f\u0131 s\u00f6ylem, afi\u015f ve ilanlardaki \u00fcslubu belli. &#8216;T\u00fcrban sorununu biz \u00e7\u00f6zeriz&#8217; s\u00f6ylemini genel ba\u015fkan\u0131m\u0131z s\u00f6ylerken, bu konuda CHP&#8217;nin \u00fcslubu ile ba\u011fda\u015fmayan bir afi\u015fin haz\u0131rlanmas\u0131 bana g\u00f6re partideki sorumluluk ve g\u00f6rev anlay\u0131\u015f\u0131 ile ba\u011fda\u015fmayan bir durumdur.&#8221;<\/p>\n<p style=\"text-align: justify;\"><strong>Diyarbak\u0131r&#8217;daki afi\u015f<\/strong><\/p>\n<p style=\"text-align: justify;\">Okay, ayn\u0131 afi\u015flerin &#8220;Diyarbak\u0131r&#8217;da da g\u00f6r\u00fcld\u00fc\u011f\u00fcn\u00fcn&#8221; hat\u0131rlat\u0131lmas\u0131 \u00fczerine de, \u015funlar\u0131 kaydetti: &#8220;Asl\u0131nda bilgi sahibi olmas\u0131 gereken H\u00fck\u00fcmet. Say\u0131n \u0130\u00e7i\u015fleri Bakan\u0131, Avc\u0131lar&#8217;da as\u0131lan afi\u015fle ilgili en ufak ayr\u0131nt\u0131ya kadar a\u00e7\u0131klamada bulundu. Ayn\u0131 afi\u015f her nas\u0131lsa Diyarbak\u0131r&#8217;da AKP&#8217;nin yapaca\u011f\u0131 miting \u00f6ncesi k\u0131sa bir s\u00fcre as\u0131l\u0131yor ve indiriliyor. Provokasyon oldu\u011fu \u00e7ok a\u00e7\u0131k ve net.<\/p>\n<p style=\"text-align: justify;\">Diyarbak\u0131r \u0130l Ba\u015fkan\u0131m\u0131z hi\u00e7 bir bilboard\u0131 kiralamad\u0131klar\u0131n\u0131, ayr\u0131ca &#8216;afi\u015fin kendileriyle hi\u00e7 bir ili\u015fkisi olmad\u0131\u011f\u0131n\u0131, orada bulunan Mobese kameralar\u0131ndan da afi\u015fin kimler taraf\u0131ndan, AKP&#8217;ye tahsis edilmi\u015f olan bilboarda as\u0131lm\u0131\u015f olabilece\u011finin tespit edilebilece\u011fini&#8217;, hem yaz\u0131l\u0131 olarak hem de televizyonda ifade etti ama bu konuda her nedense her \u015feyi g\u00f6ren, her \u015feyi dinleyen ortam\u0131 bilen, Mobese kameralar\u0131 elinde olan \u0130\u00e7i\u015fleri Bakan\u0131 i\u015fin hi\u00e7 o taraf\u0131na dokunmuyor. Sadece Avc\u0131larda tak\u0131l\u0131 kal\u0131yor, \u00e7\u00fcnk\u00fc e\u011fer Diyarbak\u0131r&#8217;daki Mobese kameralar\u0131n\u0131 incelerse bilesiniz ki i\u015fin i\u00e7erisinden kendisi \u00e7\u0131kacakt\u0131r. \u00c7\u00fcnk\u00fc enteresand\u0131r Diyarbak\u0131r mitinginde Ba\u015fbakan, &#8216;Diyarbak\u0131r&#8217;daki afi\u015fi g\u00f6rd\u00fcn m\u00fc Be\u015fir?&#8217; diyor, O da &#8216;evet&#8217; diyor. \u0130kisinden ba\u015fka onu bilen yok.&#8221;<\/p>\n<p style=\"text-align: justify;\">Okay, &#8220;villa tart\u0131\u015fmalar\u0131na&#8221; ili\u015fkin bir soruya da, &#8220;Say\u0131n Ba\u015fbakan, Genel Ba\u015fkan\u0131m\u0131z\u0131n alt\u0131ndan musluklar\u0131 bulundu\u011funu s\u00f6yledi\u011fi villas\u0131n\u0131n 7 milyon dolar de\u011fil, 3,5 milyon dolar oldu\u011funu s\u00f6yl\u00fcyor. Say\u0131n Ba\u015fbakan\u0131n \u00e7o\u011fu vatanda\u015f\u0131n asgari \u00fccretle ya\u015fam s\u0131k\u0131nt\u0131s\u0131 \u00e7ekerken 3,5 milyon dolar\u0131 k\u00fc\u00e7\u00fcmseyerek ifade etmesi \u015fa\u015f\u0131rt\u0131c\u0131d\u0131r. Musluklar\u0131 alt\u0131n veya de\u011fil, sonu\u00e7ta o villa 3,5 milyon dolar ediyor mu etmiyor mu? Kendi dilinle bir itiraf\u0131n var. 3,5 milyon dolar da iyi para, T\u00fcrkiye i\u00e7in \u00e7ok iyi para&#8221; diye konu\u015ftu.<\/p>\n<p style=\"text-align: justify;\"><a href=\"http:\/\/www.cnnturk.com\/2010\/turkiye\/09\/08\/chpli.baskana.kesin.ihrac.istemi\/589166.0\/index.html\" target=\"_blank\"><span style=\"color: #888888;\">CNN T\u00dcRK<\/span><\/a><\/p>\n","protected":false},"excerpt":{"rendered":"<\/p>\n<p style=\"text-align: justify;\">CHP S\u00f6zc\u00fcs\u00fc ve Genel Ba\u015fkan Yard\u0131mc\u0131s\u0131 Hakk\u0131 Suha Okay, Avc\u0131lar Belediye Ba\u015fkan\u0131 Mustafa De\u011firmenci&#8217;nin kesin ihra\u00e7 istemiyle Disiplin Kurulu&#8217;na sevk edildi\u011fini bildirdi.<\/p>\n<p style=\"text-align: justify;\">CHP Merkez Y\u00f6netim Kurulu (MYK), Genel Ba\u015fkan Kemal K\u0131l\u0131\u00e7daro\u011flu ba\u015fkanl\u0131\u011f\u0131nda topland\u0131. <\/p>\n","protected":false},"author":1,"featured_media":0,"comment_status":"open","ping_status":"closed","sticky":false,"template":"","format":"standard","meta":{"footnotes":""},"categories":[105],"tags":[],"class_list":["post-25551","post","type-post","status-publish","format-standard","hentry","category-gundem","odd"],"_links":{"self":[{"href":"http:\/\/www.korhanyilmaz.com\/index.php?rest_route=\/wp\/v2\/posts\/25551","targetHints":{"allow":["GET"]}}],"collection":[{"href":"http:\/\/www.korhanyilmaz.com\/index.php?rest_route=\/wp\/v2\/posts"}],"about":[{"href":"http:\/\/www.korhanyilmaz.com\/index.php?rest_route=\/wp\/v2\/types\/post"}],"author":[{"embeddable":true,"href":"http:\/\/www.korhanyilmaz.com\/index.php?rest_route=\/wp\/v2\/users\/1"}],"replies":[{"embeddable":true,"href":"http:\/\/www.korhanyilmaz.com\/index.php?rest_route=%2Fwp%2Fv2%2Fcomments&post=25551"}],"version-history":[{"count":0,"href":"http:\/\/www.korhanyilmaz.com\/index.php?rest_route=\/wp\/v2\/posts\/25551\/revisions"}],"wp:attachment":[{"href":"http:\/\/www.korhanyilmaz.com\/index.php?rest_route=%2Fwp%2Fv2%2Fmedia&parent=25551"}],"wp:term":[{"taxonomy":"category","embeddable":true,"href":"http:\/\/www.korhanyilmaz.com\/index.php?rest_route=%2Fwp%2Fv2%2Fcategories&post=25551"},{"taxonomy":"post_tag","embeddable":true,"href":"http:\/\/www.korhanyilmaz.com\/index.php?rest_route=%2Fwp%2Fv2%2Ftags&post=25551"}],"curies":[{"name":"wp","href":"https:\/\/api.w.org\/{rel}","templated":true}]}}