{"id":25544,"date":"2010-09-08T17:40:34","date_gmt":"2010-09-08T14:40:34","guid":{"rendered":"http:\/\/www.korhanyilmaz.com\/?p=25544"},"modified":"2010-09-08T17:40:34","modified_gmt":"2010-09-08T14:40:34","slug":"bahceliden-hak-ise-konsomatris-tepkisi","status":"publish","type":"post","link":"http:\/\/www.korhanyilmaz.com\/?p=25544","title":{"rendered":"Bah\u00e7eli&#8217;den Hak-\u0130\u015f&#8217;e &#8220;konsomatris&#8221; tepkisi"},"content":{"rendered":"<p style=\"text-align: center;\"><a href=\"http:\/\/www.korhanyilmaz.com\/wp-content\/uploads\/2010\/09\/131.jpg\"  class=\"lightview\"><img loading=\"lazy\" decoding=\"async\" class=\"aligncenter size-full wp-image-25552\" src=\"http:\/\/www.korhanyilmaz.com\/wp-content\/uploads\/2010\/09\/131.jpg\" alt=\"\" width=\"307\" height=\"236\" \/><\/a><\/p>\n<p style=\"text-align: justify;\">&#8220;B\u00f6ld\u00fcrmemek i\u00e7in her t\u00fcrl\u00fc fedakarl\u0131\u011f\u0131 yapar\u0131z.&#8221; MHP Genel Ba\u015fkan\u0131 Devlet Bah\u00e7eli, referandumdan evet \u00e7\u0131kmas\u0131 halinde T\u00fcrkiye&#8217;nin b\u00f6l\u00fcnmeye gidece\u011fini s\u00f6yledi, &#8220;m\u00fcsade etmeyiz&#8221; dedi. Referandum  mitingilerine Trabzon&#8217;da devam eden Bah\u00e7eli&#8217;nin ele\u015ftirilerinden, sivil toplum kurulu\u015flar\u0131na &#8220;konsomatris&#8221; benzetmesi yapan Hak-\u0130\u015f Ba\u015fkan\u0131 Salim Uslu da nasibini ald\u0131.<!--more--><\/p>\n<p style=\"text-align: justify;\">Devlet Bah\u00e7eli, partisinin Trabzon Atat\u00fcrk  Alan\u0131&#8217;nda d\u00fczenledi\u011fi mitingde yapt\u0131\u011f\u0131 konu\u015fmada, 12 Eyl\u00fclde anayasa de\u011fi\u015fikli\u011fine ili\u015fkin halk oylamas\u0131na ili\u015fkin de\u011ferlendirmelerde bulundu.<\/p>\n<p style=\"text-align: justify;\">&#8220;\u00d6ncelikle siz de\u011ferli Trabzonlulardan iste\u011fim odur ki bu halk oylamas\u0131n\u0131 \u00f6nemsemeliyiz, milletimizin ve sizlerin gelece\u011fi i\u00e7in \u00f6nemli bir d\u00f6n\u00fcm noktas\u0131 oldu\u011funun \u015fuurunda olmal\u0131y\u0131z ve bu \u015fuurla hareket ederek 12 Eyl\u00fcl 2010 Pazar g\u00fcn\u00fc \u00e7ok \u00f6zel engeller yoksa mutlaka sand\u0131\u011fa giderek tercihiniz ne ise o tercih do\u011frultusunda oylar\u0131n\u0131z\u0131 kullanmal\u0131s\u0131n\u0131z. \u00c7\u00fcnk\u00fc bu \u00fclke sizindir, karar sizindir&#8221; diyen Bah\u00e7eli, &#8220;B\u00f6yle bir d\u00f6n\u00fcm noktas\u0131nda tercihiniz net olarak ifade edilir ve sa\u011fl\u0131kl\u0131 bir halk oylamas\u0131 yap\u0131l\u0131rsa elde edilen sonu\u00e7 me\u015fruiyet i\u00e7erisinde kal\u0131r ve her t\u00fcrl\u00fc tart\u0131\u015fmadan uzak tutulur. B\u00f6ylelikle demokratik bir hakk\u0131 anayasada yer alm\u0131\u015f olan demokratik bir kurum arac\u0131l\u0131\u011f\u0131yla kullanm\u0131\u015f olursunuz&#8221; \u015feklinde konu\u015ftu.<\/p>\n<p style=\"text-align: justify;\">Sand\u0131\u011fa giderek tercihini belirleyen vatanda\u015flar\u0131n, mutlaka oylar\u0131na da sahip \u00e7\u0131kmalar\u0131 gerekti\u011fini ifade eden Bah\u00e7eli, \u015f\u00f6yle devam etti: &#8220;Onun \u00fczerinde oynanabilecek her t\u00fcrl\u00fc hileyi, fesad\u0131, yanl\u0131\u015f\u0131 d\u00fczeltmek sizlerin elinizdedir. Onun i\u00e7in b\u00fct\u00fcn sand\u0131k kurulunda temsilci, \u00fcye bulundurma yetkisine sahip b\u00fct\u00fcn siyasi partilerimizin g\u00f6revli elemanlar\u0131 mutlaka sand\u0131k ba\u015f\u0131nda bulunmal\u0131, oy verme ba\u015flamas\u0131ndan sonuna kadar g\u00f6revinden hi\u00e7bir \u015fekilde ayr\u0131lmamal\u0131, say\u0131mlar\u0131n d\u00fcr\u00fcst\u00e7e yap\u0131labilmesine katk\u0131 sa\u011flamal\u0131, hem kendisinin hem de bu milletin iradesine sahip \u00e7\u0131kmay\u0131 bir milli g\u00f6rev ve sorumluluk kabul etmelidir.<\/p>\n<p style=\"text-align: justify;\">Bu anlay\u0131\u015fla Milliyet\u00e7i Hareket Partisi&#8217;nin sand\u0131kta g\u00f6revli olan de\u011ferli arkada\u015flar\u0131ma buradan bir kez daha sesleniyorum, sand\u0131\u011fa gidiniz, oylar\u0131n\u0131z\u0131 veriniz, g\u00f6revinizin ba\u015f\u0131ndan bitimine kadar kalman\u0131n azim ve kararl\u0131l\u0131\u011f\u0131n\u0131 ortaya koyunuz. Sand\u0131\u011f\u0131 her t\u00fcrl\u00fc hileden uzak tutabilecek, millet iradesinin b\u00fct\u00fcn\u00fcyle net bir \u015fekilde sonu\u00e7lanmas\u0131na katk\u0131 sa\u011flayacak g\u00f6revinizi yerine getiriniz, hi\u00e7bir \u015fart alt\u0131nda ihmalde bulunmay\u0131n\u0131z.&#8221;<\/p>\n<p style=\"text-align: justify;\"><strong>&#8220;Referandum bir demokratik hakt\u0131r&#8221;<\/strong><\/p>\n<p style=\"text-align: justify;\">Bah\u00e7eli, halk oylamas\u0131n\u0131n ni\u00e7in yap\u0131ld\u0131\u011f\u0131n\u0131n, buna nereden ihtiya\u00e7 duyuldu\u011funun, b\u00f6yle bir demokratik hakk\u0131n bug\u00fcn kullan\u0131lmas\u0131n\u0131n gere\u011finin ne oldu\u011funun \u00e7ok y\u00f6nl\u00fc ara\u015ft\u0131r\u0131lmas\u0131 ve incelenmesi gerekti\u011fini vurgulayarak, \u015funlar\u0131 kaydetti:<\/p>\n<p style=\"text-align: justify;\">&#8220;Halk oylamas\u0131 s\u00fcrecinde herkesi dinlemeliyiz, ancak akl\u0131m\u0131z\u0131n s\u00fczgecinden, vicdan\u0131m\u0131z\u0131n sesini de dinleyerek tercihlerimizi ortaya koymal\u0131y\u0131z. Halk oylamas\u0131 veya referandum bir demokratik hakt\u0131r ve anayasada yeri bulunan bir kurumdur. Bir \u00fclkenin veya bir toplumun herhangi bir milli konusunda veya sosyal, siyasi ihtiyac\u0131nda millete ba\u015fvurmay\u0131 gerekli g\u00f6rd\u00fc\u011f\u00fcm\u00fcz an bu anayasal kurum devreye girer ve her insan\u0131m\u0131z buradaki tercihini belirlemek i\u00e7in var olan demokratik hakk\u0131n\u0131 de\u011ferlendirebilir. \u0130\u015fte b\u00f6yle bir hakk\u0131 kullan\u0131yorsunuz. Bunun ne oldu\u011funu, ne gibi siyasal, sosyal sonu\u00e7lar do\u011furabilece\u011fini \u00e7ok iyi d\u00fc\u015f\u00fcnmeliyiz.&#8221;<\/p>\n<p style=\"text-align: justify;\">Miting alan\u0131n\u0131 dolduranlara &#8220;Burada size hitap ederken T\u00fcrk siyasi hayat\u0131mda var olan, 40 y\u0131l\u0131 a\u015fk\u0131n bir s\u00fcredir k\u00f6kl\u00fc ve gelenekli bir siyasi kurum olan Milliyet\u00e7i Hareket Partisi&#8217;nin Genel Ba\u015fkan\u0131 olarak sesleniyorum, ama \u00f6te yandan da bu milletin bir evlad\u0131 olarak sizlerle samimi, d\u00fcr\u00fcst ve a\u00e7\u0131k bir \u015fekilde konu\u015fmak istiyorum&#8221; diye seslenen Bah\u00e7eli, s\u00f6zlerini \u015f\u00f6yle s\u00fcrd\u00fcrd\u00fc:<\/p>\n<p style=\"text-align: justify;\">&#8220;\u015eu an Trabzon&#8217;da var olan siyasi partilerimizi ziyaret etmi\u015f olsan\u0131z, onlar\u0131n de\u011ferli y\u00f6neticileriyle sohbet etseniz ve bu sohbetiniz s\u0131ras\u0131nda, &#8216;de\u011ferli y\u00f6netici arkada\u015flar\u0131m\u0131z T\u00fcrkiye&#8217;de bir anayasa de\u011fi\u015fikli\u011fi s\u00f6z konusu olmakta, zaman zaman da tart\u0131\u015f\u0131lmakta, sizin partinizin bu konuda g\u00f6r\u00fc\u015f\u00fc nedir, beni ayd\u0131nlatabilir misiniz&#8217; diye bir soru y\u00f6neltseniz, o de\u011ferli y\u00f6neticinin verece\u011fi ilk cevap, &#8216;Biz parti olarak ara rejim sonralar\u0131 olu\u015fmu\u015f olan anayasalara kar\u015f\u0131y\u0131z ve sivil bir anayasan\u0131n olu\u015fmas\u0131 inanc\u0131nday\u0131z. Bunu ba\u015farabilirsek yeniden anayasay\u0131 yazmay\u0131 d\u00fc\u015f\u00fcn\u00fcyoruz, ama bunu ba\u015farma imkan\u0131m\u0131z bug\u00fcn i\u00e7in k\u0131s\u0131tl\u0131ysa anayasan\u0131n \u00f6nemli maddelerinde de\u011fi\u015fiklikleri d\u00fc\u015f\u00fcnmekteyiz&#8217; olacakt\u0131r.<\/p>\n<p style=\"text-align: justify;\">Bununla yetinmediniz, siyasi partilerin internet sayfas\u0131na giriniz, o internet sayfas\u0131nda se\u00e7im beyannamelerini, parti programlar\u0131n\u0131 inceleyiniz ve benzer bir g\u00f6r\u00fc\u015f\u00fc orada da bulaca\u011f\u0131n\u0131zdan emin olunuz. \u00c7\u00fcnk\u00fc var olan b\u00fct\u00fcn siyasi partilerimiz T\u00fcrkiye&#8217;de bir anayasa de\u011fi\u015fikli\u011fini benimsiyor ve bu g\u00f6r\u00fc\u015f\u00fcn\u00fc parti g\u00f6r\u00fc\u015f\u00fc haline d\u00f6n\u00fc\u015ft\u00fcrerek, milletimize hizmet edebilmenin yolunu aramaktad\u0131r.&#8221;<\/p>\n<p style=\"text-align: justify;\">Bah\u00e7eli, 2007 y\u0131l\u0131 sonras\u0131 7 bilimadam\u0131yla olu\u015fturulan bir bilim kurulunun yeni bir anayasan\u0131n yaz\u0131m\u0131yla g\u00f6revlendirildi\u011fini belirterek, \u015f\u00f6yle devam etti:<\/p>\n<p style=\"text-align: justify;\">&#8220;Bu 7 bilimadam\u0131n\u0131n uzun \u00e7al\u0131\u015fmalar\u0131, sonras\u0131 Sapanca&#8217;da bulunan bir motelde AKP y\u00f6netimine sunulmu\u015f ve b\u00f6ylelikle bir anayasa de\u011fi\u015fikli\u011fi T\u00fcrkiye&#8217;nin g\u00fcndemine ta\u015f\u0131nm\u0131\u015f, ancak o g\u00fcnden bu g\u00fcne kadar bu bilim adamlar\u0131n\u0131n haz\u0131rlam\u0131\u015f oldu\u011fu anayasa metni tasla\u011f\u0131 \u00fczerinde herhangi bir uzla\u015fma zemini aranmam\u0131\u015f, tart\u0131\u015fma birden durdurulmu\u015f ve \u00f6telenmi\u015f, belli bir s\u00fcre ge\u00e7tikten sonra bu taslakla ba\u011fda\u015fmayan ufak tefek benzerlikler i\u00e7eren ama AKP y\u00f6netimi taraf\u0131ndan aniden TBMM&#8217;ne sunulan ba\u015flang\u0131\u00e7ta 29 maddeyle yeni bir anayasa de\u011fi\u015fikli\u011fi yani 1982 Anayasas\u0131 \u00fczerinde 17. de\u011fi\u015fikli\u011fi yapmak \u00fczere bir paket sunulmu\u015ftur. Bu Anayasa Komisyonu&#8217;na gelmi\u015ftir, oradan h\u0131zl\u0131 ge\u00e7mi\u015f Genel Kurula sunulmu\u015ftur mart ay\u0131 i\u00e7erisinde.&#8221;<\/p>\n<p style=\"text-align: justify;\">Bu anayasan\u0131n de\u011fi\u015fikli\u011fi kapsam\u0131 hakk\u0131nda ba\u015fta AK Parti milletvekillerinin dahi bilgi sahibi oldu\u011fu kanaatini ta\u015f\u0131mad\u0131\u011f\u0131n\u0131 \u00f6ne s\u00fcren Bah\u00e7eli, \u015fu g\u00f6r\u00fc\u015flere yer verdi: &#8220;Bir avu\u00e7 parti y\u00f6neticisi, Say\u0131n Ba\u015fbakan ve bir k\u0131s\u0131m dan\u0131\u015fma heyetiyle b\u00f6yle bir de\u011fi\u015fiklik aniden Meclis g\u00fcndemine getirilmi\u015f, hi\u00e7bir \u015fekilde diyalog kurma, uzla\u015fma arama hi\u00e7 yap\u0131lmam\u0131\u015f, siyasi partilerin varl\u0131\u011f\u0131 kabul edilmemi\u015f, onlar hi\u00e7 dikkate al\u0131nmayarak Say\u0131n Recep Tayyip Erdo\u011fan Bey&#8217;in dayatmas\u0131yla, \u015fiddetli iste\u011fiyle bir anayasa de\u011fi\u015fikli\u011fiyle T\u00fcrkiye muhatap k\u0131l\u0131nm\u0131\u015ft\u0131r. \u015eimdi bu ger\u00e7ek \u00fczerinde durdu\u011fumuz vakit, bu anayasaya uzla\u015fmaya dayal\u0131 bir anayasa diyebilir miyiz aziz Trabzonlular? Bu anayasaya sizin anayasan\u0131z, milletin anayasas\u0131d\u0131r diyebilir miyiz? \u00d6yleyse bu anayasan\u0131n bir ad\u0131 olacaksa bu Recep Tayyip Erdo\u011fan anayasas\u0131 ve AKP dayatmas\u0131d\u0131r.&#8221;<\/p>\n<p style=\"text-align: justify;\"><strong>Hak-\u0130\u015f Ba\u015fkan\u0131&#8217;n\u0131n s\u00f6zleri <\/strong><\/p>\n<p style=\"text-align: justify;\">Bah\u00e7eli, Hak-\u0130\u015f Konfederasyonu Genel Ba\u015fkan\u0131 Salim Uslu&#8217;yu \u00c7orum&#8217;da yapt\u0131\u011f\u0131 konu\u015fmadan dolay\u0131 ele\u015ftirerek, &#8220;Ba\u015f\u0131nda bir han\u0131mefendinin bulundu\u011fu T\u00dcS\u0130AD&#8217;\u0131n bir g\u00f6r\u00fc\u015f\u00fc kar\u015f\u0131s\u0131nda &#8216;bunlar konsomatris&#8217; diyerek terbiyesizle\u015femez, edepsizle\u015femez. Bu s\u00f6z\u00fcn\u00fc yalayacaks\u0131n Hak-\u0130\u015f Genel Ba\u015fkan\u0131, milletten \u00f6z\u00fcr dileyeceksin. Hay\u0131r oylar\u0131n\u0131n her birinden hesap vereceksin&#8221; diye konu\u015ftu.<\/p>\n<p style=\"text-align: justify;\">Devlet Bah\u00e7eli, konu\u015fmas\u0131nda anlatt\u0131\u011f\u0131 konular\u0131n parti g\u00f6r\u00fc\u015fleri oldu\u011funu belirterek, &#8220;B\u00fct\u00fcn \u00fclk\u00fcc\u00fclerimizin g\u00f6r\u00fc\u015fleridir. Gazetelerde s\u00f6zde \u00fclk\u00fcc\u00fc olarak, eskimi\u015f \u00fclk\u00fcc\u00fcler diyerek kendilerini takdim edenlerin s\u00f6z\u00fc de\u011fildir. Bu, \u00fclk\u00fcc\u00fclerin b\u00fct\u00fcn\u00fcn\u00fcn karar\u0131d\u0131r. Bu karar &#8216;hay\u0131r&#8217;d\u0131r&#8221; dedi.<\/p>\n<p style=\"text-align: justify;\">Bah\u00e7eli daha sonra partililere karanfil att\u0131, Ramazan Bayram\u0131&#8217;n\u0131 kutlad\u0131, ard\u0131ndan da miting alan\u0131ndan ayr\u0131ld\u0131.<\/p>\n<p style=\"text-align: justify;\"><a href=\"http:\/\/www.cnnturk.com\/2010\/turkiye\/09\/08\/bahceliden.hak.ise.konsomatris.tepkisi\/589171.0\/index.html\" target=\"_blank\"><span style=\"color: #888888;\">CNN T\u00dcRK<\/span><\/a><\/p>\n","protected":false},"excerpt":{"rendered":"<p style=\"text-align: center;\">\n<p style=\"text-align: justify;\">&#8220;B\u00f6ld\u00fcrmemek i\u00e7in her t\u00fcrl\u00fc fedakarl\u0131\u011f\u0131 yapar\u0131z.&#8221; MHP Genel Ba\u015fkan\u0131 Devlet Bah\u00e7eli, referandumdan evet \u00e7\u0131kmas\u0131 halinde T\u00fcrkiye&#8217;nin b\u00f6l\u00fcnmeye gidece\u011fini s\u00f6yledi, &#8220;m\u00fcsade etmeyiz&#8221; dedi. Referandum mitingilerine Trabzon&#8217;da devam eden Bah\u00e7eli&#8217;nin ele\u015ftirilerinden, sivil toplum kurulu\u015flar\u0131na &#8220;konsomatris&#8221; benzetmesi yapan Hak-\u0130\u015f Ba\u015fkan\u0131 Salim Uslu da nasibini ald\u0131.<\/p>\n","protected":false},"author":1,"featured_media":0,"comment_status":"open","ping_status":"closed","sticky":false,"template":"","format":"standard","meta":{"footnotes":""},"categories":[105],"tags":[],"class_list":["post-25544","post","type-post","status-publish","format-standard","hentry","category-gundem","odd"],"_links":{"self":[{"href":"http:\/\/www.korhanyilmaz.com\/index.php?rest_route=\/wp\/v2\/posts\/25544","targetHints":{"allow":["GET"]}}],"collection":[{"href":"http:\/\/www.korhanyilmaz.com\/index.php?rest_route=\/wp\/v2\/posts"}],"about":[{"href":"http:\/\/www.korhanyilmaz.com\/index.php?rest_route=\/wp\/v2\/types\/post"}],"author":[{"embeddable":true,"href":"http:\/\/www.korhanyilmaz.com\/index.php?rest_route=\/wp\/v2\/users\/1"}],"replies":[{"embeddable":true,"href":"http:\/\/www.korhanyilmaz.com\/index.php?rest_route=%2Fwp%2Fv2%2Fcomments&post=25544"}],"version-history":[{"count":0,"href":"http:\/\/www.korhanyilmaz.com\/index.php?rest_route=\/wp\/v2\/posts\/25544\/revisions"}],"wp:attachment":[{"href":"http:\/\/www.korhanyilmaz.com\/index.php?rest_route=%2Fwp%2Fv2%2Fmedia&parent=25544"}],"wp:term":[{"taxonomy":"category","embeddable":true,"href":"http:\/\/www.korhanyilmaz.com\/index.php?rest_route=%2Fwp%2Fv2%2Fcategories&post=25544"},{"taxonomy":"post_tag","embeddable":true,"href":"http:\/\/www.korhanyilmaz.com\/index.php?rest_route=%2Fwp%2Fv2%2Ftags&post=25544"}],"curies":[{"name":"wp","href":"https:\/\/api.w.org\/{rel}","templated":true}]}}