{"id":25538,"date":"2010-09-08T18:09:25","date_gmt":"2010-09-08T15:09:25","guid":{"rendered":"http:\/\/www.korhanyilmaz.com\/?p=25538"},"modified":"2010-09-08T18:09:25","modified_gmt":"2010-09-08T15:09:25","slug":"cemaatin-mudurunu-gorevden-aldi-tutuklandi","status":"publish","type":"post","link":"http:\/\/www.korhanyilmaz.com\/?p=25538","title":{"rendered":"Cemaatin m\u00fcd\u00fcr\u00fcn\u00fc g\u00f6revden ald\u0131, tutukland\u0131"},"content":{"rendered":"<div id=\"attachment_25539\" style=\"width: 330px\" class=\"wp-caption aligncenter\"><a href=\"http:\/\/www.korhanyilmaz.com\/wp-content\/uploads\/2010\/09\/128.jpg\"  class=\"lightview\"><img loading=\"lazy\" decoding=\"async\" aria-describedby=\"caption-attachment-25539\" class=\"size-full wp-image-25539\" title=\"Eski Ankara Emniyet M\u00fcd\u00fcr\u00fc Orhan \u00d6zdemir\" src=\"http:\/\/www.korhanyilmaz.com\/wp-content\/uploads\/2010\/09\/128.jpg\" alt=\"\" width=\"320\" height=\"239\" \/><\/a><p id=\"caption-attachment-25539\" class=\"wp-caption-text\">Eski Ankara Emniyet M\u00fcd\u00fcr\u00fc Orhan \u00d6zdemir<\/p><\/div>\n<p style=\"text-align: justify;\">Kayseri Emniyet M\u00fcd\u00fcrl\u00fc\u011f\u00fc g\u00f6revini s\u00fcrd\u00fcrd\u00fc\u011f\u00fc s\u00fcre i\u00e7inde ihale yolsuzlu\u011funa kar\u0131\u015ft\u0131\u011f\u0131 iddias\u0131yla Ankara 11. A\u011f\u0131r Ceza Mahkemesi taraf\u0131ndan tutuklanan eski Ankara Emniyet M\u00fcd\u00fcr\u00fc <strong>Orhan \u00d6zdemir<\/strong>&#8216;in g\u00f6revden ald\u0131\u011f\u0131 G\u00fclen cemaatiyle ili\u015fkisi oldu\u011fu ileri s\u00fcr\u00fclen istihbarat \u015fube m\u00fcd\u00fcr yard\u0131mc\u0131s\u0131 y\u00fcz\u00fcnden tutukland\u0131\u011f\u0131 ileri s\u00fcr\u00fcld\u00fc.<!--more--><\/p>\n<p style=\"text-align: justify;\"><strong>\u0130STANBUL<\/strong> &#8211; \u0130hale yolsuzlu\u011fu \u015febekesine yard\u0131mc\u0131 oldu\u011fu iddias\u0131yla tutuklanan Ankara Emniyet M\u00fcd\u00fcr\u00fc Orhan \u00d6zdemir&#8217;in tutuklanmadan birka\u00e7 g\u00fcn \u00f6nce g\u00f6revden ald\u0131\u011f\u0131 \u0130stihbarat \u015eube M\u00fcd\u00fcr Yard\u0131mc\u0131s\u0131 Zeki G\u00fcven&#8217;i g\u00f6revden almas\u0131 \u00fczerine geli\u015fen olaylar y\u00fcz\u00fcnden tutukland\u0131\u011f\u0131 ileri s\u00fcr\u00fcld\u00fc.<\/p>\n<p style=\"text-align: justify;\">Hanefi Avc\u0131&#8217;n\u0131n kaleme ald\u0131\u011f\u0131 &#8220;<strong>Hali\u00e7&#8217;te Ya\u015fayan Simonlar<\/strong>&#8221; kitab\u0131nda, <strong> istihbarat \u015eube M\u00fcd\u00fcr Yard\u0131mc\u0131s\u0131 Zeki G\u00fcven<\/strong>&#8216;in, <strong>G\u00fclen Cemaatinin<\/strong> emniyetten sorumlu imam\u0131 Kozan&#8217;l\u0131 \u00d6mer kod adl\u0131 <strong>Osman Hilmi \u00d6zdil<\/strong> ile ili\u015fkili oldu\u011funu iddia etti.<\/p>\n<p style=\"text-align: justify;\">\u00d6zdemir hakk\u0131nda Kayseri Emniyet M\u00fcd\u00fcr\u00fc oldu\u011fu d\u00f6nemde ihalelerine fesat kar\u0131\u015ft\u0131r\u0131lmas\u0131 gerek\u00e7esiyle a\u00e7\u0131l\u0131n soru\u015fturma \u00d6zel Yetkili <strong>Ankara Cumhuriyet Ba\u015fsavc\u0131l\u0131\u011f\u0131&#8217;nca<\/strong> y\u00fcr\u00fct\u00fcld\u00fc. Bu soru\u015fturma \u00e7er\u00e7evesinde 18 Haziran 2010 Cuma g\u00fcn\u00fc, Ankara Cumhuriyet Savc\u0131s\u0131 <strong>Cemil Tu\u011ftekin<\/strong>&#8216;e ifade veren \u00d6zdemir hakk\u0131nda &#8220;<strong>sahip oldu\u011fu makam ve mevki nedeniyle delilleri karartma ihtimali olmas\u0131, su\u00e7u i\u015fledi\u011fi y\u00f6n\u00fcnde kuvvetli \u015f\u00fcphe bulunmas\u0131 nedeniyle<\/strong>&#8221; tutuklama talep edildi. N\u00f6bet\u00e7i Ankara 11. A\u011f\u0131r Ceza Mahkemesi \u00fcyesi Selahattin T\u00fcrkeli, \u00d6zdemir&#8217;in 4 saat ifadesini ald\u0131ktan sonra tutuksuz yarg\u0131lanmas\u0131 karar\u0131 verdi.<\/p>\n<p style=\"text-align: justify;\">Orhan \u00d6zdemir serbest b\u0131rak\u0131lmas\u0131n\u0131n ard\u0131ndan Ankara Emniyet M\u00fcd\u00fcrl\u00fc\u011f\u00fcnde \u00f6nemli bir de\u011fi\u015fiklik yapt\u0131. \u0130stihbarattan sorumlu Emniyet M\u00fcd\u00fcr Yard\u0131mc\u0131s\u0131 Muharrem Durmaz, \u0130stihbarat \u015eube M\u00fcd\u00fcr Yard\u0131mc\u0131s\u0131 Zeki G\u00fcven ve \u00d6zel Kalem M\u00fcd\u00fcr\u00fc Ra\u015fit Y\u00fcksel&#8217;i g\u00f6revden ald\u0131. Yerlerine yeni atamalar yapt\u0131. Bu g\u00f6revden alma ve atamalar\u0131n Emniyet Genel M\u00fcd\u00fcrl\u00fc\u011f\u00fc \u0130stihbarat Daire Ba\u015fkanl\u0131\u011f\u0131 taraf\u0131ndan yap\u0131lmas\u0131 gerekirken, \u00d6zdemir&#8217;in il emniyet m\u00fcd\u00fcr\u00fcn\u00fcn &#8220;takdir hakk\u0131&#8221;n\u0131 kullanarak yapt\u0131\u011f\u0131 \u00f6ne s\u00fcr\u00fcld\u00fc.<\/p>\n<p style=\"text-align: justify;\">Savc\u0131l\u0131\u011fa ifade veren \u00d6zdemir&#8217;in kendisine iletilen sorulardan yola \u00e7\u0131karak makam\u0131nda g\u00f6rev yaparken kendi m\u00fcd\u00fcrleri taraf\u0131ndan teknik takibe al\u0131nd\u0131\u011f\u0131n\u0131 anlad\u0131\u011f\u0131 ve Emniyetteki operasyonu bu nedenle ger\u00e7ekle\u015ftirdi\u011fi iddia edildi.<\/p>\n<p style=\"text-align: justify;\"><strong>\u0130ST\u0130HBARAT \u015eUBE M\u00dcD\u00dcR\u00dc OLARAK ATANDI<\/strong><\/p>\n<p style=\"text-align: justify;\">Savc\u0131 karara itiraz edince, 24 Haziran 2010 tarihinde \u00d6zdemir hakk\u0131nda tutuklama karar\u0131 \u00e7\u0131kar\u0131ld\u0131. Mahkeme karar\u0131na yap\u0131lan itiraz\u0131n 12. A\u011f\u0131r Ceza Mahkemesi taraf\u0131ndan reddi \u00fczerine Orhan \u00d6zdemir g\u00f6revinden al\u0131narak yerine Zeki \u00c7atalkaya atand\u0131. Zeki \u00c7atalkaya&#8217;n\u0131n yapt\u0131\u011f\u0131 ilk atama ise Orhan \u00d6zdemir&#8217;in g\u00f6revden ald\u0131\u011f\u0131 istihbarat \u015eube M\u00fcd\u00fcr Yard\u0131mc\u0131s\u0131 Zeki G\u00fcven&#8217;i \u0130stihbarat \u015eube M\u00fcd\u00fcrl\u00fc\u011f\u00fcne atamak oldu.<\/p>\n<p style=\"text-align: justify;\">Ankara Emniyet M\u00fcd\u00fcr\u00fcn\u00fcn g\u00f6revden almas\u0131yla birlikte cezaevine giren, yerine atanan Emniyet M\u00fcd\u00fcr\u00fc taraf\u0131ndan \u015eube M\u00fcd\u00fcr Yard\u0131mc\u0131s\u0131 olarak g\u00f6rev yapt\u0131\u011f\u0131 \u0130stihbarat \u015eubesine M\u00fcd\u00fcr olarak atanan Zeki G\u00fcven&#8217;in ad\u0131 Hanefi Avc\u0131&#8217;n\u0131n yazd\u0131\u011f\u0131 &#8220;Hali\u00e7&#8217;te Ya\u015fayan Simonlar&#8221; kitab\u0131nda G\u00fclen Cemaati ile ili\u015fkisinden dolay\u0131 g\u00fcndeme geldi.<\/p>\n<p style=\"text-align: justify;\">Hanefi Avc\u0131 Hali\u00e7&#8217;te Ya\u015fayan Simonlar kitab\u0131n\u0131n 587. sayfas\u0131nda dile getirdi\u011fi iddiaya g\u00f6re G\u00fclen cemaatinin emniyetten sorumlu imam\u0131 \u00d6mer kod adl\u0131 Osman Hilmi \u00d6zdil&#8217;in ABD&#8217;de g\u00f6zalt\u0131na al\u0131nd\u0131\u011f\u0131 zaman \u00fczerinden \u00e7\u0131kan notlarda Zeki G\u00fcven&#8217;in ad\u0131 bulunmu\u015ftu.<\/p>\n<p style=\"text-align: justify;\"><strong>AVCI NE YAZMI\u015eTI?<\/strong><\/p>\n<p style=\"text-align: justify;\">Hanefi Avc\u0131, g\u00fcndem yaratan kitab\u0131nda \u00d6zdemir\u2019in tutuklanmas\u0131n\u0131 \u00f6zetle \u015f\u00f6yle anlat\u0131yor:<\/p>\n<p style=\"text-align: justify;\"><strong>SORU\u015eTURAN SAVCI VE TUTUKLAYAN HAK\u0130MLER<\/strong><\/p>\n<p style=\"text-align: justify;\">&#8220;Orhan hakk\u0131nda iddianame haz\u0131rlayan Ankara \u00d6zel Yetkili Savc\u0131s\u0131 Cemil Tu\u011ftekin daha \u00f6nce Emin Aslan hakk\u0131nda da soru\u015fturma yapan \u00d6zel Yetkili Savc\u0131d\u0131r. Bu davan\u0131n usule uygun olarak y\u00fcr\u00fct\u00fclmedi\u011finden daha \u00f6nce de bahsetmi\u015ftim. Ayn\u0131 \u015fekilde Orhan&#8217;\u0131 tutuklayan hakim de kozmik odada orama yapan, son zamanlarda istihbarat birimlerince \u00f6zel korunan hakimdir.&#8221;<\/p>\n<p style=\"text-align: justify;\">&#8220;&#8230;Bir y\u0131ld\u0131r Orhan \u00d6zdemir\u2019e kar\u015f\u0131 cemaatin bir tertip i\u00e7inde oldu\u011funu, onun en olumsuz hal ve durumlarda foto\u011fraflar\u0131n\u0131n \u00e7ekilerek yapt\u0131\u011f\u0131 harcama ve i\u015flemlerin ara\u015ft\u0131r\u0131l\u0131p hakk\u0131nda olumsuz manada kullan\u0131lacak materyal haz\u0131rlanmaya \u00e7al\u0131\u015f\u0131ld\u0131\u011f\u0131n\u0131 emniyet te\u015fkilat\u0131 i\u00e7erisinde herkes bilmektedir&#8230; (&#8230;)<\/p>\n<p style=\"text-align: justify;\"><strong>H\u00dcK\u00dcMETTEN ETK\u0130N K\u0130\u015e\u0130LER UYARDI<\/strong><\/p>\n<p style=\"text-align: justify;\">&#8220;Orhan baz\u0131 yard\u0131mc\u0131lar\u0131 ve \u015fube m\u00fcd\u00fcrlerinin kendisi hakk\u0131nda olumsuz \u00e7al\u0131\u015fmalar y\u00fcr\u00fctt\u00fc\u011f\u00fcn\u00fc biliyordu. Onlar\u0131 de\u011fi\u015ftirmek i\u00e7in ne kadar giri\u015fimde bulunduysa da ba\u015far\u0131l olamad\u0131\u011f\u0131n\u0131, hatta h\u00fck\u00fcmetten etkin ki\u015filerden bu ki\u015fileri g\u00f6revden alamayaca\u011f\u0131 y\u00f6n\u00fcnde uyar\u0131ld\u0131\u011f\u0131n\u0131 duymu\u015ftum&#8221;<\/p>\n<p style=\"text-align: justify;\"><strong>CEMAAT\u0130N \u0130MAMI ABD&#8217;DE G\u00d6ZALTINA ALININCA \u00dcZER\u0130NDEN \u0130SM\u0130 \u00c7IKTI<\/strong><\/p>\n<p style=\"text-align: justify;\">Orhan\u2019\u0131n tutuklanmas\u0131ndan k\u0131sa s\u00fcre \u00f6nce g\u00f6revinden ald\u0131\u011f\u0131 \u015fube m\u00fcd\u00fcr\u00fc Z. G\u2019nin ad\u0131 cemaate \u00e7ok \u00f6nemli belgede \u00d6mer kod adl\u0131 cemaat imam\u0131n ABD havaalan\u0131nda yakalanmas\u0131 olay\u0131nda \u00fczerinden \u00e7\u0131kan notlarda ge\u00e7mesi, hem kendisinin hem de (adliye mensubu olan) e\u015finin telefon bilgilerinin bulunmas\u0131 tesad\u00fcf m\u00fcd\u00fcr?<\/p>\n<p style=\"text-align: justify;\">(&#8230;) Olay hakk\u0131ndaki genel kanaat \u015fudur: Cemaat kendilerine engel g\u00f6rd\u00fc\u011f\u00fc bir ki\u015fiyi daha bertaraf etmi\u015ftir.&#8221;<\/p>\n<p style=\"text-align: justify;\"><span style=\"color: #888888;\">Kaynak : \u0130hsan Demir &#8211; <a href=\"http:\/\/www.gazeteport.com.tr\/GUNCEL\/NEWS\/GP_759813\" target=\"_blank\">GAZETEPORT<\/a><\/span><\/p>\n","protected":false},"excerpt":{"rendered":"<p id=\"caption-attachment-25539\" class=\"wp-caption-text\">Eski Ankara Emniyet M\u00fcd\u00fcr\u00fc Orhan \u00d6zdemir<\/p>\n<p style=\"text-align: justify;\">Kayseri Emniyet M\u00fcd\u00fcrl\u00fc\u011f\u00fc g\u00f6revini s\u00fcrd\u00fcrd\u00fc\u011f\u00fc s\u00fcre i\u00e7inde ihale yolsuzlu\u011funa kar\u0131\u015ft\u0131\u011f\u0131 iddias\u0131yla Ankara 11. A\u011f\u0131r Ceza Mahkemesi taraf\u0131ndan tutuklanan eski Ankara Emniyet M\u00fcd\u00fcr\u00fc Orhan \u00d6zdemir&#8216;in g\u00f6revden ald\u0131\u011f\u0131 G\u00fclen cemaatiyle ili\u015fkisi oldu\u011fu ileri s\u00fcr\u00fclen istihbarat \u015fube m\u00fcd\u00fcr yard\u0131mc\u0131s\u0131 y\u00fcz\u00fcnden tutukland\u0131\u011f\u0131 ileri s\u00fcr\u00fcld\u00fc.<\/p>\n","protected":false},"author":1,"featured_media":0,"comment_status":"open","ping_status":"closed","sticky":false,"template":"","format":"standard","meta":{"footnotes":""},"categories":[105],"tags":[],"class_list":["post-25538","post","type-post","status-publish","format-standard","hentry","category-gundem","odd"],"_links":{"self":[{"href":"http:\/\/www.korhanyilmaz.com\/index.php?rest_route=\/wp\/v2\/posts\/25538","targetHints":{"allow":["GET"]}}],"collection":[{"href":"http:\/\/www.korhanyilmaz.com\/index.php?rest_route=\/wp\/v2\/posts"}],"about":[{"href":"http:\/\/www.korhanyilmaz.com\/index.php?rest_route=\/wp\/v2\/types\/post"}],"author":[{"embeddable":true,"href":"http:\/\/www.korhanyilmaz.com\/index.php?rest_route=\/wp\/v2\/users\/1"}],"replies":[{"embeddable":true,"href":"http:\/\/www.korhanyilmaz.com\/index.php?rest_route=%2Fwp%2Fv2%2Fcomments&post=25538"}],"version-history":[{"count":0,"href":"http:\/\/www.korhanyilmaz.com\/index.php?rest_route=\/wp\/v2\/posts\/25538\/revisions"}],"wp:attachment":[{"href":"http:\/\/www.korhanyilmaz.com\/index.php?rest_route=%2Fwp%2Fv2%2Fmedia&parent=25538"}],"wp:term":[{"taxonomy":"category","embeddable":true,"href":"http:\/\/www.korhanyilmaz.com\/index.php?rest_route=%2Fwp%2Fv2%2Fcategories&post=25538"},{"taxonomy":"post_tag","embeddable":true,"href":"http:\/\/www.korhanyilmaz.com\/index.php?rest_route=%2Fwp%2Fv2%2Ftags&post=25538"}],"curies":[{"name":"wp","href":"https:\/\/api.w.org\/{rel}","templated":true}]}}