{"id":25533,"date":"2010-09-08T17:02:46","date_gmt":"2010-09-08T14:02:46","guid":{"rendered":"http:\/\/www.korhanyilmaz.com\/?p=25533"},"modified":"2010-09-08T17:02:46","modified_gmt":"2010-09-08T14:02:46","slug":"orhan-gencebaydan-evete-yalanlama","status":"publish","type":"post","link":"http:\/\/www.korhanyilmaz.com\/?p=25533","title":{"rendered":"Orhan Gencebay&#8217;dan &#8216;evet&#8217;e yalanlama"},"content":{"rendered":"<p style=\"text-align: justify;\"><a href=\"http:\/\/www.korhanyilmaz.com\/wp-content\/uploads\/2010\/09\/130.jpg\"  class=\"lightview\"><img loading=\"lazy\" decoding=\"async\" class=\"aligncenter size-full wp-image-25549\" src=\"http:\/\/www.korhanyilmaz.com\/wp-content\/uploads\/2010\/09\/130.jpg\" alt=\"\" width=\"292\" height=\"203\" \/><\/a><\/p>\n<p style=\"text-align: justify;\">Ramazan Bayram\u0131 tatili i\u00e7in KKTC\u2019ye giden sanat\u00e7\u0131 Orhan Gencebay, ikametgah\u0131 T\u00fcrkiye\u2019de oldu\u011fu i\u00e7in referandum dolay\u0131s\u0131yla Atat\u00fcrk Havaliman\u0131\u2019nda oy kullanamad\u0131.<\/p>\n<p style=\"text-align: justify;\">E\u015fi Sevim Emre ve arkada\u015flar\u0131 ile Atat\u00fcrk Havaliman\u0131\u2019na gelen Gencebay, pasaport i\u015flemlerinin ard\u0131ndan Anayasa de\u011fi\u015fikliklerine ili\u015fkin oyunu kullanmak \u00fczere sand\u0131klar\u0131n bulundu\u011fu b\u00f6lgeye geldi. <!--more--><\/p>\n<p style=\"text-align: justify;\">Se\u00e7men kart\u0131n\u0131 \u00e7\u0131karan Gencebay, ikametgah\u0131 T\u00fcrkiye\u2019de oldu\u011fu i\u00e7in burada oy kullanamayaca\u011f\u0131 konusunda sand\u0131k ba\u015fkan\u0131 taraf\u0131ndan uyar\u0131ld\u0131.<\/p>\n<p style=\"text-align: justify;\">Bas\u0131n mensuplar\u0131n\u0131n sorular\u0131n\u0131 cevapland\u0131ran Gencebay, bayram tatilini ge\u00e7irmek i\u00e7in KKTC\u2019ye gittiklerini belirterek, 12 Eyl\u00fclde oy kullanmak i\u00e7in T\u00fcrkiye\u2019ye geri d\u00f6neceklerini s\u00f6yledi.<\/p>\n<p style=\"text-align: justify;\">Bas\u0131nda, referandumda &#8220;Evet&#8221; oyu kullanaca\u011f\u0131 yolunda haberler yer ald\u0131\u011f\u0131 ve bu konuda ele\u015ftiriler yap\u0131ld\u0131\u011f\u0131 hat\u0131rlat\u0131lan Gencebay, \u015funlar\u0131 kaydetti:<\/p>\n<p style=\"text-align: justify;\">&#8220;Ben \u2019referandumda evet ya da hay\u0131r oyu verece\u011fim\u2019 diye bir \u015fey s\u00f6ylemedim.\u2019Oyumu neden s\u00f6ylemedim? \u00c7\u00fcnk\u00fc insanlar\u0131m\u0131z\u0131n \u00f6zg\u00fcr iradesine m\u00fcdahale etmek istemedi\u011fim i\u00e7in, insanlara sayg\u0131mdan dolay\u0131 s\u00f6ylemeyeyim\u2019 dedim. Tabii benim de bir oyum var, o da bana ait. S\u00f6ylemek istemedim. Ancak iftarlara kat\u0131ld\u0131k. Elhamd\u00fclillah M\u00fcsl\u00fcman\u0131z, iftarlara kat\u0131l\u0131r\u0131z, \u00e7\u00fcnk\u00fc dostlar \u00e7a\u011f\u0131r\u0131yor, sevdi\u011fimiz insanlar \u00e7a\u011f\u0131r\u0131yor. Ayr\u0131ca iftara, davetlere de icabet gerekebilir.M\u00fcmk\u00fcn oldu\u011funca da bunu yerine getirmeye \u00e7al\u0131\u015ft\u0131k.&#8221;<\/p>\n<p style=\"text-align: justify;\">Orhan Gencebay, bir gazetede kendisinin de aralar\u0131nda bulundu\u011fu baz\u0131 sanat\u00e7\u0131lar hakk\u0131nda \u00e7\u0131kan haberlerin kendisini \u00fczd\u00fc\u011f\u00fcn\u00fc ifade ederek, &#8220;Yani bunu d\u00fczeltmeleri laz\u0131m. Son derece yanl\u0131\u015f, o \u015fekilde yaz\u0131 yaz\u0131lmaz. Kendi bildiklerine g\u00f6re, kendi kafalar\u0131na g\u00f6re yazm\u0131\u015flar. Onlar\u0131n dedi\u011fi gibi katiyen de\u011fil&#8221; diye konu\u015ftu.<\/p>\n<p style=\"text-align: justify;\">Bir gazetecinin &#8220;Referandumda \u2019evet\u2019 oyu verece\u011finiz haberleri yanl\u0131\u015f m\u0131?&#8221; diye sordu\u011fu Gencebay, &#8220;Ben \u2019evet\u2019 veya \u2019hay\u0131r\u2019 diye bir \u015fey s\u00f6ylemek istemiyorum. \u00c7\u00fcnk\u00fc halk\u0131m\u0131z\u0131n iradesine bask\u0131, etki yapar\u0131m. Benim bir oyum var, tabii kullanaca\u011f\u0131m. Ben sayg\u0131l\u0131y\u0131m. Bunu s\u00f6ylememeyi tercih ediyorum a\u00e7\u0131k\u00e7as\u0131. O gazetede yer alan ifade son derece yanl\u0131\u015f, b\u00f6yle yapmamas\u0131 laz\u0131md\u0131&#8221; yan\u0131t\u0131n\u0131 verdi.<\/p>\n<p style=\"text-align: justify;\"><a href=\"http:\/\/haber.gazetevatan.com\/orhan-gencebaydan-evete-yalanlama\/327788\/1\/Gundem\" target=\"_blank\"><span style=\"color: #888888;\">VATAN<\/span><\/a><\/p>\n","protected":false},"excerpt":{"rendered":"<p style=\"text-align: justify;\">\n<p style=\"text-align: justify;\">Ramazan Bayram\u0131 tatili i\u00e7in KKTC\u2019ye giden sanat\u00e7\u0131 Orhan Gencebay, ikametgah\u0131 T\u00fcrkiye\u2019de oldu\u011fu i\u00e7in referandum dolay\u0131s\u0131yla Atat\u00fcrk Havaliman\u0131\u2019nda oy kullanamad\u0131.<\/p>\n<p style=\"text-align: justify;\">E\u015fi Sevim Emre ve arkada\u015flar\u0131 ile Atat\u00fcrk Havaliman\u0131\u2019na gelen Gencebay, pasaport i\u015flemlerinin ard\u0131ndan Anayasa de\u011fi\u015fikliklerine ili\u015fkin oyunu kullanmak \u00fczere sand\u0131klar\u0131n bulundu\u011fu b\u00f6lgeye geldi. <\/p>\n","protected":false},"author":1,"featured_media":0,"comment_status":"open","ping_status":"closed","sticky":false,"template":"","format":"standard","meta":{"footnotes":""},"categories":[105],"tags":[],"class_list":["post-25533","post","type-post","status-publish","format-standard","hentry","category-gundem","odd"],"_links":{"self":[{"href":"http:\/\/www.korhanyilmaz.com\/index.php?rest_route=\/wp\/v2\/posts\/25533","targetHints":{"allow":["GET"]}}],"collection":[{"href":"http:\/\/www.korhanyilmaz.com\/index.php?rest_route=\/wp\/v2\/posts"}],"about":[{"href":"http:\/\/www.korhanyilmaz.com\/index.php?rest_route=\/wp\/v2\/types\/post"}],"author":[{"embeddable":true,"href":"http:\/\/www.korhanyilmaz.com\/index.php?rest_route=\/wp\/v2\/users\/1"}],"replies":[{"embeddable":true,"href":"http:\/\/www.korhanyilmaz.com\/index.php?rest_route=%2Fwp%2Fv2%2Fcomments&post=25533"}],"version-history":[{"count":0,"href":"http:\/\/www.korhanyilmaz.com\/index.php?rest_route=\/wp\/v2\/posts\/25533\/revisions"}],"wp:attachment":[{"href":"http:\/\/www.korhanyilmaz.com\/index.php?rest_route=%2Fwp%2Fv2%2Fmedia&parent=25533"}],"wp:term":[{"taxonomy":"category","embeddable":true,"href":"http:\/\/www.korhanyilmaz.com\/index.php?rest_route=%2Fwp%2Fv2%2Fcategories&post=25533"},{"taxonomy":"post_tag","embeddable":true,"href":"http:\/\/www.korhanyilmaz.com\/index.php?rest_route=%2Fwp%2Fv2%2Ftags&post=25533"}],"curies":[{"name":"wp","href":"https:\/\/api.w.org\/{rel}","templated":true}]}}