{"id":25524,"date":"2010-09-08T00:25:14","date_gmt":"2010-09-07T21:25:14","guid":{"rendered":"http:\/\/www.korhanyilmaz.com\/?p=25524"},"modified":"2010-09-08T00:25:14","modified_gmt":"2010-09-07T21:25:14","slug":"akp-teskilatlari-adreslerimizi-nasil-ele-gecirdi","status":"publish","type":"post","link":"http:\/\/www.korhanyilmaz.com\/?p=25524","title":{"rendered":"AKP Te\u015fkilatlar\u0131 Adreslerimizi Nas\u0131l Ele Ge\u00e7irdi?"},"content":{"rendered":"<p style=\"text-align: justify;\"><a href=\"http:\/\/www.korhanyilmaz.com\/wp-content\/uploads\/2010\/09\/1251.jpg\"  class=\"lightview\"><img loading=\"lazy\" decoding=\"async\" class=\"aligncenter size-full wp-image-25527\" src=\"http:\/\/www.korhanyilmaz.com\/wp-content\/uploads\/2010\/09\/1251.jpg\" alt=\"\" width=\"465\" height=\"172\" \/><\/a><\/p>\n<p style=\"text-align: justify;\">Referanduma g\u00fcnler kald\u0131.<\/p>\n<p style=\"text-align: justify;\">Bu sayfalarda bir\u00e7ok kez; AKP\u2019nin \u201cEvet\u201d oyu i\u00e7in nas\u0131l devlet imkanlar\u0131n\u0131 kulland\u0131\u011f\u0131n\u0131, b\u00fcrokratlar\u0131n nas\u0131l parti g\u00f6revlisiymi\u015f gibi mitinglere kat\u0131ld\u0131\u011f\u0131n\u0131 haberle\u015ftirdik.<\/p>\n<p style=\"text-align: justify;\">Ancak bu sefer durum daha \u00fcrk\u00fct\u00fcc\u00fc\u2026 <!--more--><\/p>\n<p style=\"text-align: justify;\">Haberimizin konusu; AKP Bal\u0131kesir \u0130l Te\u015fkilat\u0131\u2019n\u0131n, ildeki engelli vatanda\u015flar\u0131n adreslerine g\u00f6nderdi\u011fi bir mektup.<\/p>\n<p style=\"text-align: justify;\">Mektubun alt\u0131nda <strong>AKP Bal\u0131kesir \u0130l Ba\u015fkan\u0131 Adil \u00c7elik<\/strong>\u2019in imzas\u0131 var.<\/p>\n<p style=\"text-align: justify;\">\u0130sminin ba\u015f\u0131na koydu\u011fu unvandan \u00f6\u011freniyoruz ki; AKP\u2019li \u00c7elik bir avukat.<\/p>\n<p style=\"text-align: justify;\">****<\/p>\n<p style=\"text-align: justify;\"><span style=\"text-decoration: underline;\">Peki, ne yaz\u0131yor bu mektupta?<\/span><\/p>\n<p style=\"text-align: justify;\"><span style=\"text-decoration: underline;\">Haberimizin can al\u0131c\u0131 noktas\u0131n\u0131 aktarmadan \u00f6nce okuyal\u0131m<\/span>:<\/p>\n<p style=\"text-align: justify;\">\u201c<em>Say\u0131n \u2026<\/em><\/p>\n<p style=\"text-align: justify;\"><em>Anayasada ifadesini bulan Sosyal devlet olma ilkesinden hareketle;<\/em><\/p>\n<p style=\"text-align: justify;\"><em>Partimiz program\u0131nda bulunan ve h\u00fck\u00fcmetimizin eylem plan\u0131nda yer alan, engelli vatanda\u015flar\u0131m\u0131z\u0131n hayat\u0131n\u0131 kolayla\u015ft\u0131rmaya y\u00f6nelik olarak;<\/em><\/p>\n<p style=\"text-align: justify;\"><em>2007 y\u0131l\u0131ndan bu yana a\u011f\u0131r \u00f6z\u00fcrl\u00fcs\u00fc olan ve bu \u00f6z\u00fcrl\u00fcs\u00fcne bakan her vatanda\u015f\u0131m\u0131za yasal \u015fartlar\u0131 tutmas\u0131 kayd\u0131yla her ay d\u00fczenli olarak net asgari \u00fccret (<strong>544,44 TL<\/strong>) tutar\u0131nda evde bak\u0131m \u00fccreti \u00f6denmektedir.<\/em><\/p>\n<p style=\"text-align: justify;\"><em>12 Eyl\u00fcl 2010 Pazar g\u00fcn\u00fc yap\u0131lacak olan referandumda Engelli vatanda\u015flar\u0131m\u0131za y\u00f6nelik olarak pozitif ayr\u0131mc\u0131l\u0131\u011f\u0131 i\u00e7eren d\u00fczenlemenin yer ald\u0131\u011f\u0131 Anayasa De\u011fi\u015fikli\u011fine EVET oyu vermenizi diler, bu vesile ile Ramazan Bayram\u0131n\u0131z\u0131 tebrik eder,<\/em><\/p>\n<p style=\"text-align: justify;\"><em>Sevgi ve sayg\u0131lar\u0131m\u0131 sunar\u0131m.<\/em><\/p>\n<p style=\"text-align: justify;\"><em><strong>Av. Adil \u00c7EL\u0130K<\/strong><\/em><\/p>\n<p style=\"text-align: justify;\"><strong><em>Bal\u0131kesir AK Parti \u0130l Ba\u015fkan\u0131<\/em>\u201d<\/strong><\/p>\n<p style=\"text-align: justify;\"><strong>****<br \/>\n<\/strong><\/p>\n<p style=\"text-align: justify;\">Evet, AKP Bal\u0131kesir \u0130l Ba\u015fkan\u0131 Adil \u00c7elik imzal\u0131 mektup bu.<\/p>\n<p style=\"text-align: justify;\">S\u00fcsl\u00fc laflar\u0131 kenara koyarsak, \u00f6zetle ne diyor bu mektup?<\/p>\n<p style=\"text-align: justify;\">\u201c<strong><em>Ey engelli vatanda\u015f ve ailesi! Devlet 2007 y\u0131l\u0131ndan beri size her ay bu kadar para veriyor. Bunu da \u201cSosyal\u201d devlet ilkesine dayanarak yap\u0131yor. Siz de buna dayanarak, referandumda Evet oyu verin!<\/em><\/strong>\u201d<\/p>\n<p style=\"text-align: justify;\">Yani neymi\u015f, her \u015feyin bir kar\u015f\u0131l\u0131\u011f\u0131 varm\u0131\u015f!<\/p>\n<p style=\"text-align: justify;\">****<\/p>\n<p style=\"text-align: justify;\">En hafif deyimiyle siyasi eti\u011fe s\u0131\u011fmayan bu mektubun, as\u0131l skandal y\u00f6n\u00fc sat\u0131r aralar\u0131nda gizli.<\/p>\n<p style=\"text-align: justify;\">Bu belgeyle \u015fu ger\u00e7ek ortaya \u00e7\u0131k\u0131yor: AKP\u2019nin bir ilinin te\u015fkilat\u0131, o ildeki engelli vatanda\u015flar\u0131n adreslerini elinde bulunduruyor.<\/p>\n<p style=\"text-align: justify;\">Peki, nas\u0131l oluyor bu?<\/p>\n<p style=\"text-align: justify;\">Bu sorunun cevab\u0131n\u0131 \u00f6\u011frenmek i\u00e7in; mektubun alt\u0131nda imzas\u0131 bulunan AKP Bal\u0131kesir \u0130l Ba\u015fkan\u0131 Adil \u00c7elik\u2019le g\u00f6r\u00fc\u015ft\u00fck.<\/p>\n<p style=\"text-align: justify;\">\u0130\u015fte Adil \u00c7elik\u2019le aram\u0131zda ge\u00e7en diyalog:<\/p>\n<p style=\"text-align: justify;\">&#8211; Adil Bey, bu mektup ger\u00e7ek mi?<\/p>\n<p style=\"text-align: justify;\">Evet, ger\u00e7ek.<\/p>\n<p style=\"text-align: justify;\">&#8211; Burada bahsetti\u011finiz engellilere yard\u0131m, kim taraf\u0131ndan yap\u0131l\u0131yor?<\/p>\n<p style=\"text-align: justify;\">Devlet taraf\u0131ndan.<\/p>\n<p style=\"text-align: justify;\">&#8211; Siz bu mektubu adreslere g\u00f6nderdiniz. Peki, bu adresleri nas\u0131l \u00f6\u011frendiniz?<\/p>\n<p style=\"text-align: justify;\">Bir \u015fekilde tespit ettik.<\/p>\n<p style=\"text-align: justify;\">-\u0130lgili bakanl\u0131\u011f\u0131n yard\u0131m kay\u0131tlar\u0131ndan m\u0131 elde ettiniz?<\/p>\n<p style=\"text-align: justify;\">O k\u0131sm\u0131 bende kals\u0131n.<\/p>\n<p style=\"text-align: justify;\">****<\/p>\n<p style=\"text-align: justify;\">Evet, AKP il ba\u015fkan\u0131yla yapt\u0131\u011f\u0131m\u0131z g\u00f6r\u00fc\u015fme \u00f6zetle bu.<\/p>\n<p style=\"text-align: justify;\">Adil \u00c7elik mektubu do\u011frularken, g\u00f6nderdikleri adresleri \u201cbir \u015fekilde tespit ettiklerini\u201d ve o tespit ettikleri kayna\u011f\u0131n bilgisinin \u201c<strong>kendilerinde sakl\u0131 kalmas\u0131 gerekti\u011fini<\/strong>\u201d belirtiyor.<\/p>\n<p style=\"text-align: justify;\">\u015eimdi elimizdeki verilere bakal\u0131m:<\/p>\n<p style=\"text-align: justify;\">Bir siyasi parti olan AKP\u2019nin il te\u015fkilat\u0131\u2026<\/p>\n<p style=\"text-align: justify;\">O ildeki istedi\u011fi vatanda\u015f\u0131n adresini\u2026<\/p>\n<p style=\"text-align: justify;\">\u201c<strong>Bir \u015fekilde<\/strong>\u201d \u00f6\u011freniyor\u2026<\/p>\n<p style=\"text-align: justify;\">Ve bunu, referandumda \u201cEvet\u201d oyu kullanmalar\u0131n\u0131 talep etmek i\u00e7in kullan\u0131yor.<\/p>\n<p style=\"text-align: justify;\">Peki, o bu skandal olay\u0131n sorumlusu, yani o adresleri AKP te\u015fkilat\u0131na veren \u201c<strong>sakl\u0131 ki\u015fi ya da ki\u015filer<\/strong>\u201d kim?<\/p>\n<p style=\"text-align: justify;\">Bilmiyoruz, ama sorumlular\u0131 bulmak zor de\u011fil.<\/p>\n<p style=\"text-align: justify;\">Mektupta bahsi ge\u00e7en, engelli vatanda\u015flar\u0131n ailelerine yap\u0131lan maddi yard\u0131m, 2007 y\u0131l\u0131nda y\u00fcr\u00fcrl\u00fc\u011fe giren bir y\u00f6netmelikle uygulanmaya ba\u015fland\u0131.<\/p>\n<p style=\"text-align: justify;\">Bu y\u00f6netmeli\u011fin son maddesi \u015fu:<\/p>\n<p style=\"text-align: justify;\">\u201c<strong><em>Bu y\u00f6netmelik h\u00fck\u00fcmlerini Sosyal Hizmetler ve \u00c7ocuk Esirgeme Kurumu Genel M\u00fcd\u00fcr\u00fc y\u00fcr\u00fct\u00fcr.<\/em><\/strong>\u201d<\/p>\n<p style=\"text-align: justify;\">Sosyal Hizmetler ve \u00c7ocuk Esirgeme Kurumu Genel M\u00fcd\u00fcr\u00fc kim?<\/p>\n<p style=\"text-align: justify;\"><strong>\u0130smail Bar\u0131\u015f. <\/strong><\/p>\n<p style=\"text-align: justify;\">Peki, bu kurumun te\u015fkilat yap\u0131s\u0131nda en \u00fcstte kimin ismi var?<\/p>\n<p style=\"text-align: justify;\"><strong>Devlet Bakan\u0131 <\/strong><strong>Selma Aliye Kavaf.<\/strong><\/p>\n<p style=\"text-align: justify;\">\u0130\u015fte vatanda\u015flar\u0131n adresleri gibi \u00f6zel bilgilerinin, bir siyasi partinin il te\u015fkilat\u0131na kim taraf\u0131ndan verildi\u011fi ortaya \u00e7\u0131kana kadar, bu iki isim zan alt\u0131ndad\u0131r.<\/p>\n<p style=\"text-align: justify;\"><a href=\"http:\/\/www.korhanyilmaz.com\/wp-content\/uploads\/2010\/09\/126.jpg\"  class=\"lightview\"><img loading=\"lazy\" decoding=\"async\" class=\"aligncenter size-full wp-image-25525\" src=\"http:\/\/www.korhanyilmaz.com\/wp-content\/uploads\/2010\/09\/126.jpg\" alt=\"\" width=\"500\" height=\"720\" \/><\/a><a href=\"http:\/\/www.odatv.com\/n.php?n=akp-teskilatlari-adreslerimizi-nasil-ele-gecirdi--0809101200\" target=\"_blank\"><span style=\"color: #888888;\">Haber Kayna\u011f\u0131 : Bar\u0131\u015f Pehlivan &#8211; Odatv.com<\/span><\/a><\/p>\n","protected":false},"excerpt":{"rendered":"<p style=\"text-align: justify;\">\n<p style=\"text-align: justify;\">Referanduma g\u00fcnler kald\u0131.<\/p>\n<p style=\"text-align: justify;\">Bu sayfalarda bir\u00e7ok kez; AKP\u2019nin \u201cEvet\u201d oyu i\u00e7in nas\u0131l devlet imkanlar\u0131n\u0131 kulland\u0131\u011f\u0131n\u0131, b\u00fcrokratlar\u0131n nas\u0131l parti g\u00f6revlisiymi\u015f gibi mitinglere kat\u0131ld\u0131\u011f\u0131n\u0131 haberle\u015ftirdik.<\/p>\n<p style=\"text-align: justify;\">Ancak bu sefer durum daha \u00fcrk\u00fct\u00fcc\u00fc\u2026 <\/p>\n","protected":false},"author":1,"featured_media":0,"comment_status":"open","ping_status":"closed","sticky":false,"template":"","format":"standard","meta":{"footnotes":""},"categories":[105],"tags":[],"class_list":["post-25524","post","type-post","status-publish","format-standard","hentry","category-gundem","odd"],"_links":{"self":[{"href":"http:\/\/www.korhanyilmaz.com\/index.php?rest_route=\/wp\/v2\/posts\/25524","targetHints":{"allow":["GET"]}}],"collection":[{"href":"http:\/\/www.korhanyilmaz.com\/index.php?rest_route=\/wp\/v2\/posts"}],"about":[{"href":"http:\/\/www.korhanyilmaz.com\/index.php?rest_route=\/wp\/v2\/types\/post"}],"author":[{"embeddable":true,"href":"http:\/\/www.korhanyilmaz.com\/index.php?rest_route=\/wp\/v2\/users\/1"}],"replies":[{"embeddable":true,"href":"http:\/\/www.korhanyilmaz.com\/index.php?rest_route=%2Fwp%2Fv2%2Fcomments&post=25524"}],"version-history":[{"count":0,"href":"http:\/\/www.korhanyilmaz.com\/index.php?rest_route=\/wp\/v2\/posts\/25524\/revisions"}],"wp:attachment":[{"href":"http:\/\/www.korhanyilmaz.com\/index.php?rest_route=%2Fwp%2Fv2%2Fmedia&parent=25524"}],"wp:term":[{"taxonomy":"category","embeddable":true,"href":"http:\/\/www.korhanyilmaz.com\/index.php?rest_route=%2Fwp%2Fv2%2Fcategories&post=25524"},{"taxonomy":"post_tag","embeddable":true,"href":"http:\/\/www.korhanyilmaz.com\/index.php?rest_route=%2Fwp%2Fv2%2Ftags&post=25524"}],"curies":[{"name":"wp","href":"https:\/\/api.w.org\/{rel}","templated":true}]}}