{"id":25512,"date":"2010-09-08T13:22:52","date_gmt":"2010-09-08T10:22:52","guid":{"rendered":"http:\/\/www.korhanyilmaz.com\/?p=25512"},"modified":"2010-09-08T13:22:52","modified_gmt":"2010-09-08T10:22:52","slug":"akp-yargida-nasil-torpil-isletiyor","status":"publish","type":"post","link":"http:\/\/www.korhanyilmaz.com\/?p=25512","title":{"rendered":"AKP Yarg\u0131da Nas\u0131l Torpil \u0130\u015fletiyor"},"content":{"rendered":"<p style=\"text-align: center;\"><a href=\"http:\/\/www.korhanyilmaz.com\/wp-content\/uploads\/2010\/09\/124.jpg\"  class=\"lightview\"><img loading=\"lazy\" decoding=\"async\" class=\"aligncenter size-full wp-image-25513\" src=\"http:\/\/www.korhanyilmaz.com\/wp-content\/uploads\/2010\/09\/124.jpg\" alt=\"\" width=\"419\" height=\"203\" \/><\/a><\/p>\n<p style=\"text-align: justify;\">Ba\u015fbakan \u201c<strong>alevi dedelerinin<\/strong>\u201d (yani birden \u00e7ok alevi dedesinin) hakim savc\u0131 atamalar\u0131na m\u00fcdahil oldu\u011funu iddia etti. Meydanda toplananlar da yuh \u00e7ekti.<\/p>\n<p style=\"text-align: justify;\">Bakal\u0131m halk\u0131m\u0131z bu haber i\u00e7in kime \u201c<strong>yuh<\/strong>\u201d \u00e7ekecek?<!--more--><\/p>\n<p style=\"text-align: justify;\">H\u00e2kimler ve Savc\u0131lar Y\u00fcksek Kurulu (HSYK) Ba\u015fkanvekili <strong>Kadir \u00d6zbek<\/strong>, AKP\u2019den \u00fc\u00e7 \u00f6nemli ismin, h\u00e2kim savc\u0131 atamalar\u0131nda baz\u0131 yarg\u0131 mensuplar\u0131na referans oldu\u011funu a\u00e7\u0131klad\u0131. Ortal\u0131k derinden kar\u0131\u015ft\u0131.<!--more--><\/p>\n<p style=\"text-align: justify;\">Ba\u015fbakan Yard\u0131mc\u0131s\u0131 Cemil \u00c7i\u00e7ek, \u201c<strong>Sadece AK Parti\u2019den iki tane \u00fc\u00e7 tane geliyor, ba\u015fka yerlerden hi\u00e7bir \u015fey gelmiyor, kurals\u0131zl\u0131\u011f\u0131 sadece AK Parti yap\u0131yor gibi \u015fey do\u011fru de\u011fildir. Kurul\u2019a giden her arkada\u015f\u0131n cebi bu t\u00fcrl\u00fc re\u00e7etelerle doludur<\/strong>\u201d dedi. AKP Genel Ba\u015fkan Yard\u0131mc\u0131s\u0131 Abdulkadir Aksu ise \u00e7ok \u00f6nceden taleplerinin olabilece\u011fini s\u00f6yledi.<\/p>\n<p style=\"text-align: justify;\">Odatv \u015fimdi o re\u00e7etelerden ikisini belge haliyle yay\u0131nl\u0131yor.<\/p>\n<p style=\"text-align: justify;\">****<\/p>\n<p style=\"text-align: justify;\">Belgeler, hafta ba\u015f\u0131nda (sessiz sedas\u0131z) piyasa \u00e7\u0131kan bir kitapta yer al\u0131yor. Kitab\u0131n ad\u0131, \u201c<strong>Son kale: Ku\u015fat\u0131lan Yarg\u0131<\/strong>\u201d<\/p>\n<p style=\"text-align: justify;\">Yazar\u0131, say\u0131lar\u0131 olduk\u00e7a azalan namuslu ve meslekten gazeteci bir isim, <strong>H\u00fcseyin \u00d6zalp<\/strong>. (K\u00fc\u00e7\u00fck bir not: \u00d6zalp\u2019in i\u015fsiz bir gazeteci oldu\u011funu s\u00f6ylesek, galiba kimse \u015fa\u015f\u0131rmaz.)<\/p>\n<p style=\"text-align: justify;\"><strong>Kitab\u0131n 247 \u2013 250\u2019inci sayfalar\u0131 aras\u0131nda yer alan belgelerden ilki a\u015fa\u011f\u0131da:<\/strong><\/p>\n<p style=\"text-align: center;\"><a href=\"http:\/\/www.korhanyilmaz.com\/wp-content\/uploads\/2010\/09\/1211.jpg\"  class=\"lightview\"><img loading=\"lazy\" decoding=\"async\" class=\"aligncenter size-full wp-image-25515\" src=\"http:\/\/www.korhanyilmaz.com\/wp-content\/uploads\/2010\/09\/1211.jpg\" alt=\"\" width=\"483\" height=\"338\" \/><\/a><a href=\"http:\/\/www.korhanyilmaz.com\/wp-content\/uploads\/2010\/09\/122.jpg\"  class=\"lightview\"><img loading=\"lazy\" decoding=\"async\" class=\"aligncenter size-full wp-image-25516\" src=\"http:\/\/www.korhanyilmaz.com\/wp-content\/uploads\/2010\/09\/122.jpg\" alt=\"\" width=\"483\" height=\"354\" \/><\/a><\/p>\n<p style=\"text-align: justify;\">Belge, <strong>Adalet eski Bakan\u0131 Cemil \u00c7i\u00e7ek<\/strong>\u2019in \u00f6zel kalem M\u00fcd\u00fcrl\u00fc\u011f\u00fc\u2019nden <strong>Sincan A\u011f\u0131r Ceza Mahkemesi<\/strong>\u2019ne \u00e7ekiliyor. \u00dczerinde \u00f6zel kalemin faks numaras\u0131 bulunuyor; <strong>0312 4177113<\/strong>.<\/p>\n<p style=\"text-align: justify;\">Bakanl\u0131ktan giden faksta zabit katili\u011fi s\u0131nav\u0131n\u0131n kazand\u0131r\u0131lmas\u0131 istenen ki\u015filerin adlar\u0131 yaz\u0131l\u0131. Nedense iki ki\u015finin ad\u0131n\u0131n \u00f6n\u00fcnde (+) i\u015fareti bulunuyor. Art\u0131\u2019n\u0131n ne anlama geliyor bilmiyoruz ancak Balyoz davas\u0131nda savc\u0131lar\u0131n bu i\u015fareti ciddi bi\u00e7imde sorgulad\u0131\u011f\u0131n\u0131 hat\u0131rlatal\u0131m.<\/p>\n<p style=\"text-align: justify;\">\u0130kinci belge ise AKP Malatya Fuat \u00d6lmeztoprak\u2019\u0131n antetli ka\u011f\u0131d\u0131 ve imzas\u0131yla g\u00f6nderilmi\u015f. \u00d6lmeztoprak, zab\u0131t katipli\u011fine al\u0131nmas\u0131n\u0131 istedi\u011fi ismi aday numaras\u0131 ile birlikte bildiriyor.<\/p>\n<p style=\"text-align: center;\"><a href=\"http:\/\/www.korhanyilmaz.com\/wp-content\/uploads\/2010\/09\/123.jpg\"  class=\"lightview\"><img loading=\"lazy\" decoding=\"async\" class=\"aligncenter size-full wp-image-25517\" src=\"http:\/\/www.korhanyilmaz.com\/wp-content\/uploads\/2010\/09\/123.jpg\" alt=\"\" width=\"455\" height=\"653\" \/><\/a><\/p>\n<p style=\"text-align: justify;\">Her iki belgede bu i\u015flerin nas\u0131l kan\u0131ksand\u0131\u011f\u0131n\u0131 ortaya koyuyor. Yoksa bir milletvekilinin imzal\u0131 dilek\u00e7eyle torpil yapmas\u0131 pek ola\u011fan say\u0131lmamal\u0131.<\/p>\n<p style=\"text-align: justify;\">****<\/p>\n<p style=\"text-align: justify;\">Ba\u015fbakan Erdo\u011fan, hakim \u2013 savc\u0131 atamalar\u0131nda \u201c(alevi) dedelerden talimat alma d\u00f6nemi bitti\u201d demi\u015fti. Erdo\u011fan\u2019\u0131n kastetti\u011fi isim <strong>Adalet eski Bakan\u0131 Seyfi Oktay<\/strong> oluyor. Oktay, alevi dedesi midir, pek anlam ifade etmiyor. Ancak HSYK Ba\u015fkan\u0131 Kadir \u00d6zbek\u2019in bu konudaki a\u00e7\u0131klamas\u0131 da dikkat \u00e7ekici:<\/p>\n<p style=\"text-align: justify;\">\u201cSeyfi Bey\u2019in ad\u0131yla gelen bir savc\u0131n\u0131n dosyas\u0131 da \u00f6n\u00fcm\u00fcze gelmi\u015fti. Hakk\u0131nda bir soru\u015fturma vard\u0131. Son oyu ben \u2018g\u00f6revden uzakla\u015ft\u0131r\u0131lmas\u0131\u2019 y\u00f6n\u00fcnde kulland\u0131m ve benim oyumla g\u00f6revden uzakla\u015ft\u0131r\u0131ld\u0131.\u201d<\/p>\n<p style=\"text-align: justify;\"><span style=\"text-decoration: underline;\">Ba\u015fbakan iyi bir demogog. Ancak yay\u0131nlad\u0131\u011f\u0131m\u0131z belgeler demogojiye pek yer b\u0131rakm\u0131yor.<\/span><\/p>\n<p style=\"text-align: justify;\"><span style=\"color: #888888;\">Haber Kayna\u011f\u0131 : <a href=\"http:\/\/www.odatv.com\/n.php?n=akp-yargida-nasil-torpil-isletiyor-0809101200\" target=\"_blank\">Odatv.com<\/a><\/span><\/p>\n","protected":false},"excerpt":{"rendered":"<p style=\"text-align: center;\">\n<p style=\"text-align: justify;\">Ba\u015fbakan \u201calevi dedelerinin\u201d (yani birden \u00e7ok alevi dedesinin) hakim savc\u0131 atamalar\u0131na m\u00fcdahil oldu\u011funu iddia etti. Meydanda toplananlar da yuh \u00e7ekti.<\/p>\n<p style=\"text-align: justify;\">Bakal\u0131m halk\u0131m\u0131z bu haber i\u00e7in kime \u201cyuh\u201d \u00e7ekecek?<\/p>\n","protected":false},"author":1,"featured_media":0,"comment_status":"open","ping_status":"closed","sticky":false,"template":"","format":"standard","meta":{"footnotes":""},"categories":[105],"tags":[],"class_list":["post-25512","post","type-post","status-publish","format-standard","hentry","category-gundem","odd"],"_links":{"self":[{"href":"http:\/\/www.korhanyilmaz.com\/index.php?rest_route=\/wp\/v2\/posts\/25512","targetHints":{"allow":["GET"]}}],"collection":[{"href":"http:\/\/www.korhanyilmaz.com\/index.php?rest_route=\/wp\/v2\/posts"}],"about":[{"href":"http:\/\/www.korhanyilmaz.com\/index.php?rest_route=\/wp\/v2\/types\/post"}],"author":[{"embeddable":true,"href":"http:\/\/www.korhanyilmaz.com\/index.php?rest_route=\/wp\/v2\/users\/1"}],"replies":[{"embeddable":true,"href":"http:\/\/www.korhanyilmaz.com\/index.php?rest_route=%2Fwp%2Fv2%2Fcomments&post=25512"}],"version-history":[{"count":0,"href":"http:\/\/www.korhanyilmaz.com\/index.php?rest_route=\/wp\/v2\/posts\/25512\/revisions"}],"wp:attachment":[{"href":"http:\/\/www.korhanyilmaz.com\/index.php?rest_route=%2Fwp%2Fv2%2Fmedia&parent=25512"}],"wp:term":[{"taxonomy":"category","embeddable":true,"href":"http:\/\/www.korhanyilmaz.com\/index.php?rest_route=%2Fwp%2Fv2%2Fcategories&post=25512"},{"taxonomy":"post_tag","embeddable":true,"href":"http:\/\/www.korhanyilmaz.com\/index.php?rest_route=%2Fwp%2Fv2%2Ftags&post=25512"}],"curies":[{"name":"wp","href":"https:\/\/api.w.org\/{rel}","templated":true}]}}