{"id":2551,"date":"2009-01-07T15:15:14","date_gmt":"2009-01-07T13:15:14","guid":{"rendered":"http:\/\/www.korhanyilmaz.com\/?p=2551"},"modified":"2009-01-07T15:15:14","modified_gmt":"2009-01-07T13:15:14","slug":"ateskes-gorusmeleri-suruyor","status":"publish","type":"post","link":"http:\/\/www.korhanyilmaz.com\/?p=2551","title":{"rendered":"Ate\u015fkes g\u00f6r\u00fc\u015fmeleri s\u00fcr\u00fcyor"},"content":{"rendered":"<p style=\"text-align: center;\"><a href=\"http:\/\/www.korhanyilmaz.com\/wp-content\/uploads\/2009\/01\/f1a153293bdca74893f697a6x.jpg\"  class=\"lightview\"><img loading=\"lazy\" decoding=\"async\" class=\"size-full wp-image-2552 aligncenter\" title=\"Ate\u015fkes g\u00f6r\u00fc\u015fmeleri s\u00fcr\u00fcyor \" src=\"http:\/\/www.korhanyilmaz.com\/wp-content\/uploads\/2009\/01\/f1a153293bdca74893f697a6x.jpg\" alt=\"Ate\u015fkes g\u00f6r\u00fc\u015fmeleri s\u00fcr\u00fcyor \" width=\"380\" height=\"200\" \/><\/a><\/p>\n<p style=\"text-align: justify;\">\u0130srail ve Hamas, Fransa Cumhurba\u015fkan\u0131 Nicholas Sarkozy&#8217;nin \u0130srail ile Filistin \u00d6zerk Y\u00f6netiminin Fransa-M\u0131s\u0131r ate\u015fkes plan\u0131n\u0131 kabul etti\u011fi a\u00e7\u0131klamas\u0131na ra\u011fmen, bu konudaki g\u00f6r\u00fc\u015fme ve de\u011ferlendirmelerin s\u00fcrd\u00fc\u011f\u00fcn\u00fc bildirdi.\u0130srail h\u00fck\u00fcmet s\u00f6zc\u00fcs\u00fc Mark Regev, Gazze \u015eeridi&#8217;ndeki \u00e7at\u0131\u015fmalar\u0131 sona erdirmeyi hedefleyen Fransa-M\u0131s\u0131r giri\u015fimini memnuniyetle kar\u015f\u0131lad\u0131klar\u0131n\u0131 ve ba\u015far\u0131l\u0131 g\u00f6rmek istediklerini s\u00f6yledi.<\/p>\n<p style=\"text-align: justify;\">S\u00f6zc\u00fc Regev, ancak bu inisiyatif temelinde g\u00f6r\u00fc\u015fmelerin s\u00fcrd\u00fc\u011f\u00fcn\u00fc kaydetti.<!--more--><\/p>\n<p style=\"text-align: justify;\">Regev, g\u00fcneyde s\u00fcrd\u00fcr\u00fclebilir bir s\u00fckunetin, Gazze&#8217;den \u0130srail&#8217;e y\u00f6nelik d\u00fc\u015fman ate\u015finin t\u00fcm\u00fcyle durmas\u0131 ve Hamas&#8217;a etkili bir silah ambargosu temelinde olaca\u011f\u0131n\u0131 vurgulad\u0131.<\/p>\n<p style=\"text-align: justify;\">Bu arada Gazze \u015eeridi&#8217;nden bir Hamas yetkilisi de, M\u0131s\u0131r&#8217;\u0131n \u00f6nerisinin halen tart\u0131\u015f\u0131lmakta oldu\u011funu s\u00f6yledi.<\/p>\n<p style=\"text-align: justify;\">Fransa Cumhurba\u015fkan\u0131 Nicholas Sarkozy&#8217;nin makam\u0131ndan yap\u0131lan yaz\u0131l\u0131 a\u00e7\u0131klamada, Sarkozy&#8217;nin, \u0130srail ile Filistin \u00d6zerk Y\u00f6netiminin M\u0131s\u0131r Cumhurba\u015fkan\u0131 H\u00fcsn\u00fc M\u00fcbarek taraf\u0131ndan d\u00fcn gece \u015earm El \u015eeyh&#8217;te sunulan Frans\u0131z-M\u0131s\u0131r plan\u0131n\u0131 kabul etmesinden duydu\u011fu memnuniyet ifade edilmi\u015fti.<\/p>\n<p style=\"text-align: justify;\">A\u00e7\u0131klamada, i\u00e7eri\u011fiyle ilgili ayr\u0131nt\u0131l\u0131 bilgi verilmeyen plan\u0131n m\u00fcmk\u00fcn olan en k\u0131sa zamanda y\u00fcr\u00fcrl\u00fc\u011fe girmesi \u00e7a\u011fr\u0131s\u0131 da yer ald\u0131. Sarkozy&#8217;nin a\u00e7\u0131klamas\u0131nda Hamas&#8217;tansa s\u00f6z edilmedi.<\/p>\n<p style=\"text-align: justify;\"><em><strong>MISIR, F\u0130L\u0130ST\u0130NL\u0130LER\u0130N GAZZE&#8217;DEN OLASI AKINI \u0130\u00c7\u0130N KURTARMA PLANI HAZIRLADI<\/strong><\/em><\/p>\n<p style=\"text-align: justify;\">M\u0131s\u0131r, Gazze \u015eeridi&#8217;ndeki \u00e7at\u0131\u015fmalardan ka\u00e7an Filistinlilerin M\u0131s\u0131r&#8217;a olas\u0131 ak\u0131n\u0131 durumunda neler yap\u0131labilece\u011fine ili\u015fkin bir kurtarma plan\u0131 haz\u0131rlad\u0131.<\/p>\n<p style=\"text-align: justify;\">M\u0131s\u0131r K\u0131z\u0131lay\u0131 Genel Sekreteri Memduh Cebr, ulusal ve uluslararas\u0131 insani yard\u0131m \u00f6rg\u00fctlerinin destekledi\u011fi M\u0131s\u0131r h\u00fck\u00fcmetinin &#8220;azami gereklilik&#8221; durumuna haz\u0131rland\u0131\u011f\u0131n\u0131 belirtti.<\/p>\n<p style=\"text-align: justify;\">Refah s\u0131n\u0131r\u0131n\u0131n a\u00e7\u0131lmas\u0131 karar\u0131n\u0131n h\u00fck\u00fcmete ait oldu\u011funu vurgulayan Cebr, M\u0131s\u0131r&#8217;\u0131n Sina&#8217;n\u0131n kuzeyinde Filistinlilerin ak\u0131n\u0131na kar\u015f\u0131 lojistik a\u00e7\u0131dan haz\u0131r olaca\u011f\u0131n\u0131 s\u00f6yledi.<\/p>\n<p style=\"text-align: justify;\">K\u0131z\u0131lay ve K\u0131z\u0131lha\u00e7&#8217;\u0131n b\u00f6lge m\u00fcd\u00fcr\u00fc Mervan Jilani, plan\u0131n haz\u0131rlanmas\u0131na yard\u0131m ettiklerini, operasyonlar\u0131n h\u00fck\u00fcmet yetkililerince y\u00fcr\u00fct\u00fclece\u011fini kaydetti.<\/p>\n<p style=\"text-align: justify;\">Jilani&#8217;nin belirtti\u011fine g\u00f6re plan, 3 olas\u0131l\u0131\u011fa dayan\u0131yor. Bu olas\u0131l\u0131klar \u015f\u00f6yle:<\/p>\n<p style=\"text-align: justify;\">-M\u0131s\u0131r&#8217;a ani yaral\u0131 ak\u0131n\u0131 olmas\u0131. (\u015eu ana dek yakla\u015f\u0131k 120 yaral\u0131 Filistinli M\u0131s\u0131r&#8217;a geldi. Bu yaral\u0131lar\u0131n \u00e7o\u011fu Kahire&#8217;de hastaneye kald\u0131r\u0131ld\u0131)<\/p>\n<p style=\"text-align: justify;\">-N\u00fcfusun yo\u011fun oldu\u011fu b\u00f6lgelerde \u00e7at\u0131\u015fmalar\u0131n yo\u011funla\u015fmas\u0131 durumunda evini terk etmek zorunda kalan Filistinlilerin M\u0131s\u0131r&#8217;a ak\u0131n etmesi.<\/p>\n<p style=\"text-align: justify;\">-\u00c7at\u0131\u015fmalar sona erdikten sonra temel ihtiya\u00e7lar\u0131n sa\u011flanmas\u0131, ba\u015fta hastaneler olmak \u00fczere yeniden yap\u0131lanmaya yard\u0131m edilmesi.<\/p>\n<p style=\"text-align: justify;\"><span style=\"color: #999999;\">Kaynak : Sabah Gazetesi<\/span><\/p>\n","protected":false},"excerpt":{"rendered":"<p style=\"text-align: center;\">\n<p style=\"text-align: justify;\">\u0130srail ve Hamas, Fransa Cumhurba\u015fkan\u0131 Nicholas Sarkozy&#8217;nin \u0130srail ile Filistin \u00d6zerk Y\u00f6netiminin Fransa-M\u0131s\u0131r ate\u015fkes plan\u0131n\u0131 kabul etti\u011fi a\u00e7\u0131klamas\u0131na ra\u011fmen, bu konudaki g\u00f6r\u00fc\u015fme ve de\u011ferlendirmelerin s\u00fcrd\u00fc\u011f\u00fcn\u00fc bildirdi.\u0130srail h\u00fck\u00fcmet s\u00f6zc\u00fcs\u00fc Mark Regev, Gazze \u015eeridi&#8217;ndeki \u00e7at\u0131\u015fmalar\u0131 sona erdirmeyi hedefleyen Fransa-M\u0131s\u0131r giri\u015fimini memnuniyetle kar\u015f\u0131lad\u0131klar\u0131n\u0131 ve ba\u015far\u0131l\u0131 g\u00f6rmek istediklerini s\u00f6yledi.<\/p>\n<p style=\"text-align: justify;\">S\u00f6zc\u00fc Regev, ancak <\/p>\n","protected":false},"author":1,"featured_media":0,"comment_status":"open","ping_status":"open","sticky":false,"template":"","format":"standard","meta":{"footnotes":""},"categories":[3],"tags":[],"class_list":["post-2551","post","type-post","status-publish","format-standard","hentry","category-dunya","odd"],"_links":{"self":[{"href":"http:\/\/www.korhanyilmaz.com\/index.php?rest_route=\/wp\/v2\/posts\/2551","targetHints":{"allow":["GET"]}}],"collection":[{"href":"http:\/\/www.korhanyilmaz.com\/index.php?rest_route=\/wp\/v2\/posts"}],"about":[{"href":"http:\/\/www.korhanyilmaz.com\/index.php?rest_route=\/wp\/v2\/types\/post"}],"author":[{"embeddable":true,"href":"http:\/\/www.korhanyilmaz.com\/index.php?rest_route=\/wp\/v2\/users\/1"}],"replies":[{"embeddable":true,"href":"http:\/\/www.korhanyilmaz.com\/index.php?rest_route=%2Fwp%2Fv2%2Fcomments&post=2551"}],"version-history":[{"count":0,"href":"http:\/\/www.korhanyilmaz.com\/index.php?rest_route=\/wp\/v2\/posts\/2551\/revisions"}],"wp:attachment":[{"href":"http:\/\/www.korhanyilmaz.com\/index.php?rest_route=%2Fwp%2Fv2%2Fmedia&parent=2551"}],"wp:term":[{"taxonomy":"category","embeddable":true,"href":"http:\/\/www.korhanyilmaz.com\/index.php?rest_route=%2Fwp%2Fv2%2Fcategories&post=2551"},{"taxonomy":"post_tag","embeddable":true,"href":"http:\/\/www.korhanyilmaz.com\/index.php?rest_route=%2Fwp%2Fv2%2Ftags&post=2551"}],"curies":[{"name":"wp","href":"https:\/\/api.w.org\/{rel}","templated":true}]}}