{"id":25505,"date":"2010-09-07T19:59:42","date_gmt":"2010-09-07T16:59:42","guid":{"rendered":"http:\/\/www.korhanyilmaz.com\/?p=25505"},"modified":"2010-09-07T19:59:42","modified_gmt":"2010-09-07T16:59:42","slug":"bir-hakimin-facebooktaki-feryadi","status":"publish","type":"post","link":"http:\/\/www.korhanyilmaz.com\/?p=25505","title":{"rendered":"Bir hakimin Facebook&#8217;taki feryad\u0131"},"content":{"rendered":"<p style=\"text-align: justify;\"><a href=\"http:\/\/www.korhanyilmaz.com\/wp-content\/uploads\/2010\/09\/120.jpg\"  class=\"lightview\"><img loading=\"lazy\" decoding=\"async\" class=\"aligncenter size-full wp-image-25506\" src=\"http:\/\/www.korhanyilmaz.com\/wp-content\/uploads\/2010\/09\/120.jpg\" alt=\"\" width=\"420\" height=\"210\" \/><\/a><\/p>\n<p style=\"text-align: justify;\"><strong>\u2018Siyasi iktidarlar\u0131n robotu haline getirilmek isteniyorum\u2019<\/strong><\/p>\n<p style=\"text-align: justify;\">BOLU A\u011f\u0131r Ceza Hakimi \u00c7etin Canbazo\u011flu, Facebook\u2019taki ki\u015fisel sayfas\u0131nda \u2018Bir hakimin feryad\u0131\u2019 ba\u015fl\u0131kl\u0131 yaz\u0131s\u0131nda en b\u00fcy\u00fck nimeti olan h\u00fcr ve \u00f6zg\u00fcr iradesi ile vicdani kanaatinin 12 Eyl\u00fcl g\u00fcn\u00fc elinden al\u0131nmak istendi\u011fini ileri s\u00fcrd\u00fc. Hakim Canbazo\u011flu, \u201cBundan b\u00f6yle, kolu- kanad\u0131 k\u0131r\u0131lm\u0131\u015f \u2018ba\u011f\u0131ml\u0131 ve c\u00fcce\u2019 bir yarg\u0131n\u0131n mensubu olarak siyasi iktidarlar\u0131n \u2018robotu\u2019 haline getirilmek isteniyorum\u201d diye yazd\u0131. <!--more--><\/p>\n<p style=\"text-align: justify;\">Referadumda \u2018evet\u2019 oyu vermek ve \u2018boykot\u2019 etmek isteyenlerden kararlar\u0131n\u0131 bir daha g\u00f6zden ge\u00e7irmelerini isteyen Canbazo\u011flu, \u201cEvet\u00e7iler, boykot\u00e7ular ne olur, mesle\u011fimin biricik g\u00fcvencesi, varl\u0131k sebebi, olmazsa olmaz\u0131, b\u00fct\u00fcn g\u00fcc\u00fc, kuvveti, g\u00fczelli\u011fi, hatta s\u00fcs\u00fc olan \u2018h\u00fcr irademi\/vicdan\u0131m\u0131\u2019 l\u00fctfen ama l\u00fctfen elimden almay\u0131n, onu bana \u00e7ok g\u00f6rmeyin, beni birilerinin kulu, k\u00f6lesi, \u0131rgad\u0131, marabas\u0131, kuklas\u0131, robotu haline d\u00f6n\u00fc\u015ft\u00fcrmeyin! Ne olur!\u201d diye yalvard\u0131.<\/p>\n<p style=\"text-align: justify;\">Hakim \u00c7etin Canbazo\u011flu, Facebook\u2019taki sayfas\u0131nda pazar ak\u015fam\u0131 \u2018Bir Hakimin Feryad\u0131\u2019 ba\u015fl\u0131kl\u0131 yaz\u0131y\u0131 payla\u015ft\u0131. Ayn\u0131 zaman da foto\u011fraf\u00e7\u0131l\u0131kla ilgilenen ve bir\u00e7ok \u00f6d\u00fcl\u00fc bulunan \u00c7etin Canbazo\u011flu, halen, ba\u011f\u0131ms\u0131z yarg\u0131n\u0131n bir mensubu olarak Bolu Adliyesi\u2019nde A\u011f\u0131r Ceza Hakimi s\u0131fat\u0131yla g\u00f6revine devam etti\u011fini belirterek, \u015fu sat\u0131rlara yer verdi:<\/p>\n<p style=\"text-align: justify;\">\u201c23 y\u0131la varan meslek hayat\u0131m boyunca, bakmakta oldu\u011fum davalar hakk\u0131nda karar verirken, hi\u00e7 kimsenin tesiri alt\u0131nda kalmaks\u0131z\u0131n, sadece \u2018vicdani kanaatlerimin sesini\u2019 dinledim; hakl\u0131 oldu\u011funa inand\u0131\u011f\u0131m davalar\u0131 kabul; inanmad\u0131klar\u0131m\u0131 reddettim. Yarg\u0131n\u0131n \u2018ba\u011f\u0131ms\u0131z\u2019 olu\u015fundan ald\u0131\u011f\u0131m g\u00fc\u00e7le birilerini mutlu etmek i\u00e7in de\u011fil, kanuna ve hukuka uygun olarak, daima \u2018vicdani kanaatlerime g\u00f6re\u2019 karar verdim. \u015e\u00fcphesiz, mesle\u011fimin icras\u0131 s\u0131ras\u0131nda, kararlar\u0131m\u0131 etkilemeye \u00e7al\u0131\u015fan unsurlar hep oldu; ama, ben, hi\u00e7 birine kulak asmad\u0131m; telefon ettiklerinde ahizeyi suratlar\u0131na kapad\u0131m; odama girdiklerinde kap\u0131 d\u0131\u015far\u0131 ettim; \u2018kendi h\u00fcr vicdan\u0131m d\u0131\u015f\u0131nda\u2019 kimseye \u2018eyvallah\u0131m\u2019 olmad\u0131! \u00c7\u00fcnk\u00fc, arkamda, mensubu olmaktan her zaman gurur duydu\u011fum \u2018B\u00fcy\u00fck ve Ba\u011f\u0131ms\u0131z T\u00fcrk Yarg\u0131s\u0131\u2019 vard\u0131! E\u011fer, mensubu oldu\u011fum yarg\u0131 kuvveti, \u2018bir yerlere ba\u011f\u0131ml\u0131\u2019 olsayd\u0131, yarg\u0131lamaya ili\u015fkin yetkilerimi vicdani kanaatlerime g\u00f6re de\u011fil, \u2018birilerini\u2019 memnun etmek i\u00e7in, onlar\u0131n arzular\u0131, \u00e7\u0131karlar\u0131 ve talimatlar\u0131 do\u011frultusunda kullanmak mecburiyetinde kalacakt\u0131m; bu durumda ise, haktan, hukuktan, adalet ve hakkaniyetten s\u00f6z edilemeyecekti. Keza, y\u00fcce yarg\u0131, e\u011fer \u2018ba\u011f\u0131ml\u0131\u2019 olsayd\u0131, mesle\u011fimi, yarg\u0131y\u0131 ba\u011f\u0131ml\u0131 hale getiren siyasi iktidar mensuplar\u0131n\u0131n g\u00f6r\u00fc\u015f ve talimatlar\u0131 y\u00f6n\u00fcnde icra ediyor; kararlar\u0131m\u0131 da (a\u00e7\u0131ktan a\u00e7\u0131\u011fa olmasa bile, gizliden gizliye) onlar\u0131n emirleri do\u011frultusunda veriyor olacakt\u0131m! \u0130\u015fte, benim, bu \u2018en b\u00fcy\u00fck nimetim\u2019, kendi h\u00fcr ve \u00f6zg\u00fcr iradem\/vicdani kanaatim, 12 Eyl\u00fcl 2010 pazar g\u00fcn\u00fc ne yaz\u0131k ki, bir daha geri verilmemek \u00fczere elimden al\u0131nmak isteniyor; bundan b\u00f6yle, kolu-kanad\u0131 k\u0131r\u0131lm\u0131\u015f \u2018ba\u011f\u0131ml\u0131 ve c\u00fcce\u2019 bir yarg\u0131n\u0131n mensubu olarak siyasi iktidarlar\u0131n \u2018robotu\u2019 haline getirilmek isteniyorum!\u201d<\/p>\n<p style=\"text-align: justify;\"><span style=\"text-decoration: underline;\">Hakim Canbazo\u011flu, \u201c\u015eimdi, buradan, \u2018evet\u2019\u00e7ilere, \u2018\u015fimdilik evet\u2019\u00e7ilere, \u2018yetmez ama yine de evet\u2019\u00e7ilere ve \u2018boykot\u2019\u00e7ulara seslenmek istiyorum\u201d diyerek, yaz\u0131s\u0131na \u015f\u00f6yle devam etti:<\/span><\/p>\n<p style=\"text-align: justify;\">\u201cBenim, bir hakim olarak, yarg\u0131sal kararlar\u0131m\u0131 kanuna ve hukuka uygun bi\u00e7imde vicdani kanaatlerime g\u00f6re mi, yoksa siyasi iktidarlara mensup organ, makam, merci veya ki\u015filerin emir ve talimatlar\u0131na g\u00f6re mi vermemi istersiniz? Su\u00e7suz oldu\u011funa inand\u0131\u011f\u0131m bir san\u0131\u011f\u0131 tam beraat ettirmek \u00fczere iken, o s\u0131rada beni arayan ki\u015finin aksi y\u00f6nde karar vermemi \u2018emir buyurmas\u0131\u2019 \u00fczerine (i\u00e7im kan a\u011flayarak) mahkumiyetine karar vermem ho\u015funuza gider mi? Veya, tam tersi, eldeki delillere g\u00f6re cezaland\u0131r\u0131lmas\u0131 gereken az\u0131l\u0131 bir faili, hakketti\u011fi cezaya \u00e7arpt\u0131rmak \u00fczere iken, f\u00fctursuzca odama dalan \u2018birinin ya da birilerinin zoru ile\u2019 beraat ettirmem, adalet duygular\u0131n\u0131z\u0131 incitmeyecek mi? \u0130\u015fte, anayasa de\u011fi\u015fikli\u011fi ile yap\u0131lmak istenen budur! As\u0131l ama\u00e7, bug\u00fcne kadar bin t\u00fcrl\u00fc hileye, badireye, entrikaya, tertip ve d\u00fczene ra\u011fmen, hala \u2018ba\u011f\u0131ms\u0131z\u2019 kalabilmeyi ba\u015farm\u0131\u015f olan y\u00fcce T\u00fcrk yarg\u0131s\u0131n\u0131, idareye ba\u011f\u0131ml\u0131 bir \u2018robot yarg\u0131\u2019 haline d\u00f6n\u00fc\u015ft\u00fcrmektir! Bundan, hi\u00e7 \u015f\u00fcpheniz olmas\u0131n! Ben halk oylamas\u0131 sonras\u0131nda eskiden oldu\u011fu gibi, kararlar\u0131m\u0131, yine kendi h\u00fcr irademle ba\u015f ba\u015fa kalarak vermek istiyorum; idarenin m\u00fcmessilleriyle kafa kafaya vererek de\u011fil! Ben, kararlar\u0131mda bana tesir etmeye \u00e7al\u0131\u015fan ki\u015filerin suratlar\u0131na eskisi gibi telefonu kapamak; odama girdiklerinde ise yine kap\u0131 d\u0131\u015far\u0131 etmek istiyorum; her telefon ettiklerinde esas duru\u015fa ge\u00e7mek ya da mahkemeye geldiklerinde onlar\u0131 ba\u015f k\u00f6\u015felerde a\u011f\u0131rlamak de\u011fil! \u2018Evet\u00e7iler\/ Boykot\u00e7ular\u2019, ne olur, mesle\u011fimin biricik g\u00fcvencesi, varl\u0131k sebebi, olmazsa olmaz\u0131, b\u00fct\u00fcn g\u00fcc\u00fc, kuvveti, g\u00fczelli\u011fi, hatta s\u00fcs\u00fc olan \u2018h\u00fcr irademi\/vicdan\u0131m\u0131\u2019 l\u00fctfen, ama l\u00fctfen elimden almay\u0131n, onu bana \u00e7ok g\u00f6rmeyin, beni birilerinin kulu, k\u00f6lesi, \u0131rgad\u0131, marabas\u0131, kuklas\u0131, robotu haline d\u00f6n\u00fc\u015ft\u00fcrmeyin! Ne olur! Ba\u011f\u0131ms\u0131z T\u00fcrk yarg\u0131s\u0131n\u0131n onurlu bir mensubu olarak gerekirse sizlere yalvar\u0131yorum: Karar\u0131n\u0131z\u0131 l\u00fctfen bir kez daha g\u00f6zden ge\u00e7irin! Ne olur!\u201d<\/p>\n<p style=\"text-align: justify;\">DHA muhabirinin telefonla ula\u015ft\u0131\u011f\u0131 hakim \u00c7etin Canbazo\u011flu, Yarg\u0131\u00e7lar ve Savc\u0131lar Birli\u011fi (Yarsav) veya herhangi bir derne\u011fin \u00fcyesi olmad\u0131\u011f\u0131n\u0131, geli\u015fmeleri ibretle ve deh\u015fetle izledi\u011fini, yarg\u0131n\u0131n ele ge\u00e7irilmek istendi\u011fini, Facebook\u2019ta ki\u015fisel sayfas\u0131nda yaz\u0131y\u0131 kaleme almas\u0131ndaki nedenleri belirtti\u011fini a\u00e7\u0131klad\u0131.<\/p>\n<p style=\"text-align: justify;\">Bolu Merkez \u0130l\u00e7e Se\u00e7im Kurulu Ba\u015fkan\u0131 oldu\u011funu, bu yaz\u0131n\u0131n ard\u0131ndan tarafs\u0131z olamayaca\u011f\u0131 nedeniyle Y\u00fcksek Se\u00e7im Kurulu\u2019na dilek\u00e7e vererek g\u00f6revden al\u0131nmas\u0131n\u0131 istedi\u011fini s\u00f6yleyen Canbazo\u011flu, Y\u00fcksek Se\u00e7im Kurulu\u2019nun da bu iste\u011fine olumlu karar verdi\u011fini s\u00f6yledi.<\/p>\n<p style=\"text-align: justify;\"><a href=\"http:\/\/www.korhanyilmaz.com\/wp-content\/uploads\/2010\/09\/1191.jpg\"  class=\"lightview\"><img loading=\"lazy\" decoding=\"async\" class=\"aligncenter size-full wp-image-25508\" src=\"http:\/\/www.korhanyilmaz.com\/wp-content\/uploads\/2010\/09\/1191.jpg\" alt=\"\" width=\"500\" height=\"442\" \/><\/a><a href=\"http:\/\/haber.gazetevatan.com\/bir-hakimin-facebooktaki-feryadi\/327604\/1\/Gundem\" target=\"_blank\"><\/a><\/p>\n<p style=\"text-align: justify;\"><span style=\"color: #888888;\">Mutlu YUCA- Koray YILMAZDEM\u0130R- Taner BAYAR\/BOLU, (DHA)<\/span><\/p>\n<p style=\"text-align: justify;\"><a href=\"http:\/\/haber.gazetevatan.com\/bir-hakimin-facebooktaki-feryadi\/327604\/1\/Gundem\" target=\"_blank\"><span style=\"color: #888888;\">Kaynak : Vatan<\/span><\/a><\/p>\n","protected":false},"excerpt":{"rendered":"<p style=\"text-align: justify;\">\n<p style=\"text-align: justify;\">\u2018Siyasi iktidarlar\u0131n robotu haline getirilmek isteniyorum\u2019<\/p>\n<p style=\"text-align: justify;\">BOLU A\u011f\u0131r Ceza Hakimi \u00c7etin Canbazo\u011flu, Facebook\u2019taki ki\u015fisel sayfas\u0131nda \u2018Bir hakimin feryad\u0131\u2019 ba\u015fl\u0131kl\u0131 yaz\u0131s\u0131nda en b\u00fcy\u00fck nimeti olan h\u00fcr ve \u00f6zg\u00fcr iradesi ile vicdani kanaatinin 12 Eyl\u00fcl g\u00fcn\u00fc elinden al\u0131nmak istendi\u011fini ileri s\u00fcrd\u00fc. Hakim Canbazo\u011flu, \u201cBundan b\u00f6yle, kolu- kanad\u0131 k\u0131r\u0131lm\u0131\u015f \u2018ba\u011f\u0131ml\u0131 ve <\/p>\n","protected":false},"author":1,"featured_media":0,"comment_status":"open","ping_status":"closed","sticky":false,"template":"","format":"standard","meta":{"footnotes":""},"categories":[105],"tags":[],"class_list":["post-25505","post","type-post","status-publish","format-standard","hentry","category-gundem","odd"],"_links":{"self":[{"href":"http:\/\/www.korhanyilmaz.com\/index.php?rest_route=\/wp\/v2\/posts\/25505","targetHints":{"allow":["GET"]}}],"collection":[{"href":"http:\/\/www.korhanyilmaz.com\/index.php?rest_route=\/wp\/v2\/posts"}],"about":[{"href":"http:\/\/www.korhanyilmaz.com\/index.php?rest_route=\/wp\/v2\/types\/post"}],"author":[{"embeddable":true,"href":"http:\/\/www.korhanyilmaz.com\/index.php?rest_route=\/wp\/v2\/users\/1"}],"replies":[{"embeddable":true,"href":"http:\/\/www.korhanyilmaz.com\/index.php?rest_route=%2Fwp%2Fv2%2Fcomments&post=25505"}],"version-history":[{"count":0,"href":"http:\/\/www.korhanyilmaz.com\/index.php?rest_route=\/wp\/v2\/posts\/25505\/revisions"}],"wp:attachment":[{"href":"http:\/\/www.korhanyilmaz.com\/index.php?rest_route=%2Fwp%2Fv2%2Fmedia&parent=25505"}],"wp:term":[{"taxonomy":"category","embeddable":true,"href":"http:\/\/www.korhanyilmaz.com\/index.php?rest_route=%2Fwp%2Fv2%2Fcategories&post=25505"},{"taxonomy":"post_tag","embeddable":true,"href":"http:\/\/www.korhanyilmaz.com\/index.php?rest_route=%2Fwp%2Fv2%2Ftags&post=25505"}],"curies":[{"name":"wp","href":"https:\/\/api.w.org\/{rel}","templated":true}]}}