{"id":25501,"date":"2010-09-08T09:36:12","date_gmt":"2010-09-08T06:36:12","guid":{"rendered":"http:\/\/www.korhanyilmaz.com\/?p=25501"},"modified":"2010-09-08T09:36:12","modified_gmt":"2010-09-08T06:36:12","slug":"yarsav-duvarinda-telekulak","status":"publish","type":"post","link":"http:\/\/www.korhanyilmaz.com\/?p=25501","title":{"rendered":"YARSAV duvar\u0131nda telekulak"},"content":{"rendered":"<p style=\"text-align: center;\"><a href=\"http:\/\/www.korhanyilmaz.com\/wp-content\/uploads\/2010\/09\/118.jpg\"  class=\"lightview\"><img loading=\"lazy\" decoding=\"async\" class=\"aligncenter size-full wp-image-25502\" src=\"http:\/\/www.korhanyilmaz.com\/wp-content\/uploads\/2010\/09\/118.jpg\" alt=\"\" width=\"413\" height=\"220\" \/><\/a><\/p>\n<p style=\"text-align: justify;\">Tarhan: Duvar\u0131n i\u00e7inden kalorifer odakl\u0131 sesler geliyordu. Dinlendi\u011fimizi tespit ettik.<\/p>\n<p style=\"text-align: justify;\">Yarg\u0131\u00e7lar ve Savc\u0131lar Birli\u011fi\u2019nin (YARSAV) K\u0131z\u0131lay\u2019daki merkezinin duvarlar\u0131 ve kaloriferinden ses gelmesi sonucu yap\u0131lan incelemede derne\u011fin dinlendi\u011fi ortaya \u00e7\u0131kt\u0131. YARSAV Ba\u015fkan\u0131 Emine \u00dclker Tarhan, \u201cDinlendi\u011fimizi tespit ettik. Kendimize g\u00f6re dinlemeye kar\u015f\u0131 \u00f6nlemler de geli\u015ftirdik. YARSAV\u2019\u0131n dinlendi\u011fi \u00e7ok a\u00e7\u0131k\u201d dedi. <!--more--><\/p>\n<p style=\"text-align: justify;\">Tarhan, \u201cYARSAV\u2019\u0131n dinlendi\u011fi konusunda \u015f\u00fcpheniz mi vard\u0131?\u201d sorusu \u00fczerine \u015funlar\u0131 s\u00f6yledi: \u201cYARSAV\u2019\u0131n dinlendi\u011fine ili\u015fkin bir \u015f\u00fcpheye kap\u0131ld\u0131k. Duvar\u0131n i\u00e7inden kalorifer odakl\u0131 sesler geliyordu. \u0130nceleme yapt\u0131rd\u0131k, dinlendi\u011fimizi tespit ettik. Ama bu tespiti yapanlar\u0131 de\u015fifre etmek istemiyorum. Duvar ve kaloriferin oradan dinleme yap\u0131ld\u0131\u011f\u0131na ili\u015fkin saptama da yap\u0131ld\u0131. YARSAV\u2019\u0131n \u00f6n\u00fcnde Atat\u00fcrk Bulvar\u0131 \u00fczerinde baz\u0131 ara\u00e7lar g\u00f6rmeye de al\u0131\u015ft\u0131k. Bunlar belli tipte, ne i\u015flevi oldu\u011fu herkes\u00e7e bilinen ara\u00e7lar, camlar\u0131 i\u00e7inin g\u00f6r\u00fclmesini engelleyecek \u015fekilde filmle kapl\u0131. \u00c7ok s\u0131k bu ara\u00e7lar\u0131 derne\u011fimizin \u00f6n\u00fcnde g\u00f6r\u00fcyoruz. \u0130nan\u0131n art\u0131k al\u0131\u015ft\u0131k. 73 milyon dinleniyor.<\/p>\n<p style=\"text-align: justify;\"><strong>&#8220;G\u00fcvenmiyoruz&#8221; <\/strong><\/p>\n<p style=\"text-align: justify;\">Hep siyasal iktidara muhalif sesler \u00e7\u0131karanlar ve yarg\u0131 mensuplar\u0131 dinleniyor. Bizi ihsas-\u0131 rey\u2019le su\u00e7layanlara biz de hi\u00e7 g\u00fcvenmiyoruz. YARSAV dinleniyor, biz dinleniyoruz. Ama siyasal iktidar\u0131n \u00f6nlem alaca\u011f\u0131na inanm\u0131yoruz. Say\u0131n Ba\u015fbakan \u2018Takibe tak\u0131lanlar var\u2019 diyor. Sanki bunlar\u0131 ara\u015ft\u0131rmak, \u00e7\u00f6zmek, dinleme \u00e7etesi varsa ortaya \u00e7\u0131karmak iktidar\u0131n da g\u00f6revi de\u011fil. Bu dinleme \u00e7etesi varsa, kime hizmet etmektedir? Bunlar demokrasi i\u00e7in y\u00fczkaras\u0131. Bir ba\u015fbakan\u0131n miting meydanlar\u0131nda, \u2018Takibe tak\u0131lanlar\u2019 diye s\u00f6ze ba\u015flamas\u0131, referandumda rant sa\u011flamaya \u00e7al\u0131\u015fmas\u0131 da \u00e7ok rahats\u0131z edici. Bu s\u00fcre\u00e7te karanl\u0131k kulaklar\u0131n fazla mesai yapacaklar\u0131n\u0131 d\u00fc\u015f\u00fcn\u00fcyorum. H\u00fck\u00fcmet, ki\u015fisel verilerin sadece de\u015fifre edilmesine ili\u015fkin yasa \u00e7\u0131karacak. Bu karanl\u0131k yasayla ki\u015fisel verilerin h\u00fck\u00fcmet ad\u0131na de\u015fifre edilmesine imkan sa\u011flanacak.\u201d (Vatan)<\/p>\n<p style=\"text-align: justify;\"><span style=\"color: #888888;\">Kaynak : <a href=\"http:\/\/www.gazeteport.com.tr\/GUNCEL\/NEWS\/GP_759884\" target=\"_blank\">GAZETEPORT<\/a><\/span><\/p>\n","protected":false},"excerpt":{"rendered":"<p style=\"text-align: center;\">\n<p style=\"text-align: justify;\">Tarhan: Duvar\u0131n i\u00e7inden kalorifer odakl\u0131 sesler geliyordu. Dinlendi\u011fimizi tespit ettik.<\/p>\n<p style=\"text-align: justify;\">Yarg\u0131\u00e7lar ve Savc\u0131lar Birli\u011fi\u2019nin (YARSAV) K\u0131z\u0131lay\u2019daki merkezinin duvarlar\u0131 ve kaloriferinden ses gelmesi sonucu yap\u0131lan incelemede derne\u011fin dinlendi\u011fi ortaya \u00e7\u0131kt\u0131. YARSAV Ba\u015fkan\u0131 Emine \u00dclker Tarhan, \u201cDinlendi\u011fimizi tespit ettik. Kendimize g\u00f6re dinlemeye kar\u015f\u0131 \u00f6nlemler de geli\u015ftirdik. YARSAV\u2019\u0131n dinlendi\u011fi \u00e7ok a\u00e7\u0131k\u201d <\/p>\n","protected":false},"author":1,"featured_media":0,"comment_status":"open","ping_status":"closed","sticky":false,"template":"","format":"standard","meta":{"footnotes":""},"categories":[105],"tags":[],"class_list":["post-25501","post","type-post","status-publish","format-standard","hentry","category-gundem","odd"],"_links":{"self":[{"href":"http:\/\/www.korhanyilmaz.com\/index.php?rest_route=\/wp\/v2\/posts\/25501","targetHints":{"allow":["GET"]}}],"collection":[{"href":"http:\/\/www.korhanyilmaz.com\/index.php?rest_route=\/wp\/v2\/posts"}],"about":[{"href":"http:\/\/www.korhanyilmaz.com\/index.php?rest_route=\/wp\/v2\/types\/post"}],"author":[{"embeddable":true,"href":"http:\/\/www.korhanyilmaz.com\/index.php?rest_route=\/wp\/v2\/users\/1"}],"replies":[{"embeddable":true,"href":"http:\/\/www.korhanyilmaz.com\/index.php?rest_route=%2Fwp%2Fv2%2Fcomments&post=25501"}],"version-history":[{"count":0,"href":"http:\/\/www.korhanyilmaz.com\/index.php?rest_route=\/wp\/v2\/posts\/25501\/revisions"}],"wp:attachment":[{"href":"http:\/\/www.korhanyilmaz.com\/index.php?rest_route=%2Fwp%2Fv2%2Fmedia&parent=25501"}],"wp:term":[{"taxonomy":"category","embeddable":true,"href":"http:\/\/www.korhanyilmaz.com\/index.php?rest_route=%2Fwp%2Fv2%2Fcategories&post=25501"},{"taxonomy":"post_tag","embeddable":true,"href":"http:\/\/www.korhanyilmaz.com\/index.php?rest_route=%2Fwp%2Fv2%2Ftags&post=25501"}],"curies":[{"name":"wp","href":"https:\/\/api.w.org\/{rel}","templated":true}]}}