{"id":25497,"date":"2010-09-08T08:11:32","date_gmt":"2010-09-08T05:11:32","guid":{"rendered":"http:\/\/www.korhanyilmaz.com\/?p=25497"},"modified":"2010-09-08T08:11:32","modified_gmt":"2010-09-08T05:11:32","slug":"bdpden-bingolde-gece-yarisi-mitingi","status":"publish","type":"post","link":"http:\/\/www.korhanyilmaz.com\/?p=25497","title":{"rendered":"BDP&#8217;den Bing\u00f6l&#8217;de gece yar\u0131s\u0131 mitingi"},"content":{"rendered":"<p><a href=\"http:\/\/www.korhanyilmaz.com\/wp-content\/uploads\/2010\/09\/117.jpg\"  class=\"lightview\"><img loading=\"lazy\" decoding=\"async\" class=\"aligncenter size-full wp-image-25498\" src=\"http:\/\/www.korhanyilmaz.com\/wp-content\/uploads\/2010\/09\/117.jpg\" alt=\"\" width=\"292\" height=\"194\" \/><\/a><\/p>\n<p style=\"text-align: justify;\">BDP Genel Ba\u015fkan\u0131 Selahattin Demirta\u015f, Bing\u00f6l&#8217;de gece yar\u0131s\u0131 mitingi yapt\u0131, &#8220;Ba\u015fbakan&#8217;\u0131n ba\u015flad\u0131\u011f\u0131 yerde biz noktay\u0131 koymak istedik&#8221; dedi.<\/p>\n<p style=\"text-align: justify;\">Demirta\u015f, Bing\u00f6l PTT kav\u015fa\u011f\u0131nda d\u00fczenlenen mitingde yapt\u0131\u011f\u0131 konu\u015fmada, Ba\u015fbakan&#8217;\u0131n yan\u0131na golc\u00fcleri, futbolcular\u0131 alarak, meydan meydan dola\u015ft\u0131rd\u0131\u011f\u0131n\u0131 s\u00f6yledi. <!--more--><\/p>\n<p style=\"text-align: justify;\">Ba\u015fbakan Erdo\u011fan&#8217;a &#8220;Sen yan\u0131nda Hakan \u015e\u00fck\u00fcr&#8217;\u00fc de\u011fil, Ronaldo&#8217;yu da getirsen Diyarbak\u0131r kalesine gol atamazs\u0131n art\u0131k&#8221; diyen Demirta\u015f, &#8220;Sana bir tavsiyemiz var, sen yan\u0131nda golc\u00fc de\u011fil, kaleci ta\u015f\u0131, \u00e7\u00fcnk\u00fc 12 Eyl\u00fcl&#8217;de gol  yemeye haz\u0131rlan\u0131yorsun&#8221; diye konu\u015ftu.<\/p>\n<p style=\"text-align: justify;\">Demirta\u015f, 12 Eyl\u00fcl\u00fcn hesap sorma g\u00fcn\u00fc oldu\u011funu iddia ederek, \u015funlar\u0131 kaydetti:<\/p>\n<p style=\"text-align: justify;\">&#8220;Bing\u00f6l, Ba\u015fbakan\u0131 \u00f6mr\u00fcnde bir defa anlad\u0131, onu da yanl\u0131\u015f anlad\u0131. Bing\u00f6lbu meydandaki kalabal\u0131kla boykot rekoru k\u0131r\u0131yor. Bug\u00fcn final mitingimizi burada yap\u0131yoruz. Ba\u015fbakan\u0131n ba\u015flad\u0131\u011f\u0131 yerde biz noktay\u0131 koymak istedik. 12 Eyl\u00fcl fa\u015fizm anayasas\u0131na &#8216;hay\u0131r&#8217; oyu ile rekor k\u0131ran Bing\u00f6l, bu Bing\u00f6l&#8217;d\u00fcr. Bak\u0131n yeni anayasay\u0131 en fazla isteyen BDP&#8217;dir. BDP mecliste \u00f6neri sunan &#8216;gel bu de\u011fi\u015fikli\u011fibirlikte yapal\u0131m, bizim cesaretlerimiz var, bu halk\u0131n da \u00f6zlemleri var, beklentileri var&#8217; diyen partidir. Ama Ba\u015fbakan\u0131n yeni anayasaya da bu halk\u0131ntaleplerini dinlemeye de niyeti yok. &#8220;<\/p>\n<p style=\"text-align: justify;\">BDP Genel Ba\u015fkan Yard\u0131mc\u0131s\u0131 G\u00fclten K\u0131\u015fanak da K\u00fcrt halk\u0131n\u0131n var olma m\u00fccadelesi i\u00e7in bu referandumda boykot karar\u0131 ald\u0131klar\u0131n\u0131 ifade etti.<\/p>\n<p style=\"text-align: justify;\">Geni\u015f g\u00fcvenlik \u00f6nlemlerinin al\u0131nd\u0131\u011f\u0131 DTP mitinginde Demirta\u015f ve K\u0131\u015fanak&#8217;tan \u00f6nce sahneye \u00e7\u0131kan Seyda Perin\u00e7ek ve Rojda konser verdi.<\/p>\n<p style=\"text-align: justify;\"><a href=\"http:\/\/www.cnnturk.com\/2010\/turkiye\/09\/08\/bdpden.bingolde.gece.yarisi.mitingi\/589099.0\/index.html\" target=\"_blank\"><span style=\"color: #888888;\">CNN T\u00dcRK<\/span><\/a><\/p>\n","protected":false},"excerpt":{"rendered":"<\/p>\n<p style=\"text-align: justify;\">BDP Genel Ba\u015fkan\u0131 Selahattin Demirta\u015f, Bing\u00f6l&#8217;de gece yar\u0131s\u0131 mitingi yapt\u0131, &#8220;Ba\u015fbakan&#8217;\u0131n ba\u015flad\u0131\u011f\u0131 yerde biz noktay\u0131 koymak istedik&#8221; dedi.<\/p>\n<p style=\"text-align: justify;\">Demirta\u015f, Bing\u00f6l PTT kav\u015fa\u011f\u0131nda d\u00fczenlenen mitingde yapt\u0131\u011f\u0131 konu\u015fmada, Ba\u015fbakan&#8217;\u0131n yan\u0131na golc\u00fcleri, futbolcular\u0131 alarak, meydan meydan dola\u015ft\u0131rd\u0131\u011f\u0131n\u0131 s\u00f6yledi. <\/p>\n","protected":false},"author":1,"featured_media":0,"comment_status":"open","ping_status":"closed","sticky":false,"template":"","format":"standard","meta":{"footnotes":""},"categories":[105],"tags":[],"class_list":["post-25497","post","type-post","status-publish","format-standard","hentry","category-gundem","odd"],"_links":{"self":[{"href":"http:\/\/www.korhanyilmaz.com\/index.php?rest_route=\/wp\/v2\/posts\/25497","targetHints":{"allow":["GET"]}}],"collection":[{"href":"http:\/\/www.korhanyilmaz.com\/index.php?rest_route=\/wp\/v2\/posts"}],"about":[{"href":"http:\/\/www.korhanyilmaz.com\/index.php?rest_route=\/wp\/v2\/types\/post"}],"author":[{"embeddable":true,"href":"http:\/\/www.korhanyilmaz.com\/index.php?rest_route=\/wp\/v2\/users\/1"}],"replies":[{"embeddable":true,"href":"http:\/\/www.korhanyilmaz.com\/index.php?rest_route=%2Fwp%2Fv2%2Fcomments&post=25497"}],"version-history":[{"count":0,"href":"http:\/\/www.korhanyilmaz.com\/index.php?rest_route=\/wp\/v2\/posts\/25497\/revisions"}],"wp:attachment":[{"href":"http:\/\/www.korhanyilmaz.com\/index.php?rest_route=%2Fwp%2Fv2%2Fmedia&parent=25497"}],"wp:term":[{"taxonomy":"category","embeddable":true,"href":"http:\/\/www.korhanyilmaz.com\/index.php?rest_route=%2Fwp%2Fv2%2Fcategories&post=25497"},{"taxonomy":"post_tag","embeddable":true,"href":"http:\/\/www.korhanyilmaz.com\/index.php?rest_route=%2Fwp%2Fv2%2Ftags&post=25497"}],"curies":[{"name":"wp","href":"https:\/\/api.w.org\/{rel}","templated":true}]}}