{"id":25493,"date":"2010-09-08T08:54:12","date_gmt":"2010-09-08T05:54:12","guid":{"rendered":"http:\/\/www.korhanyilmaz.com\/?p=25493"},"modified":"2010-09-08T08:54:12","modified_gmt":"2010-09-08T05:54:12","slug":"erdogan-hayir-diyenler-darbeci","status":"publish","type":"post","link":"http:\/\/www.korhanyilmaz.com\/?p=25493","title":{"rendered":"Erdo\u011fan: &#8220;Hay\u0131r diyenler darbeci&#8221;"},"content":{"rendered":"<p style=\"text-align: center;\"><a href=\"http:\/\/www.korhanyilmaz.com\/wp-content\/uploads\/2010\/09\/116.jpg\"  class=\"lightview\"><img loading=\"lazy\" decoding=\"async\" class=\"aligncenter size-full wp-image-25494\" src=\"http:\/\/www.korhanyilmaz.com\/wp-content\/uploads\/2010\/09\/116.jpg\" alt=\"\" width=\"307\" height=\"236\" \/><\/a><\/p>\n<p style=\"text-align: justify;\">Ba\u015fbakan Recep Tayyip &#8220;Erdo\u011fan, &#8220;Referandumda hay\u0131r diyenler bana g\u00f6re darbe anayasas\u0131n\u0131 savunduklar\u0131na g\u00f6re darbecidir&#8221; ifadesini kulland\u0131.<\/p>\n<p style=\"text-align: justify;\">NTV canl\u0131 yay\u0131n\u0131nda g\u00fcndeme ili\u015fkin sorular\u0131 yan\u0131tlayan Ba\u015fbakan Erdo\u011fan kendi iradesiyle sand\u0131\u011f\u0131 boykot edenlere de\u011fil, vatanda\u015f\u0131 engellemeye \u00e7al\u0131\u015fanlara tepkili oldu\u011fu s\u00f6yledi. <!--more--><\/p>\n<p style=\"text-align: justify;\">Ba\u015fbakan BDP&#8217;nin kapat\u0131lmaktan ve boykottan nemaland\u0131\u011f\u0131n\u0131 s\u00f6yledi.<\/p>\n<p style=\"text-align: justify;\"><strong>Referandum:<\/strong><\/p>\n<p style=\"text-align: justify;\">Erdo\u011fan, daha \u00f6nceki baz\u0131 a\u00e7\u0131klamalar\u0131 an\u0131msat\u0131larak, &#8220;Sizce hay\u0131r diyenler darbeci mi olacak?&#8221; sorusu \u00fczerine, &#8220;Bana g\u00f6re darbe anayasas\u0131n\u0131 savunduklar\u0131na g\u00f6re darbecidir&#8221; ifadesini kulland\u0131.<\/p>\n<p style=\"text-align: justify;\">Erdo\u011fan, &#8220;O zaman diyelim ki sizin anketlerinize g\u00f6re, en son yapt\u0131\u011f\u0131n\u0131z a\u00e7\u0131klamada, y\u00fczde 55-45. Y\u00fczde 45&#8217;inin darbeci oldu\u011fu bir \u00fclkede ya\u015famak nas\u0131l bir duygu?&#8221; sorusuna \u015fu kar\u015f\u0131l\u0131\u011f\u0131 verdi:<\/p>\n<p style=\"text-align: justify;\">&#8220;Bak\u0131n ben ne diyorum? Bu darbeci zihniyeti desteklediklerini savunuyorum. \u015eimdi, normal zamanda ne s\u00f6yleniyordu? &#8216;Biz darbe zihniyetine kar\u015f\u0131y\u0131z. Dolay\u0131s\u0131yla bu darbe anayasas\u0131n\u0131n de\u011fi\u015fmesi gerekir&#8217; diyorlard\u0131. \u015eimdi bunu s\u00f6yleyenler, nas\u0131l oluyor da kalk\u0131p da darbe zihniyetinin ortaya koydu\u011fu b\u00f6yle bir anayasay\u0131 destekliyorlar?<\/p>\n<p style=\"text-align: justify;\">92&#8217;ye 8 \u00e7\u0131kan bir neticeydi de\u011fil mi, 12 Eyl\u00fcl? Nas\u0131l oldu bu? Bask\u0131larla olan bir \u015fey de\u011fil miydi? \u015eimdi bunu benim milletim ayn\u0131 \u015fekilde geri \u00e7eviremez mi? O zaman 92&#8217;yi verenin i\u00e7erisinde her zihniyetten partili yok muydu? Sa\u011f\u0131ndan da vard\u0131, solundan da vard\u0131. Halbuki kimin ne oy verdi\u011fini kimsenin bildi\u011fi de yoktu. Ama \u00f6yle bir korku toplumu olu\u015fturulmu\u015ftu ki buna y\u00fczde 92&#8217;si o zaman evet dedi. \u015eu anda diyorum ki ben, bu tam tersine \u00e7evrilebilir. \u00c7\u00fcnk\u00fc bunu, ayn\u0131 zamanda dikkat ederseniz, \u015fu ifadeyi de kullan\u0131yorum, 12 Eyl\u00fcl ile bir y\u00fczle\u015fmedir bu diyorum.&#8221;<\/p>\n<p style=\"text-align: justify;\">Erdo\u011fan, referanduma gidecek 26 madde ile yeni bir anayasan\u0131n ilk ad\u0131m\u0131n\u0131 att\u0131klar\u0131n\u0131 vurgulayarak, 2011&#8217;den sonra da geni\u015f tabanl\u0131, daha kat\u0131l\u0131mc\u0131 bir anayasay\u0131 birlikte haz\u0131rlamay\u0131 \u00f6nerdiklerini belirtti.<\/p>\n<p style=\"text-align: justify;\"><strong>CHP&#8217;li kad\u0131nlara dayak:<\/strong><\/p>\n<p style=\"text-align: justify;\">Ba\u015fbakan Erdo\u011fan, Avc\u0131lar&#8217;da CHP&#8217;li kad\u0131nlara sald\u0131ran ki\u015finin tespit edildi\u011fini ve ifadesinde AK Partili olmad\u0131\u011f\u0131n\u0131 s\u00f6yledi\u011fini bildirdi.<\/p>\n<p style=\"text-align: justify;\"><strong>BDP&#8217;ye ele\u015ftiri:<\/strong><\/p>\n<p style=\"text-align: justify;\">Ba\u015fbakan Erdo\u011fan, devletin g\u00fcvenlik g\u00fc\u00e7lerinin hi\u00e7bir zaman silah b\u0131rakmayaca\u011f\u0131n\u0131 vurgulayarak, silah\u0131n\u0131 halk\u0131 i\u00e7in ter\u00f6riste kar\u015f\u0131, adi su\u00e7luya kar\u015f\u0131 her yerde kullanaca\u011f\u0131n\u0131 kaydetti.<\/p>\n<p style=\"text-align: justify;\">Erdo\u011fan, &#8220;Ter\u00f6rist silahl\u0131 oldu\u011fu i\u00e7in ter\u00f6rist. Silah\u0131 b\u0131rakt\u0131\u011f\u0131nda ter\u00f6rist olmaktan \u00e7\u0131kar, sayg\u0131n bir vatanda\u015f durumuna d\u00fc\u015fer. Olmas\u0131 gereken budur, bizim beklentimiz de budur. Ama bunlar \u015fiddeti bir \u015fantaj unsuru olarak kullan\u0131yor. Bir defa T\u00fcrkiye&#8217;nin bundan kurtulmas\u0131 laz\u0131m&#8221; diye konu\u015ftu.<\/p>\n<p style=\"text-align: justify;\">BDP Genel Ba\u015fkan\u0131 Selahattin Demirta\u015f&#8217;\u0131n bu konuda \u00e7ok daha net olmas\u0131 gerekti\u011finin alt\u0131n\u0131 \u00e7izen Erdo\u011fan, \u015funlar\u0131 s\u00f6yledi:<\/p>\n<p style=\"text-align: justify;\">&#8220;Bir yerlerden talimat alarak, bir yerlere dan\u0131\u015farak kendi iradelerini olu\u015fturuyorsa bu demokratik parlamenter sisteme yak\u0131\u015fmaz. Parlamento \u00e7at\u0131s\u0131 alt\u0131ndaki arkada\u015flar\u0131nla iradeni belirle, ona g\u00f6re ad\u0131m\u0131n\u0131 at. Bir yerden bir\u015feyler bekleme. Bunu yapt\u0131\u011f\u0131n\u0131z zaman ben de sizinle daha rahat konu\u015furum. Bunlar\u0131 biz burada \u00e7\u00f6zelim. \u015eiddete kar\u015f\u0131 m\u0131s\u0131n de\u011fil misin? Bizle g\u00f6r\u00fc\u015f\u00fcrken kar\u015f\u0131ysan\u0131z, \u015fu andaki tablolar\u0131na bak\u0131yoruz demek ki \u015fiddete kar\u015f\u0131 de\u011filler. 21 Eyl\u00fcl&#8217;de ne olacak, ne olmayacak? Bunu bize niye soruyorsun. Da\u011f ile irtibat\u0131 olanlar kimlerse onlarla bunlar\u0131 konu\u015fun. \u015eiddeti bir \u015fantaj arac\u0131 olarakkullan\u0131rsan h\u00fck\u00fcmet b\u00f6yle bir \u015fantaja asla kurban olmaz.&#8221;<\/p>\n<p style=\"text-align: justify;\">Erdo\u011fan, &#8220;BDP referanduma evet deseydi, sizin i\u00e7in iyi olur muydu?&#8221; sorusunu, &#8220;G\u00f6revini yapm\u0131\u015f olurdu&#8221; diye cevaplad\u0131.<\/p>\n<p style=\"text-align: justify;\"><a href=\"http:\/\/www.cnnturk.com\/2010\/turkiye\/09\/08\/erdogan.hayir.diyenler.darbeci\/589101.0\/index.html\" target=\"_blank\"><span style=\"color: #888888;\">CNN T\u00dcRK<\/span><\/a><\/p>\n","protected":false},"excerpt":{"rendered":"<p style=\"text-align: center;\">\n<p style=\"text-align: justify;\">Ba\u015fbakan Recep Tayyip &#8220;Erdo\u011fan, &#8220;Referandumda hay\u0131r diyenler bana g\u00f6re darbe anayasas\u0131n\u0131 savunduklar\u0131na g\u00f6re darbecidir&#8221; ifadesini kulland\u0131.<\/p>\n<p style=\"text-align: justify;\">NTV canl\u0131 yay\u0131n\u0131nda g\u00fcndeme ili\u015fkin sorular\u0131 yan\u0131tlayan Ba\u015fbakan Erdo\u011fan kendi iradesiyle sand\u0131\u011f\u0131 boykot edenlere de\u011fil, vatanda\u015f\u0131 engellemeye \u00e7al\u0131\u015fanlara tepkili oldu\u011fu s\u00f6yledi. <\/p>\n","protected":false},"author":1,"featured_media":0,"comment_status":"open","ping_status":"closed","sticky":false,"template":"","format":"standard","meta":{"footnotes":""},"categories":[105],"tags":[],"class_list":["post-25493","post","type-post","status-publish","format-standard","hentry","category-gundem","odd"],"_links":{"self":[{"href":"http:\/\/www.korhanyilmaz.com\/index.php?rest_route=\/wp\/v2\/posts\/25493","targetHints":{"allow":["GET"]}}],"collection":[{"href":"http:\/\/www.korhanyilmaz.com\/index.php?rest_route=\/wp\/v2\/posts"}],"about":[{"href":"http:\/\/www.korhanyilmaz.com\/index.php?rest_route=\/wp\/v2\/types\/post"}],"author":[{"embeddable":true,"href":"http:\/\/www.korhanyilmaz.com\/index.php?rest_route=\/wp\/v2\/users\/1"}],"replies":[{"embeddable":true,"href":"http:\/\/www.korhanyilmaz.com\/index.php?rest_route=%2Fwp%2Fv2%2Fcomments&post=25493"}],"version-history":[{"count":0,"href":"http:\/\/www.korhanyilmaz.com\/index.php?rest_route=\/wp\/v2\/posts\/25493\/revisions"}],"wp:attachment":[{"href":"http:\/\/www.korhanyilmaz.com\/index.php?rest_route=%2Fwp%2Fv2%2Fmedia&parent=25493"}],"wp:term":[{"taxonomy":"category","embeddable":true,"href":"http:\/\/www.korhanyilmaz.com\/index.php?rest_route=%2Fwp%2Fv2%2Fcategories&post=25493"},{"taxonomy":"post_tag","embeddable":true,"href":"http:\/\/www.korhanyilmaz.com\/index.php?rest_route=%2Fwp%2Fv2%2Ftags&post=25493"}],"curies":[{"name":"wp","href":"https:\/\/api.w.org\/{rel}","templated":true}]}}