{"id":25476,"date":"2010-09-07T17:55:54","date_gmt":"2010-09-07T14:55:54","guid":{"rendered":"http:\/\/www.korhanyilmaz.com\/?p=25476"},"modified":"2010-09-07T17:55:54","modified_gmt":"2010-09-07T14:55:54","slug":"urkutucu-rapor","status":"publish","type":"post","link":"http:\/\/www.korhanyilmaz.com\/?p=25476","title":{"rendered":"\u00dcrk\u00fct\u00fcc\u00fc rapor"},"content":{"rendered":"<p style=\"text-align: center;\"><a href=\"http:\/\/www.korhanyilmaz.com\/wp-content\/uploads\/2010\/09\/112.jpeg\"  class=\"lightview\"><img loading=\"lazy\" decoding=\"async\" class=\"aligncenter size-full wp-image-25477\" src=\"http:\/\/www.korhanyilmaz.com\/wp-content\/uploads\/2010\/09\/112.jpeg\" alt=\"\" width=\"398\" height=\"236\" \/><\/a><\/p>\n<p style=\"text-align: justify;\">Ankara Cumhuriyet Ba\u015fsavc\u0131l\u0131\u011f\u0131\u2019n\u0131n y\u00fcr\u00fctt\u00fc\u011f\u00fc soru\u015fturma kapsam\u0131nda, deh\u015fet verici tespitlerde bulunuldu. Buna g\u00f6re, Cumhurba\u015fkanl\u0131\u011f\u0131 dahil t\u00fcm santrallar g\u00fcvensiz.<\/p>\n<p style=\"text-align: justify;\">Ankara Cumhuriyet Ba\u015fsavc\u0131l\u0131\u011f\u0131\u2019n\u0131n Yarg\u0131tay ve Dan\u0131\u015ftay  Ba\u015fkanl\u0131klar\u0131 santrallerinin usuls\u00fcz dinlendi\u011fi iddias\u0131yla y\u00fcr\u00fctt\u00fc\u011f\u00fc soru\u015fturma kapsam\u0131nda verilen takipsizlik karar\u0131n\u0131n ayr\u0131nt\u0131lar\u0131nda, deh\u015fet verici tespitlerde bulunuldu\u011fu ortaya \u00e7\u0131kt\u0131.<!--more--><\/p>\n<p style=\"text-align: justify;\">Yarg\u0131tay ve Dan\u0131\u015ftay\u2019\u0131n usuls\u00fcz bi\u00e7imde dinlendi\u011fine y\u00f6nelik kan\u0131t bulunamad\u0131\u011f\u0131n\u0131n belirtildi\u011fi kararda, buna kar\u015f\u0131l\u0131k, Cumhurba\u015fkanl\u0131\u011f\u0131 dahil t\u00fcm santrallerin g\u00fcvensiz oldu\u011fu, T\u00fcrkiye\u2019deki herkesin telefonlar\u0131n\u0131n dinlenebilece\u011fi, T\u0130B\u2019teki g\u00f6revlilerin, ge\u00e7mi\u015fteki konu\u015fmalar\u0131n i\u00e7eri\u011fini de\u011fi\u015ftirebilece\u011fi vurguland\u0131.<\/p>\n<p style=\"text-align: justify;\">Soru\u015fturmay\u0131 y\u00fcr\u00fcten Ankara Ba\u015fsavc\u0131vekili Nuri Yi\u011fit\u2019in takipsizlik karar\u0131na dayanak olu\u015fturan raporda, \u015fu tespitlere yer verildi:<\/p>\n<p style=\"text-align: justify;\">&#8211;  T\u0130B\u2019in i\u015flemleri yasal d\u00fczenleme yap\u0131larak ve mutlaka hakim taraf\u0131ndan denetlenmelidir.<\/p>\n<p style=\"text-align: justify;\">&#8211;  Dinleme yapabilen teknik ara\u00e7lar\u0131n ve malzemelerin al\u0131m\u0131na ili\u015fkin hi\u00e7bir yasal d\u00fczenleme yoktur.<\/p>\n<p style=\"text-align: justify;\">&#8211;  Yasad\u0131\u015f\u0131 dinleme yapanlar i\u00e7in CMK\u2019da tazminattan s\u00f6z edilmi\u015f olmamas\u0131 dikkat \u00e7ekicidir.<\/p>\n<p style=\"text-align: justify;\">&#8211;  Yasad\u0131\u015f\u0131 dinleme yapan memurlar, soru\u015fturma izni olmaks\u0131z\u0131n soru\u015fturulmal\u0131d\u0131r.<\/p>\n<p style=\"text-align: justify;\">&#8211;  Dinlemelerin telefon numaras\u0131 yerine IMEI numaras\u0131 \u00fczerinden yap\u0131ld\u0131\u011f\u0131 tespit edilmi\u015ftir. Bu durumda cep telefonu IMEI numaras\u0131n\u0131n kopyalanm\u0131\u015f olmas\u0131 halinde ayn\u0131 IMEI numaras\u0131n\u0131 ta\u015f\u0131yan t\u00fcm telefonlar\u0131n dinlenebilmesi m\u00fcmk\u00fcnd\u00fcr.<\/p>\n<p style=\"text-align: justify;\"><strong>Dinlemede 37 y\u00f6ntem var<\/strong><\/p>\n<p style=\"text-align: justify;\">&#8211;  Cumhurba\u015fkanl\u0131\u011f\u0131 Denetleme Raporu\u2019na g\u00f6re yasal d\u00fczenlemede yer almamakla birlikte 17 bin civar\u0131nda baz istasyonu sorgusu (istasyonun bulundu\u011fu alandaki t\u00fcm ileti\u015fimin tespiti) yap\u0131lm\u0131\u015ft\u0131r.<\/p>\n<p style=\"text-align: justify;\">&#8211;  Baz\u0131 dinleme kararlar\u0131n\u0131n karar al\u0131n\u0131r al\u0131nmaz de\u011fil birka\u00e7 g\u00fcn sonra T\u0130B\u2019e g\u00f6nderildi\u011fi tespit edilmi\u015ftir.<\/p>\n<p style=\"text-align: justify;\">&#8211;  Mevzuatta a\u00e7\u0131k d\u00fczenleme bulunmad\u0131\u011f\u0131 halde, kaybolan ya da ka\u00e7\u0131r\u0131lan ki\u015filerin bulunmas\u0131 i\u00e7in ileti\u015fim bilgilerinin kullan\u0131ld\u0131\u011f\u0131 tespit edilmi\u015ftir.<\/p>\n<p style=\"text-align: justify;\">&#8211;  Ki\u015filer aras\u0131ndaki konu\u015fmalar\u0131n tespit edilmesi ya da kaydedilmesi i\u00e7in tam 37 y\u00f6ntem uyguland\u0131\u011f\u0131 tespit edilmi\u015ftir.<\/p>\n<p style=\"text-align: justify;\"><strong>Bilgisayar kopyalanabilir<\/strong><\/p>\n<p style=\"text-align: justify;\">&#8211;  Ba\u011flant\u0131 olmadan bilgisayarlar\u0131n uzaktan kopyalanmas\u0131 ve kaydedilmesi m\u00fcmk\u00fcnd\u00fcr.<\/p>\n<p style=\"text-align: justify;\">&#8211;  Piyasada sat\u0131lan navigasyon cihazlar\u0131 MOBESE kameralar\u0131n\u0131n hatta trafik radarlar\u0131n\u0131n yerini \u00f6nceden haber verme yetene\u011fine sahiptir. Bunu engelleyecek hi\u00e7bir \u00f6nlem al\u0131nmam\u0131\u015ft\u0131r.<\/p>\n<p style=\"text-align: justify;\">&#8211;  Telekom ve operat\u00f6rlerin kaynak kodlar\u0131n\u0131 elinde bulunduran, santrallerini kullanan b\u00fct\u00fcn firmalar \u00fczerinden yap\u0131lan konu\u015fma, i\u00e7erik ve kay\u0131tlar\u0131n\u0131 tutma imkan\u0131na sahip oldu\u011fu halde bu konuda al\u0131nm\u0131\u015f herhangi bir tedbir yoktur. Bu durum yasad\u0131\u015f\u0131 dinlemelerin tespitini engellemi\u015ftir.<\/p>\n<p style=\"text-align: justify;\">Bu konuda, T\u00dcB\u0130TAK\u2019\u0131n Uluda\u011f Projesi ad\u0131 alt\u0131nda bir projesi bulundu\u011fu halde bu proje hen\u00fcz tamamlan\u0131p uygulanamad\u0131\u011f\u0131 tespit edilmi\u015ftir.<\/p>\n<p style=\"text-align: justify;\">&#8211;  Bu tespit, devletin en \u00fcst d\u00fczey kurumlar\u0131n\u0131n Cumhurba\u015fkanl\u0131\u011f\u0131, Ba\u015fbakanl\u0131k, Genelkurmay Ba\u015fkanl\u0131\u011f\u0131 santrallerinin g\u00fcvenliksiz oldu\u011funu ortaya koymaktad\u0131r.<\/p>\n<p style=\"text-align: justify;\">&#8211;  Hi\u00e7bir yasal dayana\u011f\u0131 olmad\u0131\u011f\u0131 halde T\u0130B taraf\u0131ndan tespit edilen t\u00fcm telefon konu\u015fmalar\u0131 Emniyet Genel M\u00fcd\u00fcrl\u00fc\u011f\u00fc\u2019ne ba\u011fl\u0131 KOM Daire Ba\u015fkanl\u0131\u011f\u0131 \u00fczerinden ge\u00e7mektedir.<\/p>\n<p style=\"text-align: justify;\">&#8211;  Mevzuatta \u00f6nleyici dinlemede kimlerin dinlemeyece\u011fi konusunda hi\u00e7bir a\u00e7\u0131kl\u0131k yoktur. Buna g\u00f6re dinleme ad\u0131 alt\u0131nda Cumhurba\u015fkan\u0131\u2019n\u0131n bile dinlenmesi m\u00fcmk\u00fcnd\u00fcr.<\/p>\n<p style=\"text-align: justify;\">&#8211;  Herkesin her su\u00e7tan dinlenmesi m\u00fcmk\u00fcnd\u00fcr.<\/p>\n<p style=\"text-align: justify;\">&#8211;  T\u00fcm sabit ve cep telefonu operat\u00f6rlerinin abone bilgileri t\u00fcm kolluk g\u00f6revlilerinin elinde mevcut oldu\u011fu halde, bu bilgi sadece hem de soru\u015fturma ve yarg\u0131lama yapan savc\u0131 ve hakimin elinde bulunmad\u0131\u011f\u0131 tespit edilmi\u015ftir.<\/p>\n<p style=\"text-align: justify;\"><strong>Y\u00fczde 50 artt\u0131<\/strong><\/p>\n<p style=\"text-align: justify;\">&#8211;  T\u00fcm mevzuat dinlemede yeterli, a\u00e7\u0131k ve net d\u00fczenleme ve koruma getirmiyor. Dinleme say\u0131s\u0131 her y\u0131l \u00e7\u0131\u011f gibi art\u0131yor. 2007 y\u0131l\u0131nda adli dinleme say\u0131s\u0131 63 bin 576 iken, bu say\u0131 2008 y\u0131l\u0131nda 90 bin 163\u2019e, 2009 y\u0131l\u0131nda ise 142 bin 135\u2019e ula\u015fm\u0131\u015ft\u0131r. Buna g\u00f6re dinleme say\u0131s\u0131 her y\u0131l y\u00fczde 50 oran\u0131nda art\u0131\u015f g\u00f6steriyor.<\/p>\n<p style=\"text-align: justify;\">&#8211;  T\u0130B\u2019deki y\u00f6netici \u015fifresine sahip olan baz\u0131 yetkililerin T\u0130B\u2019deki veri tabanlar\u0131nda yer alan ge\u00e7mi\u015fe y\u00f6nelik dinleme kay\u0131tlar\u0131nda (log kay\u0131tlar\u0131nda) de\u011fi\u015fiklik yapma imkan\u0131 vard\u0131r.<\/p>\n<p style=\"text-align: justify;\"><a href=\"http:\/\/www.korhanyilmaz.com\/wp-content\/uploads\/2010\/09\/113.jpeg\"  class=\"lightview\"><img loading=\"lazy\" decoding=\"async\" class=\"aligncenter size-full wp-image-25478\" src=\"http:\/\/www.korhanyilmaz.com\/wp-content\/uploads\/2010\/09\/113.jpeg\" alt=\"\" width=\"450\" height=\"675\" \/><\/a><strong>T\u00fcm T\u00fcrkiye dinlenilebilir<\/strong><\/p>\n<p style=\"text-align: justify;\">&#8211;  Yasad\u0131\u015f\u0131 olmayan yollarla yap\u0131lan dinlemenin bir y\u00f6ntemi de cep telefonlar\u0131n\u0131n dinlenmesinde konu\u015fma uyduya \u00e7\u0131karken bu konu\u015fman\u0131n dinlenmesidir. B\u00f6yle bir dinlemede yap\u0131lan bu dinleme mutlak suretle ilgili baz istasyonunda iz b\u0131rakmaktad\u0131r ve bu izle ilgili operat\u00f6r taraf\u0131ndan mutlaka g\u00f6r\u00fclmektedir.<\/p>\n<p style=\"text-align: justify;\">Ancak, operat\u00f6rler bug\u00fcne kadar baz istasyonlar\u0131ndaki bu izleri yetkili makamlara bildirmemi\u015flerdir. E\u011fer bildirselerdi yasal<\/p>\n<p style=\"text-align: justify;\">olmayan bu dinlemelerin \u00f6n\u00fcne ge\u00e7ilebilirdi.<\/p>\n<p style=\"text-align: justify;\">&#8211;  Uydu \u00fczerinden yap\u0131lan g\u00f6r\u00fc\u015fmelerde t\u00fcm g\u00f6r\u00fc\u015fmelerin al\u0131narak yurt i\u00e7inde ya da d\u0131\u015f\u0131nda bir yerde depolanmas\u0131 teknolojik olarak m\u00fcmk\u00fcnd\u00fcr. Bu da t\u00fcm T\u00fcrkiye\u2019nin dinlenmesi sonucunu do\u011furabilir.<\/p>\n<p style=\"text-align: justify;\"><strong>H\u00e2kim ve savc\u0131 dinlemeleri<\/strong><\/p>\n<p style=\"text-align: justify;\">&#8211;  MOBESE kay\u0131tlar\u0131n\u0131n al\u0131nmas\u0131na, tutulmas\u0131na, kaydedilmesine, korunmas\u0131na, saklanmas\u0131na ve imhas\u0131na ili\u015fkin hi\u00e7bir yasal d\u00fczenleme yoktur. Buna benzer bir nedenle A\u0130HM\u2019nin \u0130ngiltere\u2019yi tazminat \u00f6demeye mahkum eden karar\u0131 vard\u0131r.<\/p>\n<p style=\"text-align: justify;\">&#8211;  Adalet Bakanl\u0131\u011f\u0131 m\u00fcfetti\u015flerinin baz\u0131 hakim ve savc\u0131lar hakk\u0131nda teknik izleme karar\u0131 ald\u0131\u011f\u0131, bu kararlar\u0131n baz\u0131lar\u0131n\u0131n uzat\u0131ld\u0131\u011f\u0131 ve bu kararlar\u0131n uygulanmak \u00fczere polise g\u00f6nderildi\u011fi, ancak buna ra\u011fmen bu kararlar\u0131n hi\u00e7 yerine getirilmedi\u011fi, yerine getirilmemenin kimden kaynakland\u0131\u011f\u0131n\u0131n belirlenemedi\u011fi, mevzuatta teknik takibin yerine getirili\u015f bi\u00e7imi ve imhas\u0131na ili\u015fkin eksiklik bulundu\u011fu tespit edilmi\u015ftir.<\/p>\n<p style=\"text-align: justify;\">&#8211;  Baz\u0131 hakim ve savc\u0131lar hakk\u0131nda al\u0131nm\u0131\u015f telefon dinleme tutanaklar\u0131 bulundu\u011fu, bu kararlar\u0131n uygulanmas\u0131nda hi\u00e7bir kay\u0131t tespit edilemedi\u011fi halde bu karar\u0131n uygulanmas\u0131na devam edildi\u011fi g\u00f6r\u00fclm\u00fc\u015ft\u00fcr.<\/p>\n<p style=\"text-align: justify;\"><strong>250 bin ki\u015fi \u00f6rg\u00fct m\u00fc kurdu?<\/strong><\/p>\n<p style=\"text-align: justify;\">&#8211;  2008\u2019de 29 bin 749, 2009\u2019da 53 bin 536 telefon numaras\u0131n\u0131n \u00f6rg\u00fct koruma ve y\u00f6netme su\u00e7u kapsam\u0131nda dinlemesi yap\u0131lm\u0131\u015f, bir \u00f6rg\u00fct\u00fc kuran ki\u015fiyle birlikte y\u00f6neten 3, 4 ki\u015finin oldu\u011fu varsay\u0131l\u0131rsa bir \u00f6rg\u00fct i\u00e7in 5 ki\u015finin dinlendi\u011fi sonucu \u00e7\u0131kt\u0131\u011f\u0131nda, 2009 y\u0131l\u0131nda yakla\u015f\u0131k 200-250 bin ki\u015finin \u00f6rg\u00fct kurdu\u011fu ve y\u00f6netti\u011fi gibi bir sonu\u00e7 ortaya \u00e7\u0131kar. Buna g\u00f6re, g\u00fcvenlik g\u00f6revlilerinin su\u00e7 i\u015flenmesini engellemede ihmali bulundu\u011fu sonucu \u00e7\u0131kar.<\/p>\n<p style=\"text-align: justify;\">&#8211;  T\u0130B yetkilileri \u00f6nceki a\u015famalarda bir santral\u0131n teknik y\u00f6nden dinlenmesinin imk\u00e2ns\u0131z oldu\u011funu ifade ederken, soru\u015fturman\u0131n devam\u0131nda santral \u00fczerinden gelen konu\u015fmalarda ilgisiz ki\u015filerin konu\u015fmalar\u0131n\u0131n ayr\u0131\u015ft\u0131r\u0131lmas\u0131na elveri\u015fli program\u0131n varl\u0131\u011f\u0131 tespit edilmi\u015ftir.<\/p>\n<p style=\"text-align: justify;\"><a href=\"http:\/\/www.milliyet.com.tr\/urkutucu-rapor\/guncel\/haberdetay\/08.09.2010\/1286492\/default.htm\" target=\"_blank\"><span style=\"color: #888888;\">T\u00fcrker Karap\u0131nar &#8211; Milliyet<\/span><\/a><\/p>\n","protected":false},"excerpt":{"rendered":"<p style=\"text-align: center;\">\n<p style=\"text-align: justify;\">Ankara Cumhuriyet Ba\u015fsavc\u0131l\u0131\u011f\u0131\u2019n\u0131n y\u00fcr\u00fctt\u00fc\u011f\u00fc soru\u015fturma kapsam\u0131nda, deh\u015fet verici tespitlerde bulunuldu. Buna g\u00f6re, Cumhurba\u015fkanl\u0131\u011f\u0131 dahil t\u00fcm santrallar g\u00fcvensiz.<\/p>\n<p style=\"text-align: justify;\">Ankara Cumhuriyet Ba\u015fsavc\u0131l\u0131\u011f\u0131\u2019n\u0131n Yarg\u0131tay ve Dan\u0131\u015ftay Ba\u015fkanl\u0131klar\u0131 santrallerinin usuls\u00fcz dinlendi\u011fi iddias\u0131yla y\u00fcr\u00fctt\u00fc\u011f\u00fc soru\u015fturma kapsam\u0131nda verilen takipsizlik karar\u0131n\u0131n ayr\u0131nt\u0131lar\u0131nda, deh\u015fet verici tespitlerde bulunuldu\u011fu ortaya \u00e7\u0131kt\u0131.<\/p>\n","protected":false},"author":1,"featured_media":0,"comment_status":"open","ping_status":"closed","sticky":false,"template":"","format":"standard","meta":{"footnotes":""},"categories":[105],"tags":[],"class_list":["post-25476","post","type-post","status-publish","format-standard","hentry","category-gundem","odd"],"_links":{"self":[{"href":"http:\/\/www.korhanyilmaz.com\/index.php?rest_route=\/wp\/v2\/posts\/25476","targetHints":{"allow":["GET"]}}],"collection":[{"href":"http:\/\/www.korhanyilmaz.com\/index.php?rest_route=\/wp\/v2\/posts"}],"about":[{"href":"http:\/\/www.korhanyilmaz.com\/index.php?rest_route=\/wp\/v2\/types\/post"}],"author":[{"embeddable":true,"href":"http:\/\/www.korhanyilmaz.com\/index.php?rest_route=\/wp\/v2\/users\/1"}],"replies":[{"embeddable":true,"href":"http:\/\/www.korhanyilmaz.com\/index.php?rest_route=%2Fwp%2Fv2%2Fcomments&post=25476"}],"version-history":[{"count":0,"href":"http:\/\/www.korhanyilmaz.com\/index.php?rest_route=\/wp\/v2\/posts\/25476\/revisions"}],"wp:attachment":[{"href":"http:\/\/www.korhanyilmaz.com\/index.php?rest_route=%2Fwp%2Fv2%2Fmedia&parent=25476"}],"wp:term":[{"taxonomy":"category","embeddable":true,"href":"http:\/\/www.korhanyilmaz.com\/index.php?rest_route=%2Fwp%2Fv2%2Fcategories&post=25476"},{"taxonomy":"post_tag","embeddable":true,"href":"http:\/\/www.korhanyilmaz.com\/index.php?rest_route=%2Fwp%2Fv2%2Ftags&post=25476"}],"curies":[{"name":"wp","href":"https:\/\/api.w.org\/{rel}","templated":true}]}}