{"id":25472,"date":"2010-09-07T01:16:12","date_gmt":"2010-09-06T22:16:12","guid":{"rendered":"http:\/\/www.korhanyilmaz.com\/?p=25472"},"modified":"2010-09-07T01:16:12","modified_gmt":"2010-09-06T22:16:12","slug":"cemaatin-yargidaki-ilk-operasyonlari","status":"publish","type":"post","link":"http:\/\/www.korhanyilmaz.com\/?p=25472","title":{"rendered":"Cemaatin yarg\u0131daki ilk operasyonlar\u0131"},"content":{"rendered":"<p style=\"text-align: center;\"><a href=\"http:\/\/www.korhanyilmaz.com\/wp-content\/uploads\/2010\/09\/111.jpg\"  class=\"lightview\"><img loading=\"lazy\" decoding=\"async\" class=\"aligncenter size-full wp-image-25473\" src=\"http:\/\/www.korhanyilmaz.com\/wp-content\/uploads\/2010\/09\/111.jpg\" alt=\"\" width=\"400\" height=\"206\" \/><\/a><\/p>\n<p style=\"text-align: justify;\">Hanefi Avc\u0131&#8217;n\u0131n yazd\u0131\u011f\u0131 Hali\u00e7&#8217;te Ya\u015fayan Simonlar kitab\u0131nda dile getirdi\u011fi iddiaya g\u00f6re cemaatin yapt\u0131\u011f\u0131 adli sistemi kulland\u0131\u011f\u0131 ilk operasyon Van 100. y\u0131l \u00dcniversitesi Rekt\u00f6r\u00fc Y\u00fccel A\u015fk\u0131n&#8217;a kar\u015f\u0131 yap\u0131lan operasyondu.<\/p>\n<p style=\"text-align: justify;\">\u0130kinci operasyon ise \u015eemdinli&#8217;de meydana gelen bombalama olay\u0131ndan sonra Ya\u015far B\u00fcy\u00fckan\u0131t&#8217;\u0131n ad\u0131n\u0131n olay\u0131n iddianamesine elde yeterli delil olmadan konularak Genelkurmay Ba\u015fkanl\u0131\u011f\u0131 yolunun kapat\u0131lmak istenmesiydi.<!--more--><\/p>\n<p style=\"text-align: justify;\">\u0130STANBUL &#8211; \u0130lk operasyon, Van 100. Y\u0131l \u00dcniversitesinde dinci \u00f6rg\u00fctlerin faaliyetlerine kar\u015f\u0131 Atat\u00fcrk\u00e7\u00fc tavr\u0131 nedeniyle b\u00f6lgede ya\u015fayan radikal dincilerin boy hedefi haline gelen Y\u00fccel A\u015fk\u0131n&#8217;a kar\u015f\u0131 yap\u0131lan operasyondu.<\/p>\n<p style=\"text-align: justify;\">Hanefi Avc\u0131&#8217;n\u0131n iddias\u0131na g\u00f6re \u00d6zel Yetkili Savc\u0131, kendisine delil toplayacak olan polisi devre d\u0131\u015f\u0131 b\u0131rakarak operasyonu kendi ba\u015f\u0131na yapm\u0131\u015ft\u0131. Y\u0131llar\u0131n polis \u015fefine g\u00f6re \u00d6zel Yetkili Savc\u0131n\u0131n kendi ba\u015f\u0131na b\u00f6yle bir delil toplama imkan\u0131 yoktu. Perde arkas\u0131nda bulunan cemaatin \u00fcyeleri taraf\u0131ndan destekleniyordu.<\/p>\n<p style=\"text-align: justify;\">Hanefi Avc\u0131&#8217;n\u0131n yazd\u0131\u011f\u0131 kitab\u0131n 527. sayfas\u0131nda anlatmaya ba\u015flad\u0131\u011f\u0131 olay \u015fu \u015fekilde meydana gelmi\u015fti;<\/p>\n<p style=\"text-align: justify;\">T\u00fcrkiye&#8217;de adli i\u015flemlerde ilk anormallik Van Rekt\u00f6r\u00fc Y\u00fccel A\u015fk\u0131n hakk\u0131ndaki dava ve \u015eemdinli \u0130ddianamesi ile ba\u015flad\u0131. Ama durum o zaman pek fark edilmedi. Temiz bir savc\u0131n\u0131n yapt\u0131\u011f\u0131 a\u015f\u0131r\u0131l\u0131klar gibi g\u00f6z\u00fckt\u00fc. Ald\u0131\u011f\u0131m bilgiler ve yapt\u0131\u011f\u0131m de\u011ferlendirmeler \u0131\u015f\u0131\u011f\u0131nda bug\u00fcn anl\u0131yorum ki, o olay s\u0131radan bir savc\u0131n\u0131n i\u015fi de\u011fildi. Cemaatin, adli sistemi kulland\u0131\u011f\u0131 ilk operasyondu.<\/p>\n<p style=\"text-align: justify;\">O tarihte Van&#8217;da bu tahlikat\u0131 her y\u00f6n\u00fc ile bilinmesi gereken g\u00f6revli bir arkada\u015f\u0131ma bu olaylar\u0131n asl\u0131n\u0131n ne oldu\u011funu, rekt\u00f6r\u00fcn yolsuzluk yapt\u0131\u011f\u0131 y\u00f6n\u00fcndeki iddialarla ilgili olarak hangi delillerin bulundu\u011funu sormu\u015ftum. Bana &#8220;Baz\u0131 yolsuzluklar var ama biz fazla bir \u015fey yapmad\u0131k, tahkikat\u0131 savc\u0131 yapt\u0131&#8221; demi\u015fti. Bu s\u00f6z bana \u00e7ok garip gelmi\u015fti. Zira bir polis tahkikat\u0131 olmadan bir savc\u0131 nas\u0131l delil toplay\u0131p bir dosya olu\u015fturabilir? \u015eimdi anl\u0131yorum ki savc\u0131ya ba\u015fkalar\u0131 yard\u0131m etmi\u015fti. Arka planda destek almadan o savc\u0131 o iddianameyi haz\u0131rlayamazd\u0131. Ayr\u0131ca iddianamede ciddi bir yolsuzluk su\u00e7u ispatlanamad\u0131\u011f\u0131 gibi aslen bask\u0131, cebir, \u015fiddet uygulayan silahl\u0131 \u00e7ete mafya, ter\u00f6r \u00f6rg\u00fct\u00fc, uyu\u015fturcu ka\u00e7ak\u00e7\u0131l\u0131\u011f\u0131 davalar\u0131na bakan \u00d6zel Yetkili Mahkemeleri&#8217;n g\u00f6rev alan\u0131na girmeyen, \u00fcniversitede kadrola\u015fma gibi su\u00e7 isnatlar\u0131 vard\u0131.Belki rekt\u00f6r Y\u00fccel A\u015fk\u0131n&#8217;\u0131n bu iddianamede yaz\u0131lanlardan daha fazla ve b\u00fcy\u00fck su\u00e7lar\u0131 da olabilir. Ama eldeki delillerle bu dava b\u00f6yle a\u00e7\u0131lamazd\u0131. Daha detayl\u0131 ara\u015ft\u0131rmalar yap\u0131ld\u0131ktan sonra bu davan\u0131n a\u00e7\u0131lmas\u0131 gerekirdi.<\/p>\n<p style=\"text-align: justify;\"><strong>CEMAAT\u0130N \u015eEMD\u0130NL\u0130 DAVASI OPERASYONU<\/strong><\/p>\n<p style=\"text-align: justify;\">\u0130kinci olay \u015eemdinli iddianamesiydi. Asl\u0131nda \u015eemdinli&#8217;de \u00e7ok vahim bir olay ger\u00e7ekle\u015fmi\u015fti. Sanki Susurluk yeniden canland\u0131r\u0131l\u0131yordu. \u0130ki astsubay ve bir itiraf\u00e7\u0131 il\u00e7ede PKK taraftar\u0131 olarak bildikler bir kitap\u00e7\u0131 d\u00fckkan\u0131na el bombas\u0131 atm\u0131\u015f ve olaydan sonra k\u0131zg\u0131n halk taraf\u0131ndan su\u00e7\u00fcst\u00fc yakalanm\u0131\u015ft\u0131. Yakalanan astsubaylar ve bir itiraf\u00e7\u0131 ile bu ki\u015fileri bu i\u015fe g\u00f6nderen \u00fcstlerindeki subaylar, hatta alay komutan\u0131na kadar pek \u00e7ok ki\u015fiyi hukuken sorumlu tutacak deliller bulunuyordu. Fakat savc\u0131 Van&#8217;da bulunan Asayi\u015f Kolordu Komutan\u0131n\u0131 ve zaman\u0131n Kara Kuvvetleri Komutan\u0131 Orgeneral Ya\u015far B\u00fcy\u00fckan\u0131t&#8217;\u0131 san\u0131k olarak iddianameye yazd\u0131. Bu iki komutan\u0131n belki daha b\u00fcy\u00fck su\u00e7lar\u0131 vard\u0131r. Ama bu olayla alakalar\u0131n\u0131 g\u00f6steren hi\u00e7 bir delil yoktu. Ge\u00e7mi\u015fte Diyarbak\u0131r&#8217;daki baz\u0131 askeri faaliyetlerde ma\u011fdur olmu\u015f bir ki\u015finin kendi yorumunu i\u00e7eren ve s\u00f6yledi\u011fi \u015feyin ihtimal dahilinde oldu\u011fu y\u00f6n\u00fcndeki beyan\u0131na dayan\u0131larak zanl\u0131 yap\u0131lm\u0131\u015flard\u0131. Ak\u0131lla ve mant\u0131kla, hele hukuken izah edilebilecek bir \u015fey de\u011fildi.<\/p>\n<p style=\"text-align: justify;\"><strong>B\u00dcY\u00dcKANIT&#8217;IN GENELKURMAY BA\u015eKANLI\u011eI TEHL\u0130KEYE G\u0130RM\u0130\u015eT\u0130<\/strong><\/p>\n<p style=\"text-align: justify;\">&#8230;\u0130ddianame kendi amac\u0131ndan sap\u0131p sanki Ya\u015far B\u00fcy\u00fckan\u0131t&#8217;\u0131n Genelkurmay Ba\u015fkan\u0131 olmas\u0131n\u0131 \u00f6nlemeye y\u00f6nelik bir f\u0131rsata d\u00f6n\u00fc\u015fm\u00fc\u015ft\u00fc. \u0130ddianameye hukuk de\u011fil ideolojik bir dil hakimdi ve d\u0131\u015fardan ciddi destek al\u0131nd\u0131\u011f\u0131 a\u015fikard\u0131. Bana g\u00f6re savc\u0131 iddianamenin tamam\u0131n\u0131 kendisi haz\u0131rlamam\u0131, d\u0131\u015fardan kesinlikle destek alm\u0131\u015ft\u0131. O tarihlerde cemaatin B\u00fcy\u00fckan\u0131t hakk\u0131nda yapt\u0131\u011f\u0131 olumsuz propagandalar, cemaat yanl\u0131s\u0131 sitelerde yer alan yay\u0131nlar, el alt\u0131ndan da\u011f\u0131t\u0131lan notlan de\u011ferlendirildi\u011finde olay\u0131n arka plan\u0131 daha iyi anla\u015f\u0131lmaktad\u0131r.<\/p>\n<p style=\"text-align: justify;\"><strong>POL\u0130S VE ADL\u0130 S\u0130STEM \u0130\u00c7\u0130NDEK\u0130 CEMAAT \u00d6RG\u00dcT\u00dc<\/strong><\/p>\n<p style=\"text-align: justify;\">Asl\u0131nda tehlike sinyalleri o g\u00fcn verilmi\u015fti. Birileri polis ve \u00d6zel Yetkili Hakim ve Savc\u0131lar i\u00e7erisinde \u00f6rg\u00fctlenmek suretiyle istemedi\u011fi ki\u015filere kar\u015f\u0131 adli sistemi kullanarak operasyon yapacak hale gelmi\u015f, en g\u00fc\u00e7l\u00fc oldu\u011fu Van&#8217;da operasyona ba\u015flam\u0131\u015f, \u015eemdinli&#8217;de \u00e7\u0131kan bir f\u0131rsat\u0131 de\u011ferlendirip hemen operasyona d\u00f6n\u00fc\u015ft\u00fcr\u00fclm\u00fc\u015ft\u00fc. Sistemin koruyucular\u0131 bu durumu fark edememi\u015fti. Sonras\u0131nda bug\u00fcn de hala devam eden ama ne kadar\u0131 hakl\u0131, ne kadar\u0131 cemaatin suni m\u00fcdahalesi oldu\u011fu tam bilinmeyen s\u0131ral\u0131 operasyonlar ba\u015flad\u0131.<\/p>\n<p style=\"text-align: justify;\"><strong>HER KAZIDA BULUNAN EL BOMBASI VE ROKET ATARLAR<\/strong><\/p>\n<p style=\"text-align: justify;\">Bulunan esrarengiz deliller, \u00f6zellikle her kaz\u0131da el bombas\u0131 ve roket atar bulunmas\u0131 dikkat \u00e7ekici. D\u00fcnyadaki bilinen \u00f6rg\u00fctlerin hepsi \u00f6ncelikle tabanca ve t\u00fcfek, az miktarda da roket ve el bombas\u0131 bulundurur. Ama nedense bizde her kaz\u0131da el bombas\u0131 ve roket atar bulunuyor. Bunlar \u00fcrk\u00fcd\u00fcc\u00fc, kitleleri etkileyen silahlar ama daha \u00f6nemlisi bu silahlar\u0131n seri numaras\u0131 olmad\u0131\u011f\u0131ndan nerede \u00fcretildi\u011fi, kime sat\u0131ld\u0131\u011f\u0131, nerden geldi\u011fi gibi bilgileri ara\u015ft\u0131rmak m\u00fcmk\u00fcn de\u011fildir&#8230;.<\/p>\n<p style=\"text-align: justify;\">Ergenekon, Balyoz vs adlarla an\u0131lan operasyonlar\u0131n haz\u0131rlan\u0131\u015f bi\u00e7imli ve uygulan\u0131\u015f\u0131 baz\u0131 suni katk\u0131lar\u0131n oldu\u011fu ger\u00e7e\u011fini g\u00f6steriyor&#8230;<\/p>\n<p style=\"text-align: justify;\">Bence olaylar tam da \u015fu \u015fekilde geli\u015fiyor;<\/p>\n<p style=\"text-align: justify;\">Daha \u00f6nceden temin edilmi\u015f, muhtelif elemanlar\u0131 vas\u0131tas\u0131yla toplanm\u0131\u015f, askeri evraklar \u00f6nce cemaatin imamlar\u0131 taraf\u0131ndan inceleniyor. Sonra polisin ve hukuk\u00e7ular\u0131n imamlar\u0131 imamlar\u0131 organizesinde baz\u0131 savc\u0131lar ve polislerin kat\u0131ld\u0131\u011f\u0131 toplant\u0131larda plan yap\u0131l\u0131yor. Ard\u0131ndan d\u00f6k\u00fcmanda ad\u0131 ge\u00e7en ki\u015fi ve olaylar ara\u015ft\u0131r\u0131lmay ba\u015flan\u0131yor. \u0130stihbarat birimi bu olay\u0131 gizlice soru\u015fturmaya, dinleme ve izleme faaliyetlerine ba\u015fl\u0131yor, toplanan bilgiler \u0131\u015f\u0131\u011f\u0131nda nas\u0131l bir operasyon yap\u0131laca\u011f\u0131 planlan\u0131yor, se\u00e7ilen d\u00f6k\u00fcmanlar ya bir aramada nerde bulunmas\u0131 gerekiyorsa oraya konularak ya da me\u00e7hul bir ki\u015fi taraf\u0131ndan g\u00f6nderilmi\u015f gibi g\u00f6sterilerek sahte ihbarlarla ya da bas\u0131nda belli \u00e7everlere verilip bu konda haber yap\u0131lmas\u0131 sa\u011flanarak me\u015fru hale getirilyor. En sonunda da bu ki\u015filer belgeleri savc\u0131l\u0131klara teslim edince hukuki hale gelmi\u015f oluyor.<\/p>\n<p style=\"text-align: justify;\"><a href=\"http:\/\/www.gazeteport.com.tr\/GUNCEL\/NEWS\/GP_759141\" target=\"_blank\"><span style=\"color: #888888;\">Kaynak : \u0130hsan Demir &#8211; GAZETEPORT<\/span><\/a><\/p>\n","protected":false},"excerpt":{"rendered":"<p style=\"text-align: center;\">\n<p style=\"text-align: justify;\">Hanefi Avc\u0131&#8217;n\u0131n yazd\u0131\u011f\u0131 Hali\u00e7&#8217;te Ya\u015fayan Simonlar kitab\u0131nda dile getirdi\u011fi iddiaya g\u00f6re cemaatin yapt\u0131\u011f\u0131 adli sistemi kulland\u0131\u011f\u0131 ilk operasyon Van 100. y\u0131l \u00dcniversitesi Rekt\u00f6r\u00fc Y\u00fccel A\u015fk\u0131n&#8217;a kar\u015f\u0131 yap\u0131lan operasyondu.<\/p>\n<p style=\"text-align: justify;\">\u0130kinci operasyon ise \u015eemdinli&#8217;de meydana gelen bombalama olay\u0131ndan sonra Ya\u015far B\u00fcy\u00fckan\u0131t&#8217;\u0131n ad\u0131n\u0131n olay\u0131n iddianamesine elde yeterli delil olmadan konularak Genelkurmay <\/p>\n","protected":false},"author":1,"featured_media":0,"comment_status":"open","ping_status":"closed","sticky":false,"template":"","format":"standard","meta":{"footnotes":""},"categories":[105],"tags":[],"class_list":["post-25472","post","type-post","status-publish","format-standard","hentry","category-gundem","odd"],"_links":{"self":[{"href":"http:\/\/www.korhanyilmaz.com\/index.php?rest_route=\/wp\/v2\/posts\/25472","targetHints":{"allow":["GET"]}}],"collection":[{"href":"http:\/\/www.korhanyilmaz.com\/index.php?rest_route=\/wp\/v2\/posts"}],"about":[{"href":"http:\/\/www.korhanyilmaz.com\/index.php?rest_route=\/wp\/v2\/types\/post"}],"author":[{"embeddable":true,"href":"http:\/\/www.korhanyilmaz.com\/index.php?rest_route=\/wp\/v2\/users\/1"}],"replies":[{"embeddable":true,"href":"http:\/\/www.korhanyilmaz.com\/index.php?rest_route=%2Fwp%2Fv2%2Fcomments&post=25472"}],"version-history":[{"count":0,"href":"http:\/\/www.korhanyilmaz.com\/index.php?rest_route=\/wp\/v2\/posts\/25472\/revisions"}],"wp:attachment":[{"href":"http:\/\/www.korhanyilmaz.com\/index.php?rest_route=%2Fwp%2Fv2%2Fmedia&parent=25472"}],"wp:term":[{"taxonomy":"category","embeddable":true,"href":"http:\/\/www.korhanyilmaz.com\/index.php?rest_route=%2Fwp%2Fv2%2Fcategories&post=25472"},{"taxonomy":"post_tag","embeddable":true,"href":"http:\/\/www.korhanyilmaz.com\/index.php?rest_route=%2Fwp%2Fv2%2Ftags&post=25472"}],"curies":[{"name":"wp","href":"https:\/\/api.w.org\/{rel}","templated":true}]}}