{"id":25455,"date":"2010-09-06T18:09:55","date_gmt":"2010-09-06T15:09:55","guid":{"rendered":"http:\/\/www.korhanyilmaz.com\/?p=25455"},"modified":"2010-09-06T18:09:55","modified_gmt":"2010-09-06T15:09:55","slug":"kilictaroglundan-israil-televizyonuna-carpici-aciklamalar","status":"publish","type":"post","link":"http:\/\/www.korhanyilmaz.com\/?p=25455","title":{"rendered":"K\u0131l\u0131\u00e7daro\u011flu&#8217;ndan \u0130srail Televizyonu&#8217;na \u00c7arp\u0131c\u0131 A\u00e7\u0131klamalar"},"content":{"rendered":"<p style=\"text-align: center;\"><a href=\"http:\/\/www.korhanyilmaz.com\/wp-content\/uploads\/2010\/09\/1091.jpg\"  class=\"lightview\"><img loading=\"lazy\" decoding=\"async\" class=\"aligncenter size-full wp-image-25470\" src=\"http:\/\/www.korhanyilmaz.com\/wp-content\/uploads\/2010\/09\/1091.jpg\" alt=\"\" width=\"464\" height=\"186\" \/><\/a><\/p>\n<p style=\"text-align: center;\"><a class=\"lightview\" title=\"K\u0131l\u0131\u00e7taro\u011flu'ndan \u0130srail Televizyonu'na \u00c7arp\u0131c\u0131 A\u00e7\u0131klamalar :: Kaynak : http:\/\/www.odatv.com\/n.php?n=kilicdaroglundan-israil-televizyonuna-carpici-aciklamalar-0609101200 :: width: 466, height: 375\" rel=\"set[kemal]\" href=\"swf\/flvplayer.swf?file=http:\/\/www.odatv.com\/images\/2010_09\/2010_09_06\/kilicdaroglundan-israil-televizyonuna-carpici-aciklamalar-0609101200_video.flv&amp;autostart=true\"><img loading=\"lazy\" decoding=\"async\" class=\"aligncenter\" title=\"Habere \u0130li\u015fkin Videoyu \u0130zleyin... \" src=\"wp-data\/images\/video_izle_tikla.png\" alt=\"\" width=\"30\" height=\"30\" \/><\/a><\/p>\n<p style=\"text-align: justify;\">CHP lideri Kemal K\u0131l\u0131\u00e7daro\u011flu, \u0130srail&#8217;in 2. kanal\u0131na bir r\u00f6portaj verdi. Kanal\u0131n d\u0131\u015f haberler muhabiri Arad Nir\u2019in r\u00f6portaj\u0131, <a href=\"http:\/\/www.hasturktv.com\/turkiyede_bugun\/753.htm\" target=\"_blank\">hasturk.tv <\/a>internet sitesi T\u00fcrk\u00e7e\u2019ye \u00e7evirdi. <!--more--><\/p>\n<p style=\"text-align: justify;\">\u0130\u015fte CHP genel merkezinde ger\u00e7ekle\u015fen o r\u00f6portaj\u0131n de\u015fifresi\u2026<\/p>\n<p style=\"text-align: justify;\">Arad Nir (AN): T\u00fcrkiye ile \u0130srail daha \u00f6nce benzeri g\u00f6r\u00fclmemi\u015f bir krizin i\u00e7erisinde sizce bu kriz nas\u0131l onar\u0131l\u0131r?<\/p>\n<p style=\"text-align: justify;\">Kemal K\u0131l\u0131\u00e7daro\u011flu (KK): Tamir edilmeyecek hi\u00e7bir ili\u015fki yoktur. Ortaya \u00e7\u0131kan sorunun b\u00fcy\u00fckl\u00fc\u011f\u00fc sonucunda onar\u0131m\u0131n zaman almas\u0131 m\u00fcmk\u00fcn. \u0130ki taraf\u0131n da anlay\u0131\u015fl\u0131 davranaca\u011f\u0131na ben y\u00fcrekten inan\u0131yorum.<\/p>\n<p style=\"text-align: justify;\">AN: Ba\u015fbakan Erdo\u011fan&#8217;a bu krizin y\u00f6netilmesi konusunda g\u00fcveniyor musunuz?<\/p>\n<p style=\"text-align: justify;\">KK: Say\u0131n Erdo\u011fan&#8217;\u0131n bu krizi iyi bir \u015fekilde y\u00f6netece\u011fine dair ciddi endi\u015feleri olan birisiyim. Sorunlar b\u00fcy\u00fcd\u00fck\u00e7e o sorunlar\u0131 kendi iktidar\u0131 i\u00e7in kullanmaya ba\u015flad\u0131.<\/p>\n<p style=\"text-align: justify;\">AN: Bu kriz i\u00e7in kim su\u00e7lanmal\u0131?<\/p>\n<p style=\"text-align: justify;\">KK: Bence iki taraf\u0131n da sorunu var. \u00d6l\u00fcmle sonu\u00e7lanan bir operasyon, T\u00fcrkiye&#8217;nin kabul edece\u011fi bir operasyon de\u011fildi. H\u00fck\u00fcmetin de bu konuda izin vermemesi gerekirdi. H\u00fck\u00fcmetin bu konuda iyi bir politika izlemedi\u011fini biliyoruz.<\/p>\n<p style=\"text-align: justify;\">KK: Ba\u015fbakan zaten bunu i\u00e7 politikada yeterince kulland\u0131. Onu sadece ben s\u00f6ylemiyorum. \u0130\u00e7 politikada olumlu gibi g\u00f6r\u00fcnen hava, d\u0131\u015f politikada olumsuz bir havan\u0131n do\u011fmas\u0131na yol a\u00e7t\u0131.<\/p>\n<p style=\"text-align: justify;\">AN: Sizce Erdo\u011fan Suriye ve \u0130srail aras\u0131nda tarafs\u0131z bir arabulucu g\u00f6revini yerine hala getirebilir mi?<\/p>\n<p style=\"text-align: justify;\">KK: Bug\u00fcn gelinen noktada bu ortaya \u00e7\u0131kan tablo b\u00f6yle bir arabuluculuk rol\u00fcn\u00fcn T\u00fcrkiye&#8217;ye bi\u00e7ilmedi\u011fi g\u00f6r\u00fcl\u00fcyor.<\/p>\n<p style=\"text-align: justify;\">AN: H\u00fck\u00fcmetin \u0130ran&#8217;a y\u00f6nelik politikas\u0131n\u0131 onayl\u0131yor musunuz?<\/p>\n<p style=\"text-align: justify;\">KK: Biz \u00f6nce \u015funu s\u00f6yleyeyim, ortado\u011fuda n\u00fckleer silah istemiyoruz. N\u00fckleer silah\u0131n ortado\u011fuda olmas\u0131 ciddi bir sorundur.<\/p>\n<p style=\"text-align: justify;\">AN: Ayn\u0131 d\u00fc\u015f\u00fcnceniz \u0130srail i\u00e7in de ge\u00e7erli mi?<\/p>\n<p style=\"text-align: justify;\">KK: Bar\u0131\u015f\u0131n egemen olunmas\u0131 isteniyorsa, n\u00fckleer silahlar\u0131 bu b\u00f6lgeden ar\u0131nd\u0131rmak ve bar\u0131\u015f\u0131 sa\u011flamak i\u00e7in \u00e7aba harcamak gerekiyor.<\/p>\n<p style=\"text-align: justify;\">KK: T\u00fcrk d\u0131\u015fpolitikas\u0131n\u0131n \u0130ran ekseninde farkl\u0131 bir \u00e7izgide geli\u015fti\u011fi uluslararas\u0131 kayg\u0131lardan anla\u015f\u0131l\u0131yor. Pek \u00e7ok kom\u015fumuzu rahats\u0131z edecekse, bu rahats\u0131zl\u0131\u011f\u0131 giderecek \u00f6nemli ad\u0131mlar\u0131 atmaksa T\u00fcrkiye&#8217;nin g\u00f6revlerinden birisidir.<\/p>\n<p style=\"text-align: justify;\">AN: Say\u0131n Kemal K\u0131l\u0131\u00e7daro\u011flu, Ba\u015fbakan Erdo\u011fan \u00f6n\u00fcm\u00fczdeki hafta referandumu ge\u00e7irmekte ba\u015far\u0131l\u0131 olursa ne olacak?<\/p>\n<p style=\"text-align: justify;\">KK: Hay\u0131r diyen yurtta\u015flar, sanat\u00e7\u0131lar \u00fczerinde ciddi bask\u0131lar var. H\u00fck\u00fcmet yarg\u0131y\u0131 ele ge\u00e7irmek istiyor.<\/p>\n<p style=\"text-align: justify;\">AN: Erdo\u011fan referandumun demokrasiyi g\u00fc\u00e7lendirece\u011fi iddias\u0131nda<\/p>\n<p style=\"text-align: justify;\">KK: Biz say\u0131n ba\u015fbakan bir \u015fey s\u00f6yledi\u011fi zaman aksini ger\u00e7ekle\u015ftirmek i\u00e7in \u00e7aba harcad\u0131\u011f\u0131n\u0131 biliyoruz. \u00d6zg\u00fcrl\u00fck dedi\u011fi zaman, biliyoruz ki \u00f6zg\u00fcrl\u00fckler k\u0131s\u0131tlanacak. E burada demokrasi diyorlar&#8230; Biz buna &#8220;Erdo\u011fan demokrasisi&#8221; diyoruz. \u00c7a\u011fda\u015f demokrasi ile bunun bir ba\u011flant\u0131s\u0131 ilgisi yok. \u00d6zel hayat\u0131n gizlili\u011fi diye bir kavram kalmad\u0131. Herkesi her an her yerde izliyorlar ve dinliyorlar ve de buna demokrasi diyorlar.<\/p>\n<p style=\"text-align: justify;\">AN: Bir\u00e7ok insan sizi ki\u015fisel bazda bakt\u0131klar\u0131nda sizi T\u00fcrkiye&#8217;nin son umudu olarak g\u00f6r\u00fcyor bu g\u00f6reve haz\u0131r m\u0131s\u0131n\u0131z?<\/p>\n<p style=\"text-align: justify;\">KK: Halkla daha fazla i\u00e7 i\u00e7e olup onlara ger\u00e7ekleri anlatmak istiyorum. T\u00fcrkiye kat\u0131 ve otoriter bir rejime do\u011fru ad\u0131m ad\u0131m gidiyor. Ama \u00f6n\u00fcm\u00fczdeki s\u00fcre\u00e7te bunu de\u011fi\u015ftirece\u011fiz.<\/p>\n<p style=\"text-align: justify;\">AN: \u0130srail&#8217;in 2. Kanal\u0131na r\u00f6portaj vermek sizin gibi \u00f6nde gelen bir T\u00fcrk politikac\u0131 i\u00e7in cesaret gerektiren bir hareket mi?<\/p>\n<p style=\"text-align: justify;\">KK: Onu bilmiyorum ama sonu\u00e7ta T\u00fcrkiye&#8217;de ya\u015fananlar\u0131 herkesin bilmeye ve \u00f6\u011frenmeye hakk\u0131 var.<\/p>\n<p style=\"text-align: justify;\">AN: \u0130srailli turistler yeniden T\u00fcrkiye&#8217;ye rahat bir \u015fekilde ne zaman gelebilirler?<\/p>\n<p style=\"text-align: justify;\">KK: Bence her zaman gelebilirler. T\u00fcrk halk\u0131 ile \u0130srail halk\u0131 aras\u0131nda bir sorun yok. \u0130srailli turistlerin buraya gelmesi her \u015feyden \u00f6nce bizi mutlu eder.<\/p>\n<p style=\"text-align: justify;\">AN: Say\u0131n Kemal K\u0131l\u0131\u00e7daro\u011flu zaman\u0131n\u0131z i\u00e7in \u00e7ok te\u015fekk\u00fcr ederim.<\/p>\n<p style=\"text-align: justify;\">KK: \u00c7ok te\u015fekk\u00fcrler.<\/p>\n<p style=\"text-align: justify;\"><a href=\"http:\/\/www.odatv.com\/n.php?n=kilicdaroglundan-israil-televizyonuna-carpici-aciklamalar-0609101200\" target=\"_blank\"><span style=\"color: #888888;\">Kaynak : Odatv.com<\/span><\/a><\/p>\n","protected":false},"excerpt":{"rendered":"<p style=\"text-align: center;\">\n<p style=\"text-align: center;\">\n<p style=\"text-align: justify;\">CHP lideri Kemal K\u0131l\u0131\u00e7daro\u011flu, \u0130srail&#8217;in 2. kanal\u0131na bir r\u00f6portaj verdi. Kanal\u0131n d\u0131\u015f haberler muhabiri Arad Nir\u2019in r\u00f6portaj\u0131, hasturk.tv internet sitesi T\u00fcrk\u00e7e\u2019ye \u00e7evirdi. <\/p>\n","protected":false},"author":1,"featured_media":0,"comment_status":"open","ping_status":"closed","sticky":false,"template":"","format":"standard","meta":{"footnotes":""},"categories":[105],"tags":[],"class_list":["post-25455","post","type-post","status-publish","format-standard","hentry","category-gundem","odd"],"_links":{"self":[{"href":"http:\/\/www.korhanyilmaz.com\/index.php?rest_route=\/wp\/v2\/posts\/25455","targetHints":{"allow":["GET"]}}],"collection":[{"href":"http:\/\/www.korhanyilmaz.com\/index.php?rest_route=\/wp\/v2\/posts"}],"about":[{"href":"http:\/\/www.korhanyilmaz.com\/index.php?rest_route=\/wp\/v2\/types\/post"}],"author":[{"embeddable":true,"href":"http:\/\/www.korhanyilmaz.com\/index.php?rest_route=\/wp\/v2\/users\/1"}],"replies":[{"embeddable":true,"href":"http:\/\/www.korhanyilmaz.com\/index.php?rest_route=%2Fwp%2Fv2%2Fcomments&post=25455"}],"version-history":[{"count":0,"href":"http:\/\/www.korhanyilmaz.com\/index.php?rest_route=\/wp\/v2\/posts\/25455\/revisions"}],"wp:attachment":[{"href":"http:\/\/www.korhanyilmaz.com\/index.php?rest_route=%2Fwp%2Fv2%2Fmedia&parent=25455"}],"wp:term":[{"taxonomy":"category","embeddable":true,"href":"http:\/\/www.korhanyilmaz.com\/index.php?rest_route=%2Fwp%2Fv2%2Fcategories&post=25455"},{"taxonomy":"post_tag","embeddable":true,"href":"http:\/\/www.korhanyilmaz.com\/index.php?rest_route=%2Fwp%2Fv2%2Ftags&post=25455"}],"curies":[{"name":"wp","href":"https:\/\/api.w.org\/{rel}","templated":true}]}}