{"id":25451,"date":"2010-09-06T20:38:10","date_gmt":"2010-09-06T17:38:10","guid":{"rendered":"http:\/\/www.korhanyilmaz.com\/?p=25451"},"modified":"2010-09-06T20:38:10","modified_gmt":"2010-09-06T17:38:10","slug":"ozbekten-hukumete-torpil-suclamasi","status":"publish","type":"post","link":"http:\/\/www.korhanyilmaz.com\/?p=25451","title":{"rendered":"\u00d6zbek&#8217;ten h\u00fck\u00fcmete &#8220;torpil&#8221; su\u00e7lamas\u0131"},"content":{"rendered":"<p style=\"text-align: center;\"><a href=\"http:\/\/www.korhanyilmaz.com\/wp-content\/uploads\/2010\/09\/108.jpg\"  class=\"lightview\"><img loading=\"lazy\" decoding=\"async\" class=\"aligncenter size-full wp-image-25452\" src=\"http:\/\/www.korhanyilmaz.com\/wp-content\/uploads\/2010\/09\/108.jpg\" alt=\"\" width=\"346\" height=\"266\" \/><\/a><\/p>\n<p style=\"text-align: justify;\">Hakim ve Savc\u0131lar Y\u00fcksek Kurulu (HSYK) Ba\u015fkanvekili Kadir \u00d6zbek, hakim ve savc\u0131 atamalar\u0131 i\u00e7in &#8220;H\u00fck\u00fcmet kanad\u0131ndan da torpil talebi oldu&#8221; dedi.<\/p>\n<p style=\"text-align: justify;\">CNN T\u00dcRK Muhabiri Serhat Dal&#8217;\u0131n aktard\u0131\u011f\u0131na g\u00f6re, Adli Y\u0131l a\u00e7\u0131l\u0131\u015f\u0131 dolay\u0131s\u0131yla TBMM&#8217;de d\u00fczenlenen resepsiyona kat\u0131lan \u00d6zbek, gazetecilerin sorular\u0131n\u0131 yan\u0131tlad\u0131. <!--more--><\/p>\n<p style=\"text-align: justify;\">Ba\u015fbakan Erdo\u011fan&#8217;\u0131n, &#8220;Dedelerin talimat\u0131yla atama d\u00f6nemi bitti&#8221; s\u00f6z\u00fcn\u00fcn hat\u0131rlat\u0131lmas\u0131 \u00fczerine \u00d6zbek, &#8220;Bunlar \u00e7ok \u00e7irkin s\u00f6zler. \u0130ktidar partisinden bir genel ba\u015fkan yard\u0131mc\u0131s\u0131, bir komisyon ba\u015fkan\u0131 ve k\u0131demli bir milletvekili bize referans notlar\u0131 iletti; torpil talebiyle geldi. Kendilerine duydu\u011fum sayg\u0131dan dolay\u0131 isimlerini a\u00e7\u0131klamayaca\u011f\u0131m. Birileri referans oldu diye bu talep ger\u00e7ekle\u015femez&#8221; dedi.<\/p>\n<p style=\"text-align: justify;\">Bir gazetecinin, &#8220;13 Eyl\u00fclde nas\u0131l bir T\u00fcrkiye&#8217;ye uyanaca\u011f\u0131z?&#8221; sorusuna \u00d6zbek, &#8220;Herhalde daha \u00f6nceki 12 Eyl\u00fclden daha iyi olaca\u011f\u0131n\u0131 tahmin ediyorum. \u0130yi olacakt\u0131r, umutlar\u0131n\u0131z\u0131 kesmeyin. Hem yarg\u0131 te\u015fkilat\u0131 a\u00e7\u0131s\u0131ndan hem de milletimiz a\u00e7\u0131s\u0131ndan \u00f6n\u00fcm\u00fczdeki bir \u00e7ok sorunun a\u015f\u0131lmas\u0131 gerekiyor. \u0130n\u015fallah daha iyi g\u00fcnlere gidece\u011fiz. Beklentilerimiz ortada&#8221; yan\u0131t\u0131n\u0131 verdi.<\/p>\n<p style=\"text-align: justify;\">Yarg\u0131\u00e7lar ve Savc\u0131lar Birli\u011fi (YARSAV) Ba\u015fkan\u0131 Emine \u00dclker Tarhan da her adli y\u0131l a\u00e7\u0131l\u0131\u015f\u0131nda genellikle yarg\u0131n\u0131n sorunlar\u0131n\u0131n konu\u015fuldu\u011funu, \u00e7\u00f6z\u00fcm \u00f6nerileri \u00fczerinde duruldu\u011funu, ancak bu y\u0131l T\u00fcrkiye&#8217;de farkl\u0131 bir iklim oldu\u011funu s\u00f6yledi.<\/p>\n<p style=\"text-align: justify;\">Tarhan, &#8220;YARSAV, yarg\u0131n\u0131n kimsenin arka bah\u00e7esi olmama konusundaki m\u00fccadelesini s\u00fcrd\u00fcrecektir. Bu m\u00fccadeleye kar\u015f\u0131 biz sayg\u0131 duyulmas\u0131n\u0131 istiyoruz. Bizim verdi\u011fimiz m\u00fccadele darbelere kar\u015f\u0131 bir m\u00fccadeledir, bir sivil darbeye kar\u015f\u0131 m\u00fccadeledir. Buna sayg\u0131 duyulmas\u0131n\u0131 istiyorum. Bize sayg\u0131 duymayanlarla birlikte olmamay\u0131 d\u00fc\u015f\u00fcn\u00fcyoruz&#8221; dedi.<\/p>\n<p style=\"text-align: justify;\">Tarhan, bir soru \u00fczerine, ortam dinlemelerinin tam bir hukuk katliam\u0131 oldu\u011funu s\u00f6yledi.<\/p>\n<p style=\"text-align: justify;\">Hukuka a\u011f\u0131r bir sald\u0131r\u0131 oldu\u011funu \u00f6ne s\u00fcren Tarhan, &#8220;Karanl\u0131k ve kirli kulaklar taraf\u0131ndan yap\u0131lan bu ortam dinlemelerini, haince, al\u00e7ak\u00e7a, asl\u0131nda bir hamam b\u00f6ce\u011fi tavr\u0131 olarak nitelendiriyorum. Hi\u00e7 bir demokraside, evrensel hukukta bunun kabul edilmesi m\u00fcmk\u00fcn de\u011fildir. Bu hukuksuzdur, i\u00e7eri\u011fini asla tart\u0131\u015fm\u0131yoruz&#8221; diye konu\u015ftu.<\/p>\n<p style=\"text-align: justify;\"><a href=\"http:\/\/www.cnnturk.com\/2010\/turkiye\/09\/06\/ozbekten.hukumete.torpil.suclamasi\/588992.0\/index.html\" target=\"_blank\"><span style=\"color: #888888;\">CNN T\u00dcRK<\/span><\/a><\/p>\n","protected":false},"excerpt":{"rendered":"<p style=\"text-align: center;\">\n<p style=\"text-align: justify;\">Hakim ve Savc\u0131lar Y\u00fcksek Kurulu (HSYK) Ba\u015fkanvekili Kadir \u00d6zbek, hakim ve savc\u0131 atamalar\u0131 i\u00e7in &#8220;H\u00fck\u00fcmet kanad\u0131ndan da torpil talebi oldu&#8221; dedi.<\/p>\n<p style=\"text-align: justify;\">CNN T\u00dcRK Muhabiri Serhat Dal&#8217;\u0131n aktard\u0131\u011f\u0131na g\u00f6re, Adli Y\u0131l a\u00e7\u0131l\u0131\u015f\u0131 dolay\u0131s\u0131yla TBMM&#8217;de d\u00fczenlenen resepsiyona kat\u0131lan \u00d6zbek, gazetecilerin sorular\u0131n\u0131 yan\u0131tlad\u0131. <\/p>\n","protected":false},"author":1,"featured_media":0,"comment_status":"open","ping_status":"closed","sticky":false,"template":"","format":"standard","meta":{"footnotes":""},"categories":[105],"tags":[],"class_list":["post-25451","post","type-post","status-publish","format-standard","hentry","category-gundem","odd"],"_links":{"self":[{"href":"http:\/\/www.korhanyilmaz.com\/index.php?rest_route=\/wp\/v2\/posts\/25451","targetHints":{"allow":["GET"]}}],"collection":[{"href":"http:\/\/www.korhanyilmaz.com\/index.php?rest_route=\/wp\/v2\/posts"}],"about":[{"href":"http:\/\/www.korhanyilmaz.com\/index.php?rest_route=\/wp\/v2\/types\/post"}],"author":[{"embeddable":true,"href":"http:\/\/www.korhanyilmaz.com\/index.php?rest_route=\/wp\/v2\/users\/1"}],"replies":[{"embeddable":true,"href":"http:\/\/www.korhanyilmaz.com\/index.php?rest_route=%2Fwp%2Fv2%2Fcomments&post=25451"}],"version-history":[{"count":0,"href":"http:\/\/www.korhanyilmaz.com\/index.php?rest_route=\/wp\/v2\/posts\/25451\/revisions"}],"wp:attachment":[{"href":"http:\/\/www.korhanyilmaz.com\/index.php?rest_route=%2Fwp%2Fv2%2Fmedia&parent=25451"}],"wp:term":[{"taxonomy":"category","embeddable":true,"href":"http:\/\/www.korhanyilmaz.com\/index.php?rest_route=%2Fwp%2Fv2%2Fcategories&post=25451"},{"taxonomy":"post_tag","embeddable":true,"href":"http:\/\/www.korhanyilmaz.com\/index.php?rest_route=%2Fwp%2Fv2%2Ftags&post=25451"}],"curies":[{"name":"wp","href":"https:\/\/api.w.org\/{rel}","templated":true}]}}