{"id":25446,"date":"2010-09-06T22:00:27","date_gmt":"2010-09-06T19:00:27","guid":{"rendered":"http:\/\/www.korhanyilmaz.com\/?p=25446"},"modified":"2010-09-06T22:00:27","modified_gmt":"2010-09-06T19:00:27","slug":"25446","status":"publish","type":"post","link":"http:\/\/www.korhanyilmaz.com\/?p=25446","title":{"rendered":"Bir A\u011f\u0131r Ceza Hakiminin Feryad\u0131"},"content":{"rendered":"<p style=\"text-align: center;\"><a href=\"http:\/\/www.korhanyilmaz.com\/wp-content\/uploads\/2010\/09\/107.jpg\"  class=\"lightview\"><img loading=\"lazy\" decoding=\"async\" class=\"aligncenter size-full wp-image-25447\" src=\"http:\/\/www.korhanyilmaz.com\/wp-content\/uploads\/2010\/09\/107.jpg\" alt=\"\" width=\"417\" height=\"151\" \/><\/a><\/p>\n<p style=\"text-align: justify;\">Bolu Adliyesi&#8217;nde A\u011f\u0131r Ceza Hakimi olarak g\u00f6rev yapan \u00c7etin Canbazo\u011flu, kendi Facebook sayfas\u0131nda referandum ile ilgili bir yaz\u0131 kaleme ald\u0131. Bir hakimin feryad\u0131 olarak  yorumlanabilecek yaz\u0131da Canbazo\u011flu, t\u00fcm yurrta\u015flara seslendi. <!--more--><\/p>\n<p style=\"text-align: justify;\"><strong>\u0130\u015fte Canbazo\u011flu&#8217;nun o mektubu: <\/strong><\/p>\n<p style=\"text-align: justify;\">Ben bir T\u00fcrk H\u00e2kimiyim!<\/p>\n<p style=\"text-align: justify;\">H\u00e2len, \u201cba\u011f\u0131ms\u0131z&#8221; yarg\u0131n\u0131n bir mensubu olarak Bolu Adliyesinde A\u011f\u0131r Ceza H\u00e2kimi s\u0131fat\u0131yla g\u00f6revime devam ediyorum.<\/p>\n<p style=\"text-align: justify;\">23 y\u0131la varan meslek hayat\u0131m boyunca, bakmakta oldu\u011fum davalar hakk\u0131nda karar verirken, hi\u00e7 kimsenin tesiri alt\u0131nda kalmaks\u0131z\u0131n, sadece \u201cvicd\u00e2n\u00ee kanaatlerimin sesini\u201d dinledim; hakl\u0131 oldu\u011funa inand\u0131\u011f\u0131m davalar\u0131 kabul; inanmad\u0131klar\u0131m\u0131 reddettim.<\/p>\n<p style=\"text-align: justify;\">Yarg\u0131n\u0131n \u201cba\u011f\u0131ms\u0131z\u201d olu\u015fundan ald\u0131\u011f\u0131m g\u00fc\u00e7le birilerini mutlu etmek i\u00e7in de\u011fil, kanuna ve hukuka uygun olarak, d\u00e2im\u00e2 \u201cvicd\u00e2n\u00ee kanaatlerime g\u00f6re\u201d karar verdim.<\/p>\n<p style=\"text-align: justify;\">\u015e\u00fcphesiz, mesle\u011fimin icras\u0131 s\u0131ras\u0131nda, kararlar\u0131m\u0131 etkilemeye \u00e7al\u0131\u015fan unsurlar hep oldu; ama, ben, hi\u00e7 birine kulak asmad\u0131m; telefon ettiklerinde \u00e2hizeyi suratlar\u0131na kapad\u0131m; odama girdiklerinde kap\u0131-d\u0131\u015far\u0131 ettim; \u201ckendi h\u00fcr vicd\u00e2n\u0131m d\u0131\u015f\u0131nda&#8221; kimseye \u201ceyvallah\u0131m\u201d olmad\u0131!<\/p>\n<p style=\"text-align: justify;\">\u00c7\u00fcnk\u00fc, arkamda, mensubu olmaktan her zaman gurur duydu\u011fum \u201cB\u00fcy\u00fck ve Ba\u011f\u0131ms\u0131z T\u00fcrk Yarg\u0131s\u0131\u201d vard\u0131!<\/p>\n<p style=\"text-align: justify;\">E\u011fer, mensubu oldu\u011fum yarg\u0131 kuvveti, \u201cbir yerlere ba\u011f\u0131ml\u0131\u201d olsayd\u0131, yarg\u0131lamaya ili\u015fkin yetkilerimi vicd\u00e2n\u00ee kanaatlerime g\u00f6re de\u011fil, \u201cbirilerini\u201d memnun etmek i\u00e7in,onlar\u0131n arzular\u0131, \u00e7\u0131karlar\u0131 ve t\u00e2limatlar\u0131 do\u011frultusunda kulanmak mecburiyetinde kalacakt\u0131m; bu durumda ise, haktan, hukuktan, ad\u00e2let ve hakk\u00e2niyetten s\u00f6z edilemeyecekti.<\/p>\n<p style=\"text-align: justify;\">Kez\u00e2, y\u00fcce yarg\u0131, e\u011fer \u201cba\u011f\u0131ml\u0131\u201d olsayd\u0131, mesle\u011fimi, yarg\u0131y\u0131 ba\u011f\u0131ml\u0131 h\u00e2le getiren siyas\u00ee iktidar mensuplar\u0131n\u0131n g\u00f6r\u00fc\u015f ve t\u00e2limatlar\u0131 y\u00f6n\u00fcnde icra ediyor; kararlar\u0131m\u0131 da (a\u00e7\u0131ktan a\u00e7\u0131\u011fa olmasa bile, gizliden gizliye) onlar\u0131n emirleri do\u011frultusunda veriyor olacakt\u0131m! \u0130\u015fte, benim, bu \u201cen b\u00fcy\u00fck nimetim\u201d, kendi h\u00fcr ve \u00f6zg\u00fcr iradem \/ vicd\u00e2n\u00ee kanaatim, 12 Eyl\u00fcl 2010 Pazar g\u00fcn\u00fc -ne yaz\u0131k ki, bir daha geri verilmemek \u00fczere- elimden al\u0131nmak isteniyor; bundan b\u00f6yle, kolu-kanad\u0131 k\u0131r\u0131lm\u0131\u015f \u201cba\u011f\u0131ml\u0131 ve c\u00fcce\u201d bir yarg\u0131n\u0131n mensubu olarak siyas\u00ee iktid\u00e2rlar\u0131n \u201crobotu\u201d haline getirilmek isteniyorum!<\/p>\n<p style=\"text-align: justify;\">\u015eimdi, buradan, \u201cevet\u201d\u00e7ilere, \u201c\u015fimdilik evet\u201d\u00e7ilere, \u201cyetmez ama yine de evet\u201d\u00e7ilere ve \u201cboykot\u201d\u00e7ulara seslenmek istiyorum: Benim, bir h\u00e2kim olarak, yarg\u0131sal kararlar\u0131m\u0131 \u201ckanuna ve hukuka uygun bi\u00e7imde vicd\u00e2n\u00ee kanaatlerime g\u00f6re\u201d mi, yoksa \u201csiyas\u00ee iktid\u00e2rlara mensup organ, makam, merci veya ki\u015filerin emir ve t\u00e2limatlar\u0131na g\u00f6re\u201d mi vermemi istersiniz? Su\u00e7suz oldu\u011funa inand\u0131\u011f\u0131m bir san\u0131\u011f\u0131 tam beraat ettirmek \u00fczere iken, o s\u0131rada beni arayan ki\u015finin aksi y\u00f6nde karar vermemi \u201cemir buyurmas\u0131\u201d \u00fczerine (i\u00e7im kan a\u011flayarak) mahk\u00fbmiyetine karar vermem ho\u015funuza gider mi?<\/p>\n<p style=\"text-align: justify;\">Veya, tam tersi, eldeki delillere g\u00f6re cezaland\u0131r\u0131lmas\u0131 gereken az\u0131l\u0131 bir f\u00e2ili, hakketti\u011fi cezaya \u00e7arpt\u0131rmak \u00fczere iken, f\u00fctursuzca odama dalan \u201cbirinin ya da birilerinin zoru ile&#8221; beraat ettirmem, adalet duygular\u0131n\u0131z\u0131 incitmeyecek mi?\u0130\u015fte, anayasa de\u011fi\u015fikli\u011fi ile yap\u0131lmak istenen budur!<\/p>\n<p style=\"text-align: justify;\">As\u0131l ama\u00e7, bug\u00fcne kadar bin t\u00fcrl\u00fc hileye, b\u00e2direye, entrikaya, tertip ve d\u00fczene ra\u011fmen, h\u00e2l\u00e2 \u201cba\u011f\u0131ms\u0131z\u201d kalabilmeyi ba\u015farm\u0131\u015f olan Y\u00fcce T\u00fcrk Yarg\u0131s\u0131n\u0131, idareye ba\u011f\u0131ml\u0131 bir \u201crobot yarg\u0131\u201d haline d\u00f6n\u00fc\u015ft\u00fcrmektir!<\/p>\n<p style=\"text-align: justify;\">Bundan, hi\u00e7 \u015f\u00fcpheniz olmas\u0131n!<\/p>\n<p style=\"text-align: justify;\">Ben\u2026 Halkoylamas\u0131 sonras\u0131nda eskiden oldu\u011fu gibi, kararlar\u0131m\u0131, yine kendi h\u00fcr irademle ba\u015f ba\u015fa kalarak vermek istiyorum; idarenin m\u00fcmessilleriyle kafa kafaya vererek de\u011fil!<\/p>\n<p style=\"text-align: justify;\">Ben\u2026 Kararlar\u0131mda bana tesir etmeye \u00e7al\u0131\u015fan ki\u015filerin suratlar\u0131na eskisi gibi telefonu kapamak; odama girdiklerinde ise yine kap\u0131-d\u0131\u015far\u0131 etmek istiyorum; her telefon ettiklerinde esas duru\u015fa ge\u00e7mek ya da mahkemeye geldiklerinde onlar\u0131 ba\u015fk\u00f6\u015felerde a\u011f\u0131rlamak de\u011fil! \u201cEvet\u00e7iler \/ Boykot\u00e7ular\u201d, ne olur, mesle\u011fimin biricik g\u00fcvencesi, varl\u0131k sebebi, olmazsa olmaz\u0131, b\u00fct\u00fcn g\u00fcc\u00fc-kuvveti, g\u00fczelli\u011fi, hatta s\u00fcs\u00fc olan \u201ch\u00fcr irademi \/ vicd\u00e2n\u0131m\u0131\u201d l\u00fbtfen, ama l\u00fbtfen elimden almay\u0131n; onu bana \u00e7ok g\u00f6rmeyin; beni birilerinin kulu, k\u00f6lesi, \u0131rgad\u0131, marabas\u0131, kuklas\u0131, robotu haline d\u00f6n\u00fc\u015ft\u00fcrmeyin!<\/p>\n<p style=\"text-align: justify;\">Ne olur! Ba\u011f\u0131ms\u0131z T\u00fcrk Yarg\u0131s\u0131n\u0131n onurlu bir mensubu olarak -gerekirse- sizlere yalvar\u0131yorum:<\/p>\n<p style=\"text-align: justify;\">Karar\u0131n\u0131z\u0131 l\u00fbtfen bir kez daha g\u00f6zden ge\u00e7irin!<\/p>\n<p style=\"text-align: justify;\">Ne olur!<\/p>\n<p style=\"text-align: justify;\"><strong>\u00c7etin Canbazo\u011flu <\/strong><\/p>\n<p style=\"text-align: justify;\"><a href=\"http:\/\/www.odatv.com\/n.php?n=bir-agir-ceza-hakiminin-feryadi-0609101200\" target=\"_blank\"><span style=\"color: #888888;\">Kaynak : Odatv.com<\/span><\/a><\/p>\n","protected":false},"excerpt":{"rendered":"<p style=\"text-align: center;\">\n<p style=\"text-align: justify;\">Bolu Adliyesi&#8217;nde A\u011f\u0131r Ceza Hakimi olarak g\u00f6rev yapan \u00c7etin Canbazo\u011flu, kendi Facebook sayfas\u0131nda referandum ile ilgili bir yaz\u0131 kaleme ald\u0131. Bir hakimin feryad\u0131 olarak yorumlanabilecek yaz\u0131da Canbazo\u011flu, t\u00fcm yurrta\u015flara seslendi. <\/p>\n","protected":false},"author":1,"featured_media":0,"comment_status":"open","ping_status":"closed","sticky":false,"template":"","format":"standard","meta":{"footnotes":""},"categories":[105],"tags":[],"class_list":["post-25446","post","type-post","status-publish","format-standard","hentry","category-gundem","odd"],"_links":{"self":[{"href":"http:\/\/www.korhanyilmaz.com\/index.php?rest_route=\/wp\/v2\/posts\/25446","targetHints":{"allow":["GET"]}}],"collection":[{"href":"http:\/\/www.korhanyilmaz.com\/index.php?rest_route=\/wp\/v2\/posts"}],"about":[{"href":"http:\/\/www.korhanyilmaz.com\/index.php?rest_route=\/wp\/v2\/types\/post"}],"author":[{"embeddable":true,"href":"http:\/\/www.korhanyilmaz.com\/index.php?rest_route=\/wp\/v2\/users\/1"}],"replies":[{"embeddable":true,"href":"http:\/\/www.korhanyilmaz.com\/index.php?rest_route=%2Fwp%2Fv2%2Fcomments&post=25446"}],"version-history":[{"count":0,"href":"http:\/\/www.korhanyilmaz.com\/index.php?rest_route=\/wp\/v2\/posts\/25446\/revisions"}],"wp:attachment":[{"href":"http:\/\/www.korhanyilmaz.com\/index.php?rest_route=%2Fwp%2Fv2%2Fmedia&parent=25446"}],"wp:term":[{"taxonomy":"category","embeddable":true,"href":"http:\/\/www.korhanyilmaz.com\/index.php?rest_route=%2Fwp%2Fv2%2Fcategories&post=25446"},{"taxonomy":"post_tag","embeddable":true,"href":"http:\/\/www.korhanyilmaz.com\/index.php?rest_route=%2Fwp%2Fv2%2Ftags&post=25446"}],"curies":[{"name":"wp","href":"https:\/\/api.w.org\/{rel}","templated":true}]}}