{"id":25442,"date":"2010-09-07T08:22:39","date_gmt":"2010-09-07T05:22:39","guid":{"rendered":"http:\/\/www.korhanyilmaz.com\/?p=25442"},"modified":"2010-09-07T08:22:39","modified_gmt":"2010-09-07T05:22:39","slug":"gercekerin-konusmasini-tehdit-olarak-degerlendirdi","status":"publish","type":"post","link":"http:\/\/www.korhanyilmaz.com\/?p=25442","title":{"rendered":"Ger\u00e7eker&#8217;in konu\u015fmas\u0131n\u0131 &#8216;tehdit&#8217; olarak de\u011ferlendirdi"},"content":{"rendered":"<p style=\"text-align: center;\"><a href=\"http:\/\/www.korhanyilmaz.com\/wp-content\/uploads\/2010\/09\/106.jpg\"  class=\"lightview\"><img loading=\"lazy\" decoding=\"async\" class=\"aligncenter size-full wp-image-25443\" src=\"http:\/\/www.korhanyilmaz.com\/wp-content\/uploads\/2010\/09\/106.jpg\" alt=\"\" width=\"363\" height=\"271\" \/><\/a><\/p>\n<p style=\"text-align: justify;\">Ba\u015fbakan Recep Tayyip Erdo\u011fan, Yarg\u0131tay Ba\u015fkan\u0131 Hasan Ger\u00e7eker&#8217;in yeni yarg\u0131 y\u0131l\u0131n\u0131n a\u00e7\u0131l\u0131\u015f\u0131nda yapt\u0131\u011f\u0131 konu\u015fmay\u0131 &#8220;Talihsiz bir a\u00e7\u0131klama&#8221; olarak de\u011ferlendirirken konu\u015fmay\u0131 bir tehdit olarak alg\u0131lad\u0131\u011f\u0131n\u0131 ve gelece\u011fe y\u00f6nelik mesajlar i\u00e7erdi\u011fini s\u00f6yledi.<!--more--><\/p>\n<p style=\"text-align: justify;\">Ankara &#8211; Ba\u015fbakan Recep Tayyip Erdo\u011fan, Beyaz Tv kanal\u0131nda referandum s\u00fcrecini ve son g\u00fcnlerdeki geli\u015fmeleri de\u011ferlendirdi. Erdo\u011fan Yarg\u0131tay Ba\u015fkan\u0131 Hasan Ger\u00e7eker&#8217;in 2010-2011 yarg\u0131 y\u0131l\u0131 a\u00e7\u0131l\u0131\u015f t\u00f6reninde yapt\u0131\u011f\u0131 konu\u015fmay\u0131 &#8220;Talihsiz bir a\u00e7\u0131klama&#8221; s\u00f6zleriyle de\u011ferlendirdi. A\u00e7\u0131klaman\u0131n bir tehdit olarak alg\u0131land\u0131\u011f\u0131na dikkat \u00e7eken Erdo\u011fan  &#8220;Gelece\u011fe y\u00f6nelik mesajlar veriyor. Y\u00fcr\u00fctme ile yarg\u0131n\u0131n aras\u0131 a\u00e7\u0131lacak e\u011fer evet ge\u00e7erse diyor. Bunu bir Yarg\u0131tay ba\u015fkan\u0131 nas\u0131l s\u00f6yler&#8221; dedi.<\/p>\n<p style=\"text-align: justify;\"><strong>Yine cibiliyetsiz yorumu <\/strong><\/p>\n<p style=\"text-align: justify;\">Ba\u015fbakan Erdo\u011fan, CHP lideri Kemal K\u0131l\u0131\u00e7daro\u011flu&#8217;na y\u00f6nelik ele\u015ftirilerinde K\u0131l\u0131\u00e7daro\u011flu&#8217;nun kendisine Recep Bey diye hitap etmesinden rahats\u0131z olmad\u0131\u011f\u0131n\u0131 belirtirken, &#8220;Bu cibiliyet meselesidir&#8221; dedi. Erdo\u011fan benzer bir yorumu daha \u00f6nce de CHP&#8217;nin eski Genel Ba\u015fkan\u0131 Deniz Baykal i\u00e7in kullanm\u0131\u015f ve Baykal bu s\u00f6zler i\u00e7in Erdo\u011fan&#8217;a dava a\u00e7m\u0131\u015ft\u0131.<\/p>\n<p style=\"text-align: justify;\">Ba\u015fbakan Erdo\u011fan MHP Lideri Devlet Bah\u00e7eli&#8217;nin Apo ile g\u00f6r\u00fc\u015f\u00fcld\u00fc iddialar\u0131na y\u00f6nelik sarf etti\u011fi &#8220;Kan\u0131tlamazsan\u0131z \u015ferefsizsiniz&#8221; s\u00f6zleri nedeniyle \u00fcslubunu sertle\u015ftirdi\u011fi y\u00f6n\u00fcndeki ele\u015ftirilere ise &#8220;Kan\u0131ma dokunuyor. Bug\u00fcne kadar hi\u00e7 bir arkada\u015f\u0131m\u0131n bana b\u00f6yle bir teklifi dahi olmam\u0131\u015ft\u0131r. Ama bak\u0131yorsunuz Say\u0131n Bah\u00e7eli y\u0131rt\u0131n\u0131rcas\u0131na gittiler da\u011fda g\u00f6r\u00fc\u015ft\u00fcler \u015furda g\u00f6r\u00fc\u015ft\u00fcler, burda g\u00f6r\u00fc\u015ft\u00fcler. Zerre kadar devlet terbiyesi g\u00f6rm\u00fc\u015f insan b\u00f6yle bir a\u00e7\u0131klamada bulunamaz. \u015eimdi ben ispatlamaya davet ediyorum. \u0130spatlayamazsan \u015ferefsizsin. \u015fimdi burada benim yasal haklar\u0131m da sakl\u0131. \u00c7ok ciddi bir s\u0131k\u0131nt\u0131 sakatl\u0131k&#8221; s\u00f6zleriyle yan\u0131t verdi. Erdo\u011fan YARSAV&#8217; a y\u00f6nelik yapt\u0131\u011f\u0131 &#8220;Siyasi parti gibi konu\u015fuyorlar&#8221; s\u00f6zlerini de yineleyerek &#8220;Biz ad\u0131n\u0131 de\u011fi\u015ftirdik zaten YASAP olarak&#8221; dedi.<\/p>\n<p style=\"text-align: justify;\"><strong>&#8216;Evet hay\u0131r aras\u0131nda 8-10 bantl\u0131k fark var&#8217; <\/strong><\/p>\n<p style=\"text-align: justify;\">Erdo\u011fan referanduma ili\u015fkin a\u00e7\u0131klanan kamuoyu yoklamalar\u0131na ili\u015fkin de\u011ferlendirmesinde ise bu anketlerin hi\u00e7birine g\u00fcvenmedi\u011fini vurgulayarak \u015funlar\u0131 s\u00f6yledi: &#8220;Bunlar sipari\u015fle gelen anketler. Biz de anketler yapt\u0131r\u0131yoruz. Bize ula\u015fan anketlerde arada 8-10 band\u0131nda bir fark var. Bunlar sadece bir tane ara\u015ft\u0131rma firmas\u0131n\u0131 de\u011fil. Bir ka\u00e7 ara\u015ft\u0131rma firmas\u0131n\u0131n. Ama en do\u011frusu bunun pazar g\u00fcn\u00fc ortaya \u00e7\u0131kacak. \u00c7ok fazla heyecanlanmaya falan gerek yok. Pazar g\u00fcn\u00fc \u00e7\u0131kacak neticede as\u0131l rakamlar\u0131 g\u00f6rece\u011fiz. Tabi yalanc\u0131larda s\u00f6yledikleri o yalan rakamlarla ortada kalm\u0131\u015f olacaklar&#8221;<\/p>\n<p style=\"text-align: justify;\"><strong>&#8216;Diyarbak\u0131r biz var\u0131z dedi&#8217; <\/strong><\/p>\n<p style=\"text-align: justify;\">Uzun s\u00fcre tart\u0131\u015f\u0131lar ve boykot karar\u0131n\u0131n g\u00f6lgesinde ger\u00e7ekle\u015ftirilen Diyarbak\u0131r mitingine ili\u015fkin de\u011ferlendirmesinde ise &#8220;O meydandan \u00e7\u0131kan mesaj biz var\u0131z mesaj\u0131yd\u0131&#8221; yorumunu yapan Erdo\u011fan, b\u00f6lge halk\u0131n\u0131n sand\u0131\u011fa gitme hakk\u0131n\u0131 kullanabilmesi i\u00e7in emniyet g\u00fc\u00e7lerinin gereken t\u00fcm \u00f6nlemleri alaca\u011f\u0131na vurgu yapt\u0131. Erdo\u011fan referandumdan hay\u0131r \u00e7\u0131kmas\u0131 durumunda ne olaca\u011f\u0131 y\u00f6n\u00fcndeki bir soruya ise &#8220;Biz her zamanki gibi olgunlu\u011fumuzu koruruz. Kald\u0131 ki 12 Eyl\u00fcl zaten milletimizin lehinde \u00e7ok \u00f6nemli bir s\u0131\u00e7raman\u0131n olaca\u011f\u0131 bir g\u00fcnd\u00fcr. Tersi olursa zaten bu \u00fclkede demokrasi b\u00fcy\u00fck bir yara alm\u0131\u015f demektir&#8221; yan\u0131t\u0131n\u0131 verdi.<\/p>\n<p style=\"text-align: justify;\"><strong>&#8216;Erken se\u00e7im zihnimizde yok&#8217; <\/strong><\/p>\n<p style=\"text-align: justify;\">Ba\u015fbakan Erdo\u011fan, daha \u00f6nce Turgut \u00d6zal&#8217;\u0131n yapt\u0131\u011f\u0131 gibi bir erken se\u00e7im karar\u0131 al\u0131p almayaca\u011f\u0131na y\u00f6nelik ise \u015funlar\u0131 s\u00f6yledi: &#8220;Kesinlikle \u015fu anda benim d\u00fcnyamda bir erken se\u00e7im projesi kesinlikle zihnimde de\u011fil. Bir 5 dakika senaryosu kesinlikle akl\u0131m\u0131zda yok. Tayyip Erdo\u011fan&#8217;\u0131n a\u011fz\u0131ndan s\u00f6z bir kez \u00e7\u0131kar. \u00c7\u00fcnk\u00fc biz \u015funa inan\u0131r\u0131z her erken se\u00e7im T\u00fcrkiye&#8217;ye kaybettirmi\u015ftir. \u015eimdi al\u0131nacak yine b\u00f6yle bir kararda T\u00fcrkiye kaybeder. \u00c7\u00fcnk\u00fc istikrar ve g\u00fcven \u00e7ok \u00f6nemlidir. Yap\u0131lan bir halk oylamas\u0131d\u0131r g\u00fcven oylamas\u0131 de\u011fildir. MHP ve CHP bunu g\u00fcven oylamas\u0131na \u00e7evirmeye \u00e7al\u0131\u015f\u0131yor. Asla olaya bu \u015fekilde bakm\u0131yoruz. T\u00fcrkiye geli\u015fmi\u015f \u00fclkelerde oldu\u011fu gibi art\u0131k belirlenen tarihlerde art\u0131k se\u00e7imleri yapmaya al\u0131\u015fmal\u0131d\u0131r. T\u00fcrkiye&#8217;nin siyasi tarihine bak\u0131yoruz ortalama iktidar s\u00fcresi 16 ay 18 ay. B\u00f6yle istikrar olmaz&#8221;<\/p>\n<p style=\"text-align: justify;\"><a href=\"http:\/\/www.cumhuriyet.com.tr\/?hn=171042&amp;kw=Ger%E7eker%27in+konu%FEmas%FDn%FD+%27tehdit%27+olarak+de%F0erlendirdi\" target=\"_blank\"><span style=\"color: #888888;\">Kaynak : Cumhuriyet Haber Portal\u0131<\/span><\/a><\/p>\n","protected":false},"excerpt":{"rendered":"<p style=\"text-align: center;\">\n<p style=\"text-align: justify;\">Ba\u015fbakan Recep Tayyip Erdo\u011fan, Yarg\u0131tay Ba\u015fkan\u0131 Hasan Ger\u00e7eker&#8217;in yeni yarg\u0131 y\u0131l\u0131n\u0131n a\u00e7\u0131l\u0131\u015f\u0131nda yapt\u0131\u011f\u0131 konu\u015fmay\u0131 &#8220;Talihsiz bir a\u00e7\u0131klama&#8221; olarak de\u011ferlendirirken konu\u015fmay\u0131 bir tehdit olarak alg\u0131lad\u0131\u011f\u0131n\u0131 ve gelece\u011fe y\u00f6nelik mesajlar i\u00e7erdi\u011fini s\u00f6yledi.<\/p>\n","protected":false},"author":1,"featured_media":0,"comment_status":"open","ping_status":"closed","sticky":false,"template":"","format":"standard","meta":{"footnotes":""},"categories":[105],"tags":[],"class_list":["post-25442","post","type-post","status-publish","format-standard","hentry","category-gundem","odd"],"_links":{"self":[{"href":"http:\/\/www.korhanyilmaz.com\/index.php?rest_route=\/wp\/v2\/posts\/25442","targetHints":{"allow":["GET"]}}],"collection":[{"href":"http:\/\/www.korhanyilmaz.com\/index.php?rest_route=\/wp\/v2\/posts"}],"about":[{"href":"http:\/\/www.korhanyilmaz.com\/index.php?rest_route=\/wp\/v2\/types\/post"}],"author":[{"embeddable":true,"href":"http:\/\/www.korhanyilmaz.com\/index.php?rest_route=\/wp\/v2\/users\/1"}],"replies":[{"embeddable":true,"href":"http:\/\/www.korhanyilmaz.com\/index.php?rest_route=%2Fwp%2Fv2%2Fcomments&post=25442"}],"version-history":[{"count":0,"href":"http:\/\/www.korhanyilmaz.com\/index.php?rest_route=\/wp\/v2\/posts\/25442\/revisions"}],"wp:attachment":[{"href":"http:\/\/www.korhanyilmaz.com\/index.php?rest_route=%2Fwp%2Fv2%2Fmedia&parent=25442"}],"wp:term":[{"taxonomy":"category","embeddable":true,"href":"http:\/\/www.korhanyilmaz.com\/index.php?rest_route=%2Fwp%2Fv2%2Fcategories&post=25442"},{"taxonomy":"post_tag","embeddable":true,"href":"http:\/\/www.korhanyilmaz.com\/index.php?rest_route=%2Fwp%2Fv2%2Ftags&post=25442"}],"curies":[{"name":"wp","href":"https:\/\/api.w.org\/{rel}","templated":true}]}}