{"id":25437,"date":"2010-09-06T16:59:03","date_gmt":"2010-09-06T13:59:03","guid":{"rendered":"http:\/\/www.korhanyilmaz.com\/?p=25437"},"modified":"2010-09-06T16:59:03","modified_gmt":"2010-09-06T13:59:03","slug":"bu-fotograf-muhalefeti-kuplere-bindirdi","status":"publish","type":"post","link":"http:\/\/www.korhanyilmaz.com\/?p=25437","title":{"rendered":"Bu foto\u011fraf muhalefeti k\u00fcplere bindirdi"},"content":{"rendered":"<p><a href=\"http:\/\/www.korhanyilmaz.com\/wp-content\/uploads\/2010\/09\/105.jpg\"  class=\"lightview\"><img loading=\"lazy\" decoding=\"async\" class=\"aligncenter size-full wp-image-25438\" src=\"http:\/\/www.korhanyilmaz.com\/wp-content\/uploads\/2010\/09\/105.jpg\" alt=\"\" width=\"449\" height=\"220\" \/><\/a><\/p>\n<p style=\"text-align: justify;\">CHP Gaziantep Milletvekili Akif Ekici, eski milli futbolcu ve TRT\u2019de spor yorumu yapan Hakan \u015e\u00fck\u00fcr\u2019\u00fcn Ba\u015fbakan Recep Tayyip Erdo\u011fan&#8217;\u0131n Diyarbak\u0131r gezisinde platforma \u00e7\u0131kmas\u0131yla ilgili soru \u00f6nergesi verdi. <!--more--><\/p>\n<p style=\"text-align: justify;\">Akif Ekici, TBMM Ba\u015fkanl\u0131\u011f\u0131\u2019na Ba\u015fbakan Erdo\u011fan\u2019\u0131n cevapland\u0131r\u0131lmas\u0131 istemiyle verdi\u011fi yaz\u0131l\u0131 soru \u00f6nergesinde, TRT&#8217;nin tarafs\u0131z, do\u011fru, h\u0131zl\u0131 habercilik ve kaliteli yay\u0131nc\u0131l\u0131k ilkeleriyle y\u0131llarca \u00f6rnek yay\u0131nc\u0131l\u0131k yapt\u0131\u011f\u0131n\u0131, bu kurumun AK Parti iktidarlar\u0131 d\u00f6neminde kadrola\u015fma nedeniyle kimli\u011finden h\u0131zla uzakla\u015farak iktidar partisinin yay\u0131n organ\u0131 haline geldi\u011fini ileri s\u00fcrd\u00fc. Ekici, TRT&#8217;nin bu d\u00f6n\u00fc\u015f\u00fcmle birlikte, AK Parti&#8217;ye yak\u0131n \u00e7evrelere y\u00fcksek bedellerle program yapt\u0131rmaya ba\u015flad\u0131\u011f\u0131n\u0131 ileri s\u00fcrerek, \u015f\u00f6yle dedi:<\/p>\n<p style=\"text-align: justify;\">\u201cD\u00fc\u015f\u00fck rating alan bu programlara aktar\u0131lan milyonlar nedeniyle olu\u015fan kurum zarar\u0131 ise, al\u0131nan vergilerle milletin s\u0131rt\u0131ndan kar\u015f\u0131lanmaktad\u0131r. TRT&#8217;de yay\u0131nlanan bir spor program\u0131na yorumcu olarak kat\u0131lan eski futbolcu Hakan \u015e\u00fck\u00fcr&#8217;\u00fcn bir y\u0131lda ald\u0131\u011f\u0131 700 bin TL, kamuoyunda ciddi tepkiye neden olurken gelinen nokta a\u00e7\u0131s\u0131ndan \u00f6nemli bir \u00f6rnek olu\u015fturmaktad\u0131r. Bu futbolcunun, Ba\u015fbakan&#8217;\u0131n Diyarbak\u0131r&#8217;da ge\u00e7ti\u011fimiz g\u00fcnlerde d\u00fczenledi\u011fi mitingde yer almas\u0131 da TRT&#8217;den ald\u0131\u011f\u0131 y\u00fcksek \u00fccrete ba\u011flanm\u0131\u015ft\u0131r.<\/p>\n<p style=\"text-align: justify;\">Bu ger\u00e7ekler \u0131\u015f\u0131\u011f\u0131nda a\u015fa\u011f\u0131daki sorular\u0131n Ba\u015fbakan Erdo\u011fan taraf\u0131ndan cevapland\u0131r\u0131lmas\u0131n\u0131 bekliyorum. Bir devlet televizyonu olan TRT&#8217;de, ratingi \u00e7ok d\u00fc\u015f\u00fck olan bir programa yorumcu olarak kat\u0131lan ve bunun kar\u015f\u0131l\u0131\u011f\u0131nda y\u0131ll\u0131k 700 bin TL \u00f6denen Hakan \u015e\u00fck\u00fcr\u2019\u00fcn AKP mitinglerine kat\u0131lmas\u0131 do\u011fru mudur? Son zamanlarda halk deste\u011fini iyice yitiren AKP, bu deste\u011fi biraz olsun sa\u011flamak i\u00e7in Hakan \u015e\u00fck\u00fcr&#8217;\u00fcn \u00fcn\u00fcnden mi yararlanmak istemektedir? En son AKP Diyarbak\u0131r mitinginde yer almak suretiyle iktidar sempatizan\u0131 oldu\u011funu bir kez daha kan\u0131tlayan Hakan \u015e\u00fck\u00fcr\u2019e, tarafs\u0131z olmas\u0131 gereken devlet televizyonu TRT\u2019de y\u00fcksek \u00fccretler vererek program yapt\u0131r\u0131lmaya devam edilecek midir?\u201d<\/p>\n<p style=\"text-align: justify;\"><a href=\"http:\/\/www.milliyet.com.tr\/bu-fotograf-muhalefeti-kuplere-bindirdi\/siyaset\/sondakika\/07.09.2010\/1285846\/default.htm\" target=\"_blank\"><span style=\"color: #888888;\">Milliyet<\/span><\/a><\/p>\n","protected":false},"excerpt":{"rendered":"<\/p>\n<p style=\"text-align: justify;\">CHP Gaziantep Milletvekili Akif Ekici, eski milli futbolcu ve TRT\u2019de spor yorumu yapan Hakan \u015e\u00fck\u00fcr\u2019\u00fcn Ba\u015fbakan Recep Tayyip Erdo\u011fan&#8217;\u0131n Diyarbak\u0131r gezisinde platforma \u00e7\u0131kmas\u0131yla ilgili soru \u00f6nergesi verdi. <\/p>\n","protected":false},"author":1,"featured_media":0,"comment_status":"open","ping_status":"closed","sticky":false,"template":"","format":"standard","meta":{"footnotes":""},"categories":[105],"tags":[],"class_list":["post-25437","post","type-post","status-publish","format-standard","hentry","category-gundem","odd"],"_links":{"self":[{"href":"http:\/\/www.korhanyilmaz.com\/index.php?rest_route=\/wp\/v2\/posts\/25437","targetHints":{"allow":["GET"]}}],"collection":[{"href":"http:\/\/www.korhanyilmaz.com\/index.php?rest_route=\/wp\/v2\/posts"}],"about":[{"href":"http:\/\/www.korhanyilmaz.com\/index.php?rest_route=\/wp\/v2\/types\/post"}],"author":[{"embeddable":true,"href":"http:\/\/www.korhanyilmaz.com\/index.php?rest_route=\/wp\/v2\/users\/1"}],"replies":[{"embeddable":true,"href":"http:\/\/www.korhanyilmaz.com\/index.php?rest_route=%2Fwp%2Fv2%2Fcomments&post=25437"}],"version-history":[{"count":0,"href":"http:\/\/www.korhanyilmaz.com\/index.php?rest_route=\/wp\/v2\/posts\/25437\/revisions"}],"wp:attachment":[{"href":"http:\/\/www.korhanyilmaz.com\/index.php?rest_route=%2Fwp%2Fv2%2Fmedia&parent=25437"}],"wp:term":[{"taxonomy":"category","embeddable":true,"href":"http:\/\/www.korhanyilmaz.com\/index.php?rest_route=%2Fwp%2Fv2%2Fcategories&post=25437"},{"taxonomy":"post_tag","embeddable":true,"href":"http:\/\/www.korhanyilmaz.com\/index.php?rest_route=%2Fwp%2Fv2%2Ftags&post=25437"}],"curies":[{"name":"wp","href":"https:\/\/api.w.org\/{rel}","templated":true}]}}