{"id":25430,"date":"2010-09-07T01:04:34","date_gmt":"2010-09-06T22:04:34","guid":{"rendered":"http:\/\/www.korhanyilmaz.com\/?p=25430"},"modified":"2010-09-07T01:04:34","modified_gmt":"2010-09-06T22:04:34","slug":"tokadiniz-okyanus-otesinden-duyulsun","status":"publish","type":"post","link":"http:\/\/www.korhanyilmaz.com\/?p=25430","title":{"rendered":"Tokad\u0131n\u0131z okyanus \u00f6tesinden duyulsun"},"content":{"rendered":"<p style=\"text-align: center;\"><a href=\"http:\/\/www.korhanyilmaz.com\/wp-content\/uploads\/2010\/09\/102.jpg\"  class=\"lightview\"><img loading=\"lazy\" decoding=\"async\" class=\"aligncenter size-full wp-image-25431\" src=\"http:\/\/www.korhanyilmaz.com\/wp-content\/uploads\/2010\/09\/102.jpg\" alt=\"\" width=\"398\" height=\"236\" \/><\/a><\/p>\n<p style=\"text-align: justify;\">CHP lideri K\u0131l\u0131\u00e7daro\u011flu, \u00f6nce Manisa\u2019da daha sonra da 60 bin ki\u015fiye seslendi\u011fi \u0130zmir G\u00fcndo\u011fan Meydan\u0131\u2019ndan h\u00fck\u00fcmete \u00e7ok sert ele\u015ftiriler getirdi. CHP Genel Ba\u015fkan\u0131 konu\u015fmas\u0131nda, ABD\u2019de bulunan Fethullah G\u00fclen\u2019e de mesaj g\u00f6nderdi.<!--more--><\/p>\n<p style=\"text-align: justify;\">CHP Genel Ba\u015fkan\u0131 Kemal K\u0131l\u0131\u00e7daro\u011flu, d\u00fcn \u0130zmir G\u00fcndo\u011fan Meydan\u0131\u2019nda d\u00fczenlenen mitingte 60 bin ki\u015fiye seslendi. \u0130sim vermeden ABD\u2019de de ya\u015fayan cemaat  lideri Fettullah G\u00fclen\u2019e mesaj g\u00f6nderen K\u0131l\u0131\u00e7daro\u011flu, \u201cAKP iktidar\u0131nda \u2019hay\u0131r\u2019 demek su\u00e7. \u2019Hay\u0131r\u2019 diyene bask\u0131 kuruyorlar. \u0130\u015f\u00e7ilere, memurlara, sade vatanda\u015fa. Ama meraklanmay\u0131n 12 Eyl\u00fcl geliyor. \u0130lk tokad\u0131 siz atacaks\u0131n\u0131z. \u0130lk tokad\u0131 at\u0131n, okyanus \u00f6tesinden de duyulsun bu tokat\u201d dedi. Konu\u015fmas\u0131nda sanat\u00e7\u0131lara da seslenen K\u0131l\u0131\u00e7daro\u011flu, \u201cMevcut anayasada varolan haklar\u0131n yurtta\u015flar\u0131n ve  sendikalar\u0131n elinden al\u0131nmas\u0131n\u0131 hangi sanat\u00e7\u0131 kabul edebilir. Ayd\u0131n kimli\u011finizi ortaya koyun. Haklar geni\u015fletiliyorsa evet, daralt\u0131l\u0131yorsa hay\u0131r\u201d diye konu\u015ftu.<\/p>\n<p style=\"text-align: center;\"><a href=\"http:\/\/www.korhanyilmaz.com\/wp-content\/uploads\/2010\/09\/104.jpeg\"  class=\"lightview\"><img loading=\"lazy\" decoding=\"async\" class=\"aligncenter size-full wp-image-25434\" src=\"http:\/\/www.korhanyilmaz.com\/wp-content\/uploads\/2010\/09\/104.jpeg\" alt=\"\" width=\"469\" height=\"298\" \/><\/a><\/p>\n<p style=\"text-align: justify;\">K\u0131l\u0131\u00e7daro\u011flu konu\u015fmas\u0131na \u015f\u00f6yle devam etti: \u201c\u00d6yle bir d\u00fczen kurdular ki, daha yeni \u00fc\u00e7 tane gen\u00e7 bayan \u0130stanbul\u2019da hay\u0131r bildirisi da\u011f\u0131t\u0131yor, \u00fc\u00e7\u00fc de AKP\u2019lilerin sald\u0131r\u0131s\u0131na u\u011fruyor. Biz g\u00fc\u00e7lendik\u00e7e AKP\u2019nin alt\u0131ndan zemin kayd\u0131k\u00e7a bunlar \u015fiddetlenecek, bask\u0131lar artacak\u201d diye konu\u015ftu.<\/p>\n<p style=\"text-align: justify;\">Ramazan\u2019da \u2018evet\u201d kampanyas\u0131 i\u00e7in kurulan iftar \u00e7ad\u0131rlar\u0131na tepki g\u00f6steren K\u0131l\u0131\u00e7daro\u011flu, insanlar\u0131n dini duygular\u0131n\u0131 istismar edildi\u011fini belirterek \u201cDini duygular\u0131 s\u00f6m\u00fcrmedik, s\u00f6m\u00fcrmeyece\u011fiz, Receple\u015fmeyece\u011fiz, halk\u0131n inanc\u0131na sayg\u0131 g\u00f6sterece\u011fiz\u201d dedi.<\/p>\n<p style=\"text-align: justify;\"><strong>\u2018Ma\u011fdur edebiyat\u0131 yapma\u2019<\/strong><\/p>\n<p style=\"text-align: justify;\">CHP lideri \u0130zmir\u2019den \u00f6nce kat\u0131ld\u0131\u011f\u0131 Manisa mitinginde de h\u00fck\u00fcmeti ve Ba\u015fbakan Erdo\u011fan\u2019\u0131 hedef ald\u0131.<\/p>\n<p style=\"text-align: justify;\">Erdo\u011fan\u2019\u0131n \u201cMenderes\u2019in kefenini giydik s\u00f6zlerine at\u0131fta bulunan\u201d K\u0131l\u0131\u00e7daro\u011flu, \u201cSeni asaca\u011f\u0131z m\u0131 dedik? Sen Mesut Y\u0131lmaz\u2019\u0131 Y\u00fcce Divan\u2019a g\u00f6nderirken Menderes\u2019in kefeni yok muydu? Ma\u011fdur edebiyat\u0131 yapma diye konu\u015ftu.<\/p>\n<p style=\"text-align: justify;\">\n<p style=\"text-align: justify;\">Manisa\u2019daki S\u00fcmerbank\u2019\u0131n 4 trilyona al\u0131n\u0131p, 52 trilyona sat\u0131ld\u0131\u011f\u0131n\u0131 da ifade eden K\u0131l\u0131\u00e7daro\u011flu, \u015funlar\u0131 kaydetti:<\/p>\n<p style=\"text-align: justify;\">\u201cBurada S\u00fcmerbank\u2019\u0131n yeri vard\u0131 de\u011fil mi? Birileri mal\u0131 g\u00f6t\u00fcrd\u00fc buradan de\u011fil mi? Kul hakk\u0131n\u0131n hesab\u0131n\u0131 ille de iktidara gelece\u011fiz soraca\u011f\u0131z diye de\u011fil. Hayat\u0131n her alan\u0131nda soraca\u011f\u0131z. S\u00fcmerbank\u2019\u0131 4 trilyona \u00f6zelle\u015ftirdiler. \u00c7o\u011funlu\u011funu AKP\u2019li bir grup ald\u0131.<\/p>\n<p style=\"text-align: justify;\">Fazla de\u011fil bir s\u00fcre sonra y\u00fczde 90\u2019\u0131n\u0131 52 trilyona satt\u0131lar 4 trilyon nere, 52 tirlyon nere? Ba\u015fta B\u00fclent Ar\u0131n\u00e7 olmak \u00fczere t\u00fcm Manisa milletvekillerine soruyorum. Dindar, ahlakl\u0131, ge\u00e7iniyorsunuz. D\u00f6rt trilyona al\u0131nan bir yerin bir s\u00fcre sonra 52 triyona sat\u0131lmas\u0131 hangi vicdana hangi imana s\u0131\u011far? Yetki g\u00fc\u00e7 verin g\u00f6receksiniz ki bunlar\u0131n maskelerini indirece\u011fim. \u201d<\/p>\n<p style=\"text-align: center;\"><a href=\"http:\/\/www.korhanyilmaz.com\/wp-content\/uploads\/2010\/09\/1031.jpeg\"  class=\"lightview\"><img loading=\"lazy\" decoding=\"async\" class=\"aligncenter size-full wp-image-25433\" src=\"http:\/\/www.korhanyilmaz.com\/wp-content\/uploads\/2010\/09\/1031.jpeg\" alt=\"\" width=\"486\" height=\"210\" \/><\/a><\/p>\n<p style=\"text-align: justify;\">Manisa\u2019da yakla\u015f\u0131k 15 bin ki\u015fiye konu\u015fan K\u0131l\u0131\u00e7daro\u011flu, \u0130zmir\u2019de G\u00fcndo\u011fdu meydan\u0131n\u0131n tamam\u0131n\u0131 dolduran se\u00e7menlere seslendi.<\/p>\n<p style=\"text-align: justify;\"><a href=\"http:\/\/www.milliyet.com.tr\/tokadiniz-okyanus-otesinden-duyulsun\/siyaset\/haberdetay\/07.09.2010\/1286065\/default.htm\" target=\"_blank\"><span style=\"color: #888888;\">Milliyet<\/span><\/a><\/p>\n","protected":false},"excerpt":{"rendered":"<p style=\"text-align: center;\">\n<p style=\"text-align: justify;\">CHP lideri K\u0131l\u0131\u00e7daro\u011flu, \u00f6nce Manisa\u2019da daha sonra da 60 bin ki\u015fiye seslendi\u011fi \u0130zmir G\u00fcndo\u011fan Meydan\u0131\u2019ndan h\u00fck\u00fcmete \u00e7ok sert ele\u015ftiriler getirdi. CHP Genel Ba\u015fkan\u0131 konu\u015fmas\u0131nda, ABD\u2019de bulunan Fethullah G\u00fclen\u2019e de mesaj g\u00f6nderdi.<\/p>\n","protected":false},"author":1,"featured_media":0,"comment_status":"open","ping_status":"closed","sticky":false,"template":"","format":"standard","meta":{"footnotes":""},"categories":[105],"tags":[],"class_list":["post-25430","post","type-post","status-publish","format-standard","hentry","category-gundem","odd"],"_links":{"self":[{"href":"http:\/\/www.korhanyilmaz.com\/index.php?rest_route=\/wp\/v2\/posts\/25430","targetHints":{"allow":["GET"]}}],"collection":[{"href":"http:\/\/www.korhanyilmaz.com\/index.php?rest_route=\/wp\/v2\/posts"}],"about":[{"href":"http:\/\/www.korhanyilmaz.com\/index.php?rest_route=\/wp\/v2\/types\/post"}],"author":[{"embeddable":true,"href":"http:\/\/www.korhanyilmaz.com\/index.php?rest_route=\/wp\/v2\/users\/1"}],"replies":[{"embeddable":true,"href":"http:\/\/www.korhanyilmaz.com\/index.php?rest_route=%2Fwp%2Fv2%2Fcomments&post=25430"}],"version-history":[{"count":0,"href":"http:\/\/www.korhanyilmaz.com\/index.php?rest_route=\/wp\/v2\/posts\/25430\/revisions"}],"wp:attachment":[{"href":"http:\/\/www.korhanyilmaz.com\/index.php?rest_route=%2Fwp%2Fv2%2Fmedia&parent=25430"}],"wp:term":[{"taxonomy":"category","embeddable":true,"href":"http:\/\/www.korhanyilmaz.com\/index.php?rest_route=%2Fwp%2Fv2%2Fcategories&post=25430"},{"taxonomy":"post_tag","embeddable":true,"href":"http:\/\/www.korhanyilmaz.com\/index.php?rest_route=%2Fwp%2Fv2%2Ftags&post=25430"}],"curies":[{"name":"wp","href":"https:\/\/api.w.org\/{rel}","templated":true}]}}