{"id":25427,"date":"2010-09-06T22:57:42","date_gmt":"2010-09-06T19:57:42","guid":{"rendered":"http:\/\/www.korhanyilmaz.com\/?p=25427"},"modified":"2010-09-06T22:57:42","modified_gmt":"2010-09-06T19:57:42","slug":"kilicdaroglunun-hedefi-evetci-sanatcilar","status":"publish","type":"post","link":"http:\/\/www.korhanyilmaz.com\/?p=25427","title":{"rendered":"K\u0131l\u0131\u00e7daro\u011flu&#8217;nun hedefi &#8220;evet&#8221;\u00e7i sanat\u00e7\u0131lar"},"content":{"rendered":"<p><a href=\"http:\/\/www.korhanyilmaz.com\/wp-content\/uploads\/2010\/09\/101.jpg\"  class=\"lightview\"><img loading=\"lazy\" decoding=\"async\" class=\"aligncenter size-full wp-image-25428\" src=\"http:\/\/www.korhanyilmaz.com\/wp-content\/uploads\/2010\/09\/101.jpg\" alt=\"\" width=\"292\" height=\"202\" \/><\/a><\/p>\n<p style=\"text-align: justify;\">CHP lideri Kemal K\u0131l\u0131\u00e7daro\u011flu, \u0130zmir&#8217;de halka seslendi. K\u0131l\u0131\u00e7daro\u011flu&#8217;nu G\u00fcndo\u011fdu meydan\u0131nda co\u015fkulu bir kalabal\u0131k kar\u015f\u0131lad\u0131. CHP lideri, Ba\u015fbakan Erdo\u011fan&#8217;\u0131 hedef ald\u0131 ve referanduma &#8220;evet&#8221; diyece\u011fini a\u00e7\u0131klayan sanat\u00e7\u0131lara seslendi.<\/p>\n<p style=\"text-align: justify;\">CHP lideri K\u0131l\u0131\u00e7daro\u011flu, referandum mitinglerine \u0130zmir&#8217;de devam etti. Mitingin yap\u0131laca\u011f\u0131 G\u00fcndo\u011fdu meydan\u0131 doldu ta\u015ft\u0131. <!--more--><\/p>\n<p style=\"text-align: justify;\">K\u0131l\u0131\u00e7daro\u011flu miting alan\u0131na deniz yoluyla geldi. Mitinge baz\u0131 sanat\u00e7\u0131lar\u0131n yan\u0131 s\u0131ra D\u0130SK Ba\u015fkan\u0131 S\u00fcleyman \u00c7elebi de kat\u0131ld\u0131.<\/p>\n<p style=\"text-align: justify;\">Kalabal\u0131\u011fa seslenen K\u0131l\u0131\u00e7daro\u011flu, referandumda &#8220;evet&#8221; diyece\u011fini a\u00e7\u0131klayan sanat\u00e7\u0131lara seslendi.<\/p>\n<p style=\"text-align: justify;\">CHP liderinin hedefinde Ba\u015fbakan Erdo\u011fan vard\u0131. K\u0131l\u0131\u00e7daro\u011flu, &#8220;Anayasay\u0131 televizyonda tart\u0131\u015fal\u0131m&#8221; \u00f6nerisini tekrarlad\u0131.<\/p>\n<p style=\"text-align: justify;\">K\u0131l\u0131\u00e7daro\u011flu, &#8220;CHP en \u00e7ok sahilden oy topluyor&#8221; diyen Erdo\u011fan&#8217;\u0131 ele\u015ftirdi. CHP lideri, s\u00f6z\u00fc Erdo\u011fan&#8217;\u0131n malvarl\u0131\u011f\u0131na getirdi.<\/p>\n<p style=\"text-align: justify;\">K\u0131l\u0131\u00e7daro\u011flu \u0130zmirlilerden &#8220;hay\u0131r&#8221; oyu istedi.<\/p>\n<p style=\"text-align: justify;\"><strong>Manisa&#8217;da da konu\u015ftu <\/strong><\/p>\n<p style=\"text-align: justify;\">K\u0131l\u0131\u00e7daro\u011flu, partisinin Manisa Sultan Meydan\u0131&#8217;ndaki &#8220;hay\u0131r&#8221; mitinginde de halka hitap etti.<\/p>\n<p style=\"text-align: justify;\">\u0130ktidar\u0131n 8 y\u0131ld\u0131r &#8220;yan gelip yatt\u0131\u011f\u0131n\u0131&#8221; \u00f6ne s\u00fcren K\u0131l\u0131\u00e7daro\u011flu, &#8220;Yedin, yedin doymad\u0131n, hala m\u0131 doymad\u0131n? \u00c7\u00fcnk\u00fc biz diyoruz ki her \u00fcr\u00fcn\u00fcn arkas\u0131nda bir al\u0131n teri vard\u0131r. E\u011fer \u00e7ift\u00e7i sabah\u0131n k\u00f6r\u00fcnde tarlaya gidiyorsa, emek harc\u0131yorsa, bir al\u0131n teri, emek vard\u0131r. E\u011fer \u00e7ift\u00e7iyi siz \u00fcretti\u011fi i\u00e7in cezaland\u0131r\u0131rsan\u0131z, d\u00fcnyan\u0131n en pahal\u0131 mazotunu, g\u00fcbresini, elektri\u011fini \u00e7it\u00e7iye sat\u0131p, \u00fcr\u00fcn\u00fcn\u00fc ayn\u0131 de\u011ferde almazsan\u0131z, \u00e7ift\u00e7imiz bir s\u00fcre sonra, &#8216;Art\u0131k bir \u015fey yapam\u0131yorum, \u00fcretemiyorum&#8217; der. &#8216;Al\u0131n terimin de\u011feri kalmad\u0131&#8217; diyor. Bunu Recep Bey duyar m\u0131, duyabilir mi? Recep Bey duyamaz, onun derdi ba\u015fka. Onun derdi \u00e7ift\u00e7i de\u011fil, onun derdi \u00fcretici, esnaf de\u011fil&#8221; dedi.<\/p>\n<p style=\"text-align: justify;\">CHP lideri, &#8220;Referanduma getirdi\u011fi anayasa de\u011fi\u015fikli\u011fi. Bu anayasa de\u011fi\u015fikli\u011fi \u00e7ift\u00e7inin derdine, emeklinin derdine derman m\u0131? \u0130\u015f\u00e7inin derdini \u00e7\u00f6z\u00fcyor mu, esnaf\u0131n derdini \u00e7\u00f6z\u00fcyor mu? Peki bu anayasa de\u011fi\u015fikli\u011fi kimin derdini \u00e7\u00f6z\u00fcyor? Recep Bey&#8217;in derdini \u00e7\u00f6z\u00fcyor. Recep Bey ne diyordu, &#8216;Ben cumhurba\u015fkan\u0131 atar\u0131m, meclis ba\u015fkan\u0131 atar\u0131m, vali, kaymakam atar\u0131m, emniyet m\u00fcd\u00fcrlerini atar\u0131m, defterdarlar\u0131 atar\u0131m ama hakim atayam\u0131yorum&#8217; diyor. \u015eimdi &#8216;Bana yetki verin&#8217; diyor, &#8216;Ben yarg\u0131\u00e7lar\u0131 da tayin edece\u011fim&#8217; diyor. Buna izin verecek misiniz? Siz izin vermiyorsunuz, bu \u00fclkenin d\u00fcr\u00fcst insanlar\u0131 izin vermiyor. G\u00f6nl\u00fc demokrasiden yana olanlar izin vermiyor, ama kulaklar\u0131 duymayan AB yetkilileri, &#8216;Ne iyi yap\u0131yorsun&#8217; diyor, onlar\u0131 da k\u0131n\u0131yoruz buradan&#8221; dedi.<\/p>\n<p style=\"text-align: justify;\"><a href=\"http:\/\/www.cnnturk.com\/2010\/turkiye\/09\/06\/kilicdaroglunun.hedefi.evetci.sanatcilar\/588968.0\/index.html\" target=\"_blank\"><span style=\"color: #888888;\">CNN T\u00dcRK<\/span><\/a><\/p>\n","protected":false},"excerpt":{"rendered":"<\/p>\n<p style=\"text-align: justify;\">CHP lideri Kemal K\u0131l\u0131\u00e7daro\u011flu, \u0130zmir&#8217;de halka seslendi. K\u0131l\u0131\u00e7daro\u011flu&#8217;nu G\u00fcndo\u011fdu meydan\u0131nda co\u015fkulu bir kalabal\u0131k kar\u015f\u0131lad\u0131. CHP lideri, Ba\u015fbakan Erdo\u011fan&#8217;\u0131 hedef ald\u0131 ve referanduma &#8220;evet&#8221; diyece\u011fini a\u00e7\u0131klayan sanat\u00e7\u0131lara seslendi.<\/p>\n<p style=\"text-align: justify;\">CHP lideri K\u0131l\u0131\u00e7daro\u011flu, referandum mitinglerine \u0130zmir&#8217;de devam etti. Mitingin yap\u0131laca\u011f\u0131 G\u00fcndo\u011fdu meydan\u0131 doldu ta\u015ft\u0131. <\/p>\n","protected":false},"author":1,"featured_media":0,"comment_status":"open","ping_status":"closed","sticky":false,"template":"","format":"standard","meta":{"footnotes":""},"categories":[105],"tags":[],"class_list":["post-25427","post","type-post","status-publish","format-standard","hentry","category-gundem","odd"],"_links":{"self":[{"href":"http:\/\/www.korhanyilmaz.com\/index.php?rest_route=\/wp\/v2\/posts\/25427","targetHints":{"allow":["GET"]}}],"collection":[{"href":"http:\/\/www.korhanyilmaz.com\/index.php?rest_route=\/wp\/v2\/posts"}],"about":[{"href":"http:\/\/www.korhanyilmaz.com\/index.php?rest_route=\/wp\/v2\/types\/post"}],"author":[{"embeddable":true,"href":"http:\/\/www.korhanyilmaz.com\/index.php?rest_route=\/wp\/v2\/users\/1"}],"replies":[{"embeddable":true,"href":"http:\/\/www.korhanyilmaz.com\/index.php?rest_route=%2Fwp%2Fv2%2Fcomments&post=25427"}],"version-history":[{"count":0,"href":"http:\/\/www.korhanyilmaz.com\/index.php?rest_route=\/wp\/v2\/posts\/25427\/revisions"}],"wp:attachment":[{"href":"http:\/\/www.korhanyilmaz.com\/index.php?rest_route=%2Fwp%2Fv2%2Fmedia&parent=25427"}],"wp:term":[{"taxonomy":"category","embeddable":true,"href":"http:\/\/www.korhanyilmaz.com\/index.php?rest_route=%2Fwp%2Fv2%2Fcategories&post=25427"},{"taxonomy":"post_tag","embeddable":true,"href":"http:\/\/www.korhanyilmaz.com\/index.php?rest_route=%2Fwp%2Fv2%2Ftags&post=25427"}],"curies":[{"name":"wp","href":"https:\/\/api.w.org\/{rel}","templated":true}]}}